{"id":23402,"date":"2024-04-18T17:19:06","date_gmt":"2024-04-18T20:19:06","guid":{"rendered":"https:\/\/ejornais.com.br\/index.php\/2024\/04\/18\/prefeitura-do-rio-investe-em-iniciativas-voltadas-para-a-inovacao-e-tecnologia-prefeitura-da-cidade-do-rio-de-janeiro\/"},"modified":"2024-04-18T17:19:06","modified_gmt":"2024-04-18T20:19:06","slug":"prefeitura-do-rio-investe-em-iniciativas-voltadas-para-a-inovacao-e-tecnologia-prefeitura-da-cidade-do-rio-de-janeiro","status":"publish","type":"post","link":"https:\/\/ejornais.com.br\/index.php\/2024\/04\/18\/prefeitura-do-rio-investe-em-iniciativas-voltadas-para-a-inovacao-e-tecnologia-prefeitura-da-cidade-do-rio-de-janeiro\/","title":{"rendered":"Prefeitura do Rio investe em iniciativas voltadas para a inova\u00e7\u00e3o e tecnologia &#8211; Prefeitura da Cidade do Rio de Janeiro"},"content":{"rendered":"<p><\/p>\n<div wp_automatic_readability=\"163.2679944095\">\n<div class=\"image-post\" wp_automatic_readability=\"32\">\n                     Porto Maravalley \u00e9 o novo hub de inova\u00e7\u00e3o e tecnologia da cidade &#8211;  Marcelo Piu\/Prefeitura do Rio                  <\/div>\n<p>A cidade do Rio de Janeiro tem dado passos cada vez mais largos para se tornar a capital da inova\u00e7\u00e3o na Am\u00e9rica Latina. \u00a0A Prefeitura vem trabalhando na inclus\u00e3o digital dos cariocas, com iniciativas como a cria\u00e7\u00e3o do Porto Maravalley e do projeto \u00a0Programadores Cariocas, assim como a constru\u00e7\u00e3o dos Gin\u00e1sios Educacionais Tecnol\u00f3gicos (GETs). Al\u00e9m disso, o munic\u00edpio conquistou o direito de ser a sede, at\u00e9 2028, do Web Summit, um dos maiores eventos de inova\u00e7\u00e3o e tecnologia do mundo. E, em parceria com o governo federal, inaugurou recentemente a Faculdade da Matem\u00e1tica \u2013 IMPA Tech, primeira gradua\u00e7\u00e3o do Instituto de Matem\u00e1tica Pura e Aplicada (IMPA).<\/p>\n<p>Confira os detalhes de cada uma dessas iniciativas:<\/p>\n<p>\u00a0<\/p>\n<p><strong>Porto Maravalley <\/strong><\/p>\n<p>O Porto Maravalley, ou POMAR, \u00e9 o novo hub de inova\u00e7\u00e3o e tecnologia criado pela Prefeitura do Rio, por meio da Secretaria de Desenvolvimento Urbano e Econ\u00f4mico (SMDUE), da Invest.Rio e da Companhia Carioca de Parcerias e Investimentos (CCPar). A ideia \u00e9 reunir o conhecimento gerado por institui\u00e7\u00f5es de ensino e centros de pesquisas com as empresas de tecnologia para criar densidade no setor e gerar mais neg\u00f3cios para a cidade, transformando o Rio na capital da Inova\u00e7\u00e3o da Am\u00e9rica Latina. Al\u00e9m disso, deve movimentar a regi\u00e3o do Porto Maravilha, revitalizada, com mais moradores e iniciativas para que a cidade cres\u00e7a nessa regi\u00e3o central.<\/p>\n<p>Com impacto de m\u00e9dio e longo prazo, com o Porto Maravalley a Prefeitura pretende formar os melhores profissionais do pa\u00eds em ci\u00eancias matem\u00e1ticas, atrair investimentos e reter talentos. \u00a0Por exemplo, os alunos que se capacitarem no IMPA Tech, com forma\u00e7\u00e3o te\u00f3rica e pr\u00e1tica s\u00f3lida em matem\u00e1tica da tecnologia e inova\u00e7\u00e3o, estar\u00e3o no mesmo ambiente em que empresas do setor, com mais chances de desenvolver suas habilidades.<\/p>\n<p>O espa\u00e7o ter\u00e1 a gest\u00e3o do Rio Energy Bay (REB) \u2013 resultado de um programa do MIT REAP (Instituto de Tecnologia de Massachusetts) que visa o desenvolvimento e acelera\u00e7\u00e3o locais, com foco em inova\u00e7\u00e3o e tecnologia. Essa foi a primeira vez que uma cidade brasileira participou da iniciativa.<\/p>\n<p>\u00a0<\/p>\n<p><strong>Impa Tech<\/strong><\/p>\n<p>A Faculdade da Matem\u00e1tica \u2013 IMPA Tech, primeira gradua\u00e7\u00e3o do Instituto de Matem\u00e1tica Pura e Aplicada (IMPA) foi constru\u00edda em um galp\u00e3o do Porto Maravalley, na Zona Portu\u00e1ria. S\u00e3o mais de 10 mil m\u00b2 dedicados \u00e0 educa\u00e7\u00e3o de ponta e inova\u00e7\u00e3o em hub de empresas de tecnologia. S\u00e3o 13 salas de aula e oito laborat\u00f3rios, al\u00e9m de biblioteca, audit\u00f3rio, salas de estudo e espa\u00e7o de uso comum.<\/p>\n<p>A gradua\u00e7\u00e3o ser\u00e1 100% gratuita para alunos selecionados em todo o Brasil, que contar\u00e3o com ajuda de custo e alojamento, nos apartamentos comprados pela Prefeitura do Rio, localizados pr\u00f3ximos \u00e0 faculdade. Eles estudar\u00e3o por quatro anos \u2013 o bacharelado em Matem\u00e1tica da Tecnologia e Inova\u00e7\u00e3o inicia com um ciclo b\u00e1sico de um ano e meio. Ap\u00f3s esse per\u00edodo, os estudantes escolhem em qual das quatro \u00eanfases pretendem seguir: Matem\u00e1tica, Ci\u00eancia da Computa\u00e7\u00e3o, Ci\u00eancia de Dados e F\u00edsica.<\/p>\n<p>Para a sele\u00e7\u00e3o dos alunos, foi considerado o desempenho em cinco olimp\u00edadas do conhecimento, como a OBMEP (Olimp\u00edada Brasileira de Matem\u00e1tica das Escolas P\u00fablicas), que \u00e9 a maior do pa\u00eds e conta com a participa\u00e7\u00e3o de 18 milh\u00f5es de estudantes, al\u00e9m da nota de matem\u00e1tica do Enem e entrevistas.<\/p>\n<p>A Prefeitura do Rio investiu R$ 45 milh\u00f5es em obras e compra dos equipamentos, al\u00e9m de garantir moradia para os alunos com um aporte de mais R$ 45 milh\u00f5es em compra de 67 apartamentos de tr\u00eas quartos no Porto e de estadia tempor\u00e1ria em hotel do entorno. J\u00e1 a Uni\u00e3o vai investir at\u00e9 R$ 18,7 milh\u00f5es em 2024, nos cursos de Matem\u00e1tica, F\u00edsica, Ci\u00eancia da Computa\u00e7\u00e3o e Ci\u00eancia de Dados.<\/p>\n<p>\u00a0<\/p>\n<p><strong>Web Summit<\/strong><\/p>\n<p>Pelo segundo ano consecutivo, a cidade abrigou o Web Summit Rio, um dos maiores eventos de inova\u00e7\u00e3o e tecnologia do mundo. Durante quatro dias, o evento no Riocentro reuniu cerca de 30 mil pessoas, de mais de 100 nacionalidades diferentes. Entre elas, milhares de l\u00edderes empresariais e representantes de gigantes da tecnologia de todo o mundo, impulsionando a economia local e o ecossistema de inova\u00e7\u00e3o.<\/p>\n<p>A cidade vai sediar mais quatro edi\u00e7\u00f5es do Web Summit Rio e a expectativa da Prefeitura \u00e9 que o evento movimente R$ 1,5 bilh\u00e3o na economia carioca at\u00e9 2028.<\/p>\n<p>Na segunda edi\u00e7\u00e3o do Web Summit, a Prefeitura conta com um estande da Invest.Rio, a ag\u00eancia de atra\u00e7\u00e3o de investimentos da cidade. Uma das atra\u00e7\u00f5es do estande \u00e9 o Sandbox.Rio Corner, um espa\u00e7o dedicado \u00e0 exibi\u00e7\u00e3o de projetos j\u00e1 aprovados nesse programa realizado por interm\u00e9dio da Secretaria Municipal de Desenvolvimento Urbano e Econ\u00f4mico (SMDUE). O programa \u00e9 reconhecido pela Organiza\u00e7\u00e3o para a Coopera\u00e7\u00e3o e Desenvolvimento Econ\u00f4mico (OCDE) e pelo Tribunal de Contas da Uni\u00e3o como refer\u00eancia no Brasil. O Sandbox.Rio elimina barreiras \u00e0 entrada de inova\u00e7\u00e3o na cidade, que em breve ganhar\u00e1 um ponto de drone para entrega de cerveja e um eletroposto em \u00e1rea p\u00fablica e exclusivo para o abastecimento de carros el\u00e9tricos, ambos na Barra da Tijuca, na Zona Oeste.<\/p>\n<p>\u00a0<\/p>\n<p><strong>Gin\u00e1sio Experimental Tecnol\u00f3gico (GET)<\/strong><\/p>\n<p>Desde o in\u00edcio de 2022, a Prefeitura do Rio decidiu investir em um novo modelo de ensino e criou o Gin\u00e1sio Experimental Tecnol\u00f3gico (GET), que oferece uma educa\u00e7\u00e3o mais s\u00f3lida em ci\u00eancias matem\u00e1ticas e visa preparar os estudantes para as profiss\u00f5es atuais e do futuro. O modelo de escola p\u00fablica mais inovador do pa\u00eds segue a abordagem STEAM (Ci\u00eancia, Tecnologia, Engenharia, Artes e Matem\u00e1tica), em tempo integral, com atividades das 7h30 \u00e0s 14h30.<\/p>\n<p>O GET tem por objetivo potencializar o desenvolvimento de novas compet\u00eancias e habilidades, oferecendo aos alunos a possibilidade de realizar projetos de forma interdisciplinar para al\u00e9m do livro did\u00e1tico. As escolas contam com laborat\u00f3rios maker. Tudo para que o estudante consiga desenvolver projetos pr\u00f3prios e aprender colocando a m\u00e3o na massa, ao tempo que impacta o entorno escolar.<\/p>\n<p>J\u00e1 foram inaugurados mais de 100 Gin\u00e1sios Educacionais Tecnol\u00f3gicos, atendendo a mais de 50 mil alunos. A previs\u00e3o \u00e9 que, at\u00e9 o fim de 2024, a rede municipal de ensino tenha 200 unidades deste novo modelo de escola. S\u00e3o atendidos alunos de todas as idades e de todas as regi\u00f5es da cidade, promovendo uma educa\u00e7\u00e3o p\u00fablica de qualidade e integrada ao mundo contempor\u00e2neo.<\/p>\n<p>\u00a0<\/p>\n<p><strong>Programadores Cariocas<\/strong><\/p>\n<p>O projeto Programadores Cariocas \u00e9 uma pol\u00edtica p\u00fablica para formar e qualificar jovens em situa\u00e7\u00e3o de vulnerabilidade social na \u00e1rea de programa\u00e7\u00e3o junto \u00e0s institui\u00e7\u00f5es de ensino previamente selecionadas. \u00c9 destinado a refugiados e egressos do ensino p\u00fablico com ensino m\u00e9dio completo, com prioridade para negros, mulheres e trans.<\/p>\n<p>J\u00e1 foram formados 750 alunos. Al\u00e9m de bolsa (integral ou parcial), o Programadores Cariocas tamb\u00e9m oferece dois aux\u00edlios para todos os jovens matriculados: um financeiro de R$ 500 por m\u00eas e um computador. O curso \u00e9 exclusivamente presencial e tem dura\u00e7\u00e3o de seis meses (400 horas).<\/p>\n<p>O Programadores Cariocas tem o objetivo de oferecer oportunidade de entrada no mercado de trabalho para os jovens mais vulner\u00e1veis. Al\u00e9m disso, tamb\u00e9m contribui para reduzir o d\u00e9ficit de profissionais qualificados na \u00e1rea de linguagens de programa\u00e7\u00e3o e minimizar desigualdades sociais.<\/p>\n<p>Para se matricular, \u00e9 necess\u00e1rio ser residente na cidade do Rio de Janeiro, ter entre 17 e 29 anos, ensino m\u00e9dio completo e ser oriundo da rede p\u00fablica de ensino. As vagas s\u00e3o preenchidas pelas pessoas que comprovem ser vulner\u00e1veis, com base no \u00cdndice de Desenvolvimento Social (IDS) calculado pelo Instituto Pereira Passos (IPP). Os refugiados n\u00e3o precisam ser oriundos de escola p\u00fablica e nem mesmo estar dentro do IDS.<\/p>\n<p>             <!-- Compartilhe ---><\/p>\n<p>\t\t\t <!-- TAGS --><\/p>\n<section class=\"category-tags\">\n<div class=\"marcacao-category\">\n<article class=\"category-post\">\n<p>Categoria: <\/p>\n<\/article>\n<li>18 de abril de 2024<\/li><\/div>\n<article class=\"tags\">\n\t\t\t\t\tMarca\u00e7\u00f5es: GET IMPA Tech Inova\u00e7\u00e3o Porto Maravalley Prefeitura do Rio Web Summit<br \/><\/article>\n<\/section>\n<p>            <!-- Mais Not&iacute;cias --><\/p>\n<p>\t\t<!-- Conte&uacute;do SIDEBAR --><\/p><\/div>\n","protected":false},"excerpt":{"rendered":"<p>Porto Maravalley \u00e9 o novo hub de inova\u00e7\u00e3o e tecnologia da cidade &#8211; Marcelo Piu\/Prefeitura do Rio A cidade do<\/p>\n","protected":false},"author":1,"featured_media":0,"comment_status":"open","ping_status":"open","sticky":false,"template":"","format":"standard","meta":{"colormag_page_container_layout":"default_layout","colormag_page_sidebar_layout":"default_layout","footnotes":""},"categories":[1],"tags":[],"class_list":["post-23402","post","type-post","status-publish","format-standard","hentry","category-ejornais"],"aioseo_notices":[],"aioseo_head":"\n\t\t<!-- All in One SEO 5.0.1.1 - aioseo.com -->\n\t<meta name=\"description\" content=\"Porto Maravalley \u00e9 o novo hub de inova\u00e7\u00e3o e tecnologia da cidade - Marcelo Piu\/Prefeitura do Rio A cidade do Rio de Janeiro tem dado passos cada vez mais largos para se tornar a capital da inova\u00e7\u00e3o na Am\u00e9rica Latina. A Prefeitura vem trabalhando na inclus\u00e3o digital dos cariocas, com iniciativas como a cria\u00e7\u00e3o do\" \/>\n\t<meta name=\"robots\" content=\"max-image-preview:large\" \/>\n\t<link rel=\"canonical\" href=\"https:\/\/ejornais.com.br\/index.php\/2024\/04\/18\/prefeitura-do-rio-investe-em-iniciativas-voltadas-para-a-inovacao-e-tecnologia-prefeitura-da-cidade-do-rio-de-janeiro\/\" \/>\n\t<meta name=\"generator\" content=\"All in One SEO (AIOSEO) 5.0.1.1\" \/>\n\t\t<meta property=\"og:locale\" content=\"pt_BR\" \/>\n\t\t<meta property=\"og:site_name\" content=\"eJornais - Cat\u00e1logo de Jornais no mundo, Not\u00edcias, Blog e Esportes ao vivo\" \/>\n\t\t<meta property=\"og:type\" content=\"article\" \/>\n\t\t<meta property=\"og:title\" content=\"Prefeitura do Rio investe em iniciativas voltadas para a inova\u00e7\u00e3o e tecnologia \u2013 Prefeitura da Cidade do Rio de Janeiro - eJornais\" \/>\n\t\t<meta property=\"og:description\" content=\"Porto Maravalley \u00e9 o novo hub de inova\u00e7\u00e3o e tecnologia da cidade - Marcelo Piu\/Prefeitura do Rio A cidade do Rio de Janeiro tem dado passos cada vez mais largos para se tornar a capital da inova\u00e7\u00e3o na Am\u00e9rica Latina. A Prefeitura vem trabalhando na inclus\u00e3o digital dos cariocas, com iniciativas como a cria\u00e7\u00e3o do\" \/>\n\t\t<meta property=\"og:url\" content=\"https:\/\/ejornais.com.br\/index.php\/2024\/04\/18\/prefeitura-do-rio-investe-em-iniciativas-voltadas-para-a-inovacao-e-tecnologia-prefeitura-da-cidade-do-rio-de-janeiro\/\" \/>\n\t\t<meta property=\"article:published_time\" content=\"2024-04-18T20:19:06+00:00\" \/>\n\t\t<meta property=\"article:modified_time\" content=\"2024-04-18T20:19:06+00:00\" \/>\n\t\t<meta name=\"twitter:card\" content=\"summary_large_image\" \/>\n\t\t<meta name=\"twitter:title\" content=\"Prefeitura do Rio investe em iniciativas voltadas para a inova\u00e7\u00e3o e tecnologia \u2013 Prefeitura da Cidade do Rio de Janeiro - eJornais\" \/>\n\t\t<meta name=\"twitter:description\" content=\"Porto Maravalley \u00e9 o novo hub de inova\u00e7\u00e3o e tecnologia da cidade - Marcelo Piu\/Prefeitura do Rio A cidade do Rio de Janeiro tem dado passos cada vez mais largos para se tornar a capital da inova\u00e7\u00e3o na Am\u00e9rica Latina. A Prefeitura vem trabalhando na inclus\u00e3o digital dos cariocas, com iniciativas como a cria\u00e7\u00e3o do\" \/>\n\t\t<script type=\"application\/ld+json\" class=\"aioseo-schema\">\n\t\t\t{\"@context\":\"https:\\\/\\\/schema.org\",\"@graph\":[{\"@type\":\"BlogPosting\",\"@id\":\"https:\\\/\\\/ejornais.com.br\\\/index.php\\\/2024\\\/04\\\/18\\\/prefeitura-do-rio-investe-em-iniciativas-voltadas-para-a-inovacao-e-tecnologia-prefeitura-da-cidade-do-rio-de-janeiro\\\/#blogposting\",\"name\":\"Prefeitura do Rio investe em iniciativas voltadas para a inova\\u00e7\\u00e3o e tecnologia \\u2013 Prefeitura da Cidade do Rio de Janeiro - eJornais\",\"headline\":\"Prefeitura do Rio investe em iniciativas voltadas para a inova\\u00e7\\u00e3o e tecnologia &#8211; Prefeitura da Cidade do Rio de Janeiro\",\"author\":{\"@id\":\"https:\\\/\\\/ejornais.com.br\\\/index.php\\\/author\\\/#author\"},\"publisher\":{\"@id\":\"https:\\\/\\\/ejornais.com.br\\\/#organization\"},\"datePublished\":\"2024-04-18T17:19:06-03:00\",\"dateModified\":\"2024-04-18T17:19:06-03:00\",\"inLanguage\":\"pt-BR\",\"commentCount\":44,\"mainEntityOfPage\":{\"@id\":\"https:\\\/\\\/ejornais.com.br\\\/index.php\\\/2024\\\/04\\\/18\\\/prefeitura-do-rio-investe-em-iniciativas-voltadas-para-a-inovacao-e-tecnologia-prefeitura-da-cidade-do-rio-de-janeiro\\\/#webpage\"},\"isPartOf\":{\"@id\":\"https:\\\/\\\/ejornais.com.br\\\/index.php\\\/2024\\\/04\\\/18\\\/prefeitura-do-rio-investe-em-iniciativas-voltadas-para-a-inovacao-e-tecnologia-prefeitura-da-cidade-do-rio-de-janeiro\\\/#webpage\"},\"articleSection\":\"Cat\\u00e1logo de Jornais\"},{\"@type\":\"BreadcrumbList\",\"@id\":\"https:\\\/\\\/ejornais.com.br\\\/index.php\\\/2024\\\/04\\\/18\\\/prefeitura-do-rio-investe-em-iniciativas-voltadas-para-a-inovacao-e-tecnologia-prefeitura-da-cidade-do-rio-de-janeiro\\\/#breadcrumblist\",\"itemListElement\":[{\"@type\":\"ListItem\",\"@id\":\"https:\\\/\\\/ejornais.com.br#listItem\",\"position\":1,\"name\":\"In\\u00edcio\",\"item\":\"https:\\\/\\\/ejornais.com.br\",\"nextItem\":{\"@type\":\"ListItem\",\"@id\":\"https:\\\/\\\/ejornais.com.br\\\/index.php\\\/category\\\/ejornais\\\/#listItem\",\"name\":\"Cat\\u00e1logo de Jornais\"}},{\"@type\":\"ListItem\",\"@id\":\"https:\\\/\\\/ejornais.com.br\\\/index.php\\\/category\\\/ejornais\\\/#listItem\",\"position\":2,\"name\":\"Cat\\u00e1logo de Jornais\",\"item\":\"https:\\\/\\\/ejornais.com.br\\\/index.php\\\/category\\\/ejornais\\\/\",\"nextItem\":{\"@type\":\"ListItem\",\"@id\":\"https:\\\/\\\/ejornais.com.br\\\/index.php\\\/2024\\\/04\\\/18\\\/prefeitura-do-rio-investe-em-iniciativas-voltadas-para-a-inovacao-e-tecnologia-prefeitura-da-cidade-do-rio-de-janeiro\\\/#listItem\",\"name\":\"Prefeitura do Rio investe em iniciativas voltadas para a inova\\u00e7\\u00e3o e tecnologia &#8211; Prefeitura da Cidade do Rio de Janeiro\"},\"previousItem\":{\"@type\":\"ListItem\",\"@id\":\"https:\\\/\\\/ejornais.com.br#listItem\",\"name\":\"In\\u00edcio\"}},{\"@type\":\"ListItem\",\"@id\":\"https:\\\/\\\/ejornais.com.br\\\/index.php\\\/2024\\\/04\\\/18\\\/prefeitura-do-rio-investe-em-iniciativas-voltadas-para-a-inovacao-e-tecnologia-prefeitura-da-cidade-do-rio-de-janeiro\\\/#listItem\",\"position\":3,\"name\":\"Prefeitura do Rio investe em iniciativas voltadas para a inova\\u00e7\\u00e3o e tecnologia &#8211; Prefeitura da Cidade do Rio de Janeiro\",\"previousItem\":{\"@type\":\"ListItem\",\"@id\":\"https:\\\/\\\/ejornais.com.br\\\/index.php\\\/category\\\/ejornais\\\/#listItem\",\"name\":\"Cat\\u00e1logo de Jornais\"}}]},{\"@type\":\"Organization\",\"@id\":\"https:\\\/\\\/ejornais.com.br\\\/#organization\",\"name\":\"eJornais\",\"description\":\"Cat\\u00e1logo de Jornais no mundo, Not\\u00edcias, Blog e Esportes ao vivo\",\"url\":\"https:\\\/\\\/ejornais.com.br\\\/\"},{\"@type\":\"Person\",\"@id\":\"https:\\\/\\\/ejornais.com.br\\\/index.php\\\/author\\\/#author\",\"url\":\"https:\\\/\\\/ejornais.com.br\\\/index.php\\\/author\\\/\"},{\"@type\":\"WebPage\",\"@id\":\"https:\\\/\\\/ejornais.com.br\\\/index.php\\\/2024\\\/04\\\/18\\\/prefeitura-do-rio-investe-em-iniciativas-voltadas-para-a-inovacao-e-tecnologia-prefeitura-da-cidade-do-rio-de-janeiro\\\/#webpage\",\"url\":\"https:\\\/\\\/ejornais.com.br\\\/index.php\\\/2024\\\/04\\\/18\\\/prefeitura-do-rio-investe-em-iniciativas-voltadas-para-a-inovacao-e-tecnologia-prefeitura-da-cidade-do-rio-de-janeiro\\\/\",\"name\":\"Prefeitura do Rio investe em iniciativas voltadas para a inova\\u00e7\\u00e3o e tecnologia \\u2013 Prefeitura da Cidade do Rio de Janeiro - eJornais\",\"description\":\"Porto Maravalley \\u00e9 o novo hub de inova\\u00e7\\u00e3o e tecnologia da cidade - Marcelo Piu\\\/Prefeitura do Rio A cidade do Rio de Janeiro tem dado passos cada vez mais largos para se tornar a capital da inova\\u00e7\\u00e3o na Am\\u00e9rica Latina. A Prefeitura vem trabalhando na inclus\\u00e3o digital dos cariocas, com iniciativas como a cria\\u00e7\\u00e3o do\",\"inLanguage\":\"pt-BR\",\"isPartOf\":{\"@id\":\"https:\\\/\\\/ejornais.com.br\\\/#website\"},\"breadcrumb\":{\"@id\":\"https:\\\/\\\/ejornais.com.br\\\/index.php\\\/2024\\\/04\\\/18\\\/prefeitura-do-rio-investe-em-iniciativas-voltadas-para-a-inovacao-e-tecnologia-prefeitura-da-cidade-do-rio-de-janeiro\\\/#breadcrumblist\"},\"author\":{\"@id\":\"https:\\\/\\\/ejornais.com.br\\\/index.php\\\/author\\\/#author\"},\"creator\":{\"@id\":\"https:\\\/\\\/ejornais.com.br\\\/index.php\\\/author\\\/#author\"},\"datePublished\":\"2024-04-18T17:19:06-03:00\",\"dateModified\":\"2024-04-18T17:19:06-03:00\"},{\"@type\":\"WebSite\",\"@id\":\"https:\\\/\\\/ejornais.com.br\\\/#website\",\"url\":\"https:\\\/\\\/ejornais.com.br\\\/\",\"name\":\"eJornais\",\"description\":\"Cat\\u00e1logo de Jornais no mundo, Not\\u00edcias, Blog e Esportes ao vivo\",\"inLanguage\":\"pt-BR\",\"publisher\":{\"@id\":\"https:\\\/\\\/ejornais.com.br\\\/#organization\"}}]}\n\t\t<\/script>\n\t\t<!-- All in One SEO -->\n\n","aioseo_head_json":{"title":"Prefeitura do Rio investe em iniciativas voltadas para a inova\u00e7\u00e3o e tecnologia \u2013 Prefeitura da Cidade do Rio de Janeiro - eJornais","description":"Porto Maravalley \u00e9 o novo hub de inova\u00e7\u00e3o e tecnologia da cidade - Marcelo Piu\/Prefeitura do Rio A cidade do Rio de Janeiro tem dado passos cada vez mais largos para se tornar a capital da inova\u00e7\u00e3o na Am\u00e9rica Latina. A Prefeitura vem trabalhando na inclus\u00e3o digital dos cariocas, com iniciativas como a cria\u00e7\u00e3o do","canonical_url":"https:\/\/ejornais.com.br\/index.php\/2024\/04\/18\/prefeitura-do-rio-investe-em-iniciativas-voltadas-para-a-inovacao-e-tecnologia-prefeitura-da-cidade-do-rio-de-janeiro\/","robots":"max-image-preview:large","keywords":"","webmasterTools":{"miscellaneous":""},"schema":{"@context":"https:\/\/schema.org","@graph":[{"@type":"BlogPosting","@id":"https:\/\/ejornais.com.br\/index.php\/2024\/04\/18\/prefeitura-do-rio-investe-em-iniciativas-voltadas-para-a-inovacao-e-tecnologia-prefeitura-da-cidade-do-rio-de-janeiro\/#blogposting","name":"Prefeitura do Rio investe em iniciativas voltadas para a inova\u00e7\u00e3o e tecnologia \u2013 Prefeitura da Cidade do Rio de Janeiro - eJornais","headline":"Prefeitura do Rio investe em iniciativas voltadas para a inova\u00e7\u00e3o e tecnologia &#8211; Prefeitura da Cidade do Rio de Janeiro","author":{"@id":"https:\/\/ejornais.com.br\/index.php\/author\/#author"},"publisher":{"@id":"https:\/\/ejornais.com.br\/#organization"},"datePublished":"2024-04-18T17:19:06-03:00","dateModified":"2024-04-18T17:19:06-03:00","inLanguage":"pt-BR","commentCount":44,"mainEntityOfPage":{"@id":"https:\/\/ejornais.com.br\/index.php\/2024\/04\/18\/prefeitura-do-rio-investe-em-iniciativas-voltadas-para-a-inovacao-e-tecnologia-prefeitura-da-cidade-do-rio-de-janeiro\/#webpage"},"isPartOf":{"@id":"https:\/\/ejornais.com.br\/index.php\/2024\/04\/18\/prefeitura-do-rio-investe-em-iniciativas-voltadas-para-a-inovacao-e-tecnologia-prefeitura-da-cidade-do-rio-de-janeiro\/#webpage"},"articleSection":"Cat\u00e1logo de Jornais"},{"@type":"BreadcrumbList","@id":"https:\/\/ejornais.com.br\/index.php\/2024\/04\/18\/prefeitura-do-rio-investe-em-iniciativas-voltadas-para-a-inovacao-e-tecnologia-prefeitura-da-cidade-do-rio-de-janeiro\/#breadcrumblist","itemListElement":[{"@type":"ListItem","@id":"https:\/\/ejornais.com.br#listItem","position":1,"name":"In\u00edcio","item":"https:\/\/ejornais.com.br","nextItem":{"@type":"ListItem","@id":"https:\/\/ejornais.com.br\/index.php\/category\/ejornais\/#listItem","name":"Cat\u00e1logo de Jornais"}},{"@type":"ListItem","@id":"https:\/\/ejornais.com.br\/index.php\/category\/ejornais\/#listItem","position":2,"name":"Cat\u00e1logo de Jornais","item":"https:\/\/ejornais.com.br\/index.php\/category\/ejornais\/","nextItem":{"@type":"ListItem","@id":"https:\/\/ejornais.com.br\/index.php\/2024\/04\/18\/prefeitura-do-rio-investe-em-iniciativas-voltadas-para-a-inovacao-e-tecnologia-prefeitura-da-cidade-do-rio-de-janeiro\/#listItem","name":"Prefeitura do Rio investe em iniciativas voltadas para a inova\u00e7\u00e3o e tecnologia &#8211; Prefeitura da Cidade do Rio de Janeiro"},"previousItem":{"@type":"ListItem","@id":"https:\/\/ejornais.com.br#listItem","name":"In\u00edcio"}},{"@type":"ListItem","@id":"https:\/\/ejornais.com.br\/index.php\/2024\/04\/18\/prefeitura-do-rio-investe-em-iniciativas-voltadas-para-a-inovacao-e-tecnologia-prefeitura-da-cidade-do-rio-de-janeiro\/#listItem","position":3,"name":"Prefeitura do Rio investe em iniciativas voltadas para a inova\u00e7\u00e3o e tecnologia &#8211; Prefeitura da Cidade do Rio de Janeiro","previousItem":{"@type":"ListItem","@id":"https:\/\/ejornais.com.br\/index.php\/category\/ejornais\/#listItem","name":"Cat\u00e1logo de Jornais"}}]},{"@type":"Organization","@id":"https:\/\/ejornais.com.br\/#organization","name":"eJornais","description":"Cat\u00e1logo de Jornais no mundo, Not\u00edcias, Blog e Esportes ao vivo","url":"https:\/\/ejornais.com.br\/"},{"@type":"Person","@id":"https:\/\/ejornais.com.br\/index.php\/author\/#author","url":"https:\/\/ejornais.com.br\/index.php\/author\/"},{"@type":"WebPage","@id":"https:\/\/ejornais.com.br\/index.php\/2024\/04\/18\/prefeitura-do-rio-investe-em-iniciativas-voltadas-para-a-inovacao-e-tecnologia-prefeitura-da-cidade-do-rio-de-janeiro\/#webpage","url":"https:\/\/ejornais.com.br\/index.php\/2024\/04\/18\/prefeitura-do-rio-investe-em-iniciativas-voltadas-para-a-inovacao-e-tecnologia-prefeitura-da-cidade-do-rio-de-janeiro\/","name":"Prefeitura do Rio investe em iniciativas voltadas para a inova\u00e7\u00e3o e tecnologia \u2013 Prefeitura da Cidade do Rio de Janeiro - eJornais","description":"Porto Maravalley \u00e9 o novo hub de inova\u00e7\u00e3o e tecnologia da cidade - Marcelo Piu\/Prefeitura do Rio A cidade do Rio de Janeiro tem dado passos cada vez mais largos para se tornar a capital da inova\u00e7\u00e3o na Am\u00e9rica Latina. A Prefeitura vem trabalhando na inclus\u00e3o digital dos cariocas, com iniciativas como a cria\u00e7\u00e3o do","inLanguage":"pt-BR","isPartOf":{"@id":"https:\/\/ejornais.com.br\/#website"},"breadcrumb":{"@id":"https:\/\/ejornais.com.br\/index.php\/2024\/04\/18\/prefeitura-do-rio-investe-em-iniciativas-voltadas-para-a-inovacao-e-tecnologia-prefeitura-da-cidade-do-rio-de-janeiro\/#breadcrumblist"},"author":{"@id":"https:\/\/ejornais.com.br\/index.php\/author\/#author"},"creator":{"@id":"https:\/\/ejornais.com.br\/index.php\/author\/#author"},"datePublished":"2024-04-18T17:19:06-03:00","dateModified":"2024-04-18T17:19:06-03:00"},{"@type":"WebSite","@id":"https:\/\/ejornais.com.br\/#website","url":"https:\/\/ejornais.com.br\/","name":"eJornais","description":"Cat\u00e1logo de Jornais no mundo, Not\u00edcias, Blog e Esportes ao vivo","inLanguage":"pt-BR","publisher":{"@id":"https:\/\/ejornais.com.br\/#organization"}}]},"og:locale":"pt_BR","og:site_name":"eJornais - Cat\u00e1logo de Jornais no mundo, Not\u00edcias, Blog e Esportes ao vivo","og:type":"article","og:title":"Prefeitura do Rio investe em iniciativas voltadas para a inova\u00e7\u00e3o e tecnologia \u2013 Prefeitura da Cidade do Rio de Janeiro - eJornais","og:description":"Porto Maravalley \u00e9 o novo hub de inova\u00e7\u00e3o e tecnologia da cidade - Marcelo Piu\/Prefeitura do Rio A cidade do Rio de Janeiro tem dado passos cada vez mais largos para se tornar a capital da inova\u00e7\u00e3o na Am\u00e9rica Latina. A Prefeitura vem trabalhando na inclus\u00e3o digital dos cariocas, com iniciativas como a cria\u00e7\u00e3o do","og:url":"https:\/\/ejornais.com.br\/index.php\/2024\/04\/18\/prefeitura-do-rio-investe-em-iniciativas-voltadas-para-a-inovacao-e-tecnologia-prefeitura-da-cidade-do-rio-de-janeiro\/","article:published_time":"2024-04-18T20:19:06+00:00","article:modified_time":"2024-04-18T20:19:06+00:00","twitter:card":"summary_large_image","twitter:title":"Prefeitura do Rio investe em iniciativas voltadas para a inova\u00e7\u00e3o e tecnologia \u2013 Prefeitura da Cidade do Rio de Janeiro - eJornais","twitter:description":"Porto Maravalley \u00e9 o novo hub de inova\u00e7\u00e3o e tecnologia da cidade - Marcelo Piu\/Prefeitura do Rio A cidade do Rio de Janeiro tem dado passos cada vez mais largos para se tornar a capital da inova\u00e7\u00e3o na Am\u00e9rica Latina. A Prefeitura vem trabalhando na inclus\u00e3o digital dos cariocas, com iniciativas como a cria\u00e7\u00e3o do"},"aioseo_meta_data":{"post_id":"23402","title":null,"description":null,"keywords":null,"keyphrases":null,"primary_term":null,"canonical_url":null,"og_title":null,"og_description":null,"og_object_type":"default","og_image_type":"default","og_image_url":null,"og_image_width":null,"og_image_height":null,"og_image_custom_url":null,"og_image_custom_fields":null,"og_video":null,"og_custom_url":null,"og_article_section":null,"og_article_tags":null,"twitter_use_og":false,"twitter_card":"default","twitter_image_type":"default","twitter_image_url":null,"twitter_image_custom_url":null,"twitter_image_custom_fields":null,"twitter_title":null,"twitter_description":null,"schema":{"blockGraphs":[],"customGraphs":[],"default":{"data":{"Article":[],"Course":[],"Dataset":[],"FAQPage":[],"Movie":[],"Person":[],"Product":[],"ProductReview":[],"Car":[],"Recipe":[],"Service":[],"SoftwareApplication":[],"WebPage":[]},"graphName":"","isEnabled":true},"graphs":[]},"schema_type":"default","schema_type_options":null,"pillar_content":false,"robots_default":true,"robots_noindex":false,"robots_noarchive":false,"robots_nosnippet":false,"robots_nofollow":false,"robots_noimageindex":false,"robots_noodp":false,"robots_notranslate":false,"robots_max_snippet":null,"robots_max_videopreview":null,"robots_max_imagepreview":"large","priority":null,"frequency":null,"local_seo":null,"breadcrumb_settings":null,"limit_modified_date":false,"ai":null,"created":"2024-04-18 20:21:48","updated":"2025-06-05 09:38:01","seo_analyzer_scan_date":null,"focus_keyword":null,"additional_keywords":null,"truseo_locale":null},"aioseo_breadcrumb":"<div class=\"aioseo-breadcrumbs\"><span class=\"aioseo-breadcrumb\">\n\t\t\t<a href=\"https:\/\/ejornais.com.br\" title=\"In\u00edcio\">In\u00edcio<\/a>\n\t\t<\/span><span class=\"aioseo-breadcrumb-separator\">&raquo;<\/span><span class=\"aioseo-breadcrumb\">\n\t\t\t<a href=\"https:\/\/ejornais.com.br\/index.php\/category\/ejornais\/\" title=\"Cat\u00e1logo de Jornais\">Cat\u00e1logo de Jornais<\/a>\n\t\t<\/span><span class=\"aioseo-breadcrumb-separator\">&raquo;<\/span><span class=\"aioseo-breadcrumb\">\n\t\t\tPrefeitura do Rio investe em iniciativas voltadas para a inova\u00e7\u00e3o e tecnologia \u2013 Prefeitura da Cidade do Rio de Janeiro\n\t\t<\/span><\/div>","aioseo_breadcrumb_json":[{"label":"In\u00edcio","link":"https:\/\/ejornais.com.br"},{"label":"Cat\u00e1logo de Jornais","link":"https:\/\/ejornais.com.br\/index.php\/category\/ejornais\/"},{"label":"Prefeitura do Rio investe em iniciativas voltadas para a inova\u00e7\u00e3o e tecnologia &#8211; Prefeitura da Cidade do Rio de Janeiro","link":"https:\/\/ejornais.com.br\/index.php\/2024\/04\/18\/prefeitura-do-rio-investe-em-iniciativas-voltadas-para-a-inovacao-e-tecnologia-prefeitura-da-cidade-do-rio-de-janeiro\/"}],"amp_enabled":true,"_links":{"self":[{"href":"https:\/\/ejornais.com.br\/index.php\/wp-json\/wp\/v2\/posts\/23402","targetHints":{"allow":["GET"]}}],"collection":[{"href":"https:\/\/ejornais.com.br\/index.php\/wp-json\/wp\/v2\/posts"}],"about":[{"href":"https:\/\/ejornais.com.br\/index.php\/wp-json\/wp\/v2\/types\/post"}],"author":[{"embeddable":true,"href":"https:\/\/ejornais.com.br\/index.php\/wp-json\/wp\/v2\/users\/1"}],"replies":[{"embeddable":true,"href":"https:\/\/ejornais.com.br\/index.php\/wp-json\/wp\/v2\/comments?post=23402"}],"version-history":[{"count":0,"href":"https:\/\/ejornais.com.br\/index.php\/wp-json\/wp\/v2\/posts\/23402\/revisions"}],"wp:attachment":[{"href":"https:\/\/ejornais.com.br\/index.php\/wp-json\/wp\/v2\/media?parent=23402"}],"wp:term":[{"taxonomy":"category","embeddable":true,"href":"https:\/\/ejornais.com.br\/index.php\/wp-json\/wp\/v2\/categories?post=23402"},{"taxonomy":"post_tag","embeddable":true,"href":"https:\/\/ejornais.com.br\/index.php\/wp-json\/wp\/v2\/tags?post=23402"}],"curies":[{"name":"wp","href":"https:\/\/api.w.org\/{rel}","templated":true}]}}