{"id":23519,"date":"2024-04-20T02:28:08","date_gmt":"2024-04-20T05:28:08","guid":{"rendered":"https:\/\/ejornais.com.br\/index.php\/2024\/04\/20\/caravana-do-cuidar-leva-servicos-para-os-moradores-do-bairro-sao-jose\/"},"modified":"2024-04-20T02:28:08","modified_gmt":"2024-04-20T05:28:08","slug":"caravana-do-cuidar-leva-servicos-para-os-moradores-do-bairro-sao-jose","status":"publish","type":"post","link":"https:\/\/ejornais.com.br\/index.php\/2024\/04\/20\/caravana-do-cuidar-leva-servicos-para-os-moradores-do-bairro-sao-jose\/","title":{"rendered":"Caravana do Cuidar leva servi\u00e7os para os moradores do bairro S\u00e3o Jos\u00e9"},"content":{"rendered":"<p><\/p>\n<div>\n<h5 class=\"text-primary\">Sa\u00fade e cidadania<\/h5>\n<p>                        <!-- Mostra o t&iacute;tulo como um link para o link permanente do post --><\/p>\n<h2 class=\"mb-3\">Caravana do Cuidar leva servi\u00e7os para os moradores do bairro S\u00e3o Jos\u00e9<\/h2>\n<p class=\"text-secondary font-italic mb-3 p-0\">&#13;<br \/>\n                            <i class=\"fa fa-calendar\"\/> 19\/04\/2024 | &#13;<br \/>\n                            <i class=\"fa fa-clock-o\"\/> 19:00 |&#13;<br \/>\n                            <i class=\"fa fa-eye\"\/> 17                        <\/p>\n<p>                        <!-- Mostra o conte&uacute;do do post em uma DIV --><\/p>\n<div class=\"\">\n<p>A passagem da Caravana do Cuidar pelo bairro S\u00e3o Jos\u00e9, nesta sexta-feira (19), reuniu os moradores na Pra\u00e7a da Laje e registrou 206 atendimentos nos servi\u00e7os de sa\u00fade, assist\u00eancia social, direito do consumidor e embelezamento. O servi\u00e7o itinerante \u00e9 promovido pela Prefeitura de Jo\u00e3o Pessoa, por meio da Secretaria de Direitos Humanos e Cidadania (Sedhuc) e outras secretarias municipais. \u00a0 <\/p>\n<figure class=\"wp-block-gallery has-nested-images columns-default is-cropped wp-block-gallery-1 is-layout-flex wp-block-gallery-is-layout-flex\">\n<figure class=\"wp-block-image size-large\"><\/figure>\n<figure class=\"wp-block-image size-large\"><\/figure>\n<\/figure>\n<p>A Caravana tem como objetivo aproximar os servi\u00e7os da Prefeitura da popula\u00e7\u00e3o, muitas vezes atendendo demandas expressadas pelos moradores dos bairros. Como foi o caso de Taciana Batista, presidente do Centro Comunit\u00e1rio Ateli\u00ea da Vida, que atua ajudando a comunidade nesse di\u00e1logo com a Prefeitura. \u201cO nosso trabalho teve in\u00edcio dessa iniciativa de ajudar a comunidade e como sempre tivemos uma parceria muito boa com a Prefeitura, estamos sempre buscando ajudar os moradores. Como foi o caso dessa a\u00e7\u00e3o, onde os servi\u00e7os de sa\u00fade e do Bolsa Fam\u00edlia eram muito pedidos\u201d, comentou. \u00a0 <\/p>\n<p>Dos servi\u00e7os oferecidos pela equipe de sa\u00fade, foram registrados 48 aferi\u00e7\u00f5es de press\u00e3o arterial; 15 testes de glicemia; 30 atendimentos m\u00e9dicos, com encaminhamento para exames; 43 testes r\u00e1pidos de ISTs; 8 aplica\u00e7\u00f5es de argila; 24 atendimentos de auriculoterapia e 20 aplica\u00e7\u00f5es de ventosaterapia, al\u00e9m dos 15 atendimentos registrados pelo Bolsa Fam\u00edlia e dois pelo Procon-JP. \u00a0 <\/p>\n<figure class=\"wp-block-gallery has-nested-images columns-default is-cropped wp-block-gallery-2 is-layout-flex wp-block-gallery-is-layout-flex\">\n<figure class=\"wp-block-image size-large\"><\/figure>\n<figure class=\"wp-block-image size-large\"><\/figure>\n<figure class=\"wp-block-image size-large\"><\/figure>\n<\/figure>\n<p>Ana L\u00facia, moradora do bairro, n\u00e3o perdeu tempo e aproveitou todos os servi\u00e7os ofertados pela equipe de sa\u00fade. \u201cFoi uma oportunidade de ter uma manh\u00e3 diferente. E \u00e9 muito bom, porque tem gente que n\u00e3o tem tempo de sair ou n\u00e3o tem condi\u00e7\u00f5es de procurar um atendimento. Aqui ficou perto e o atendimento \u00e9 mais r\u00e1pido\u201d, elogiou.<\/p>\n<\/p><\/div>\n<\/p><\/div>\n","protected":false},"excerpt":{"rendered":"<p>Sa\u00fade e cidadania Caravana do Cuidar leva servi\u00e7os para os moradores do bairro S\u00e3o Jos\u00e9 &#13; 19\/04\/2024 | &#13; 19:00<\/p>\n","protected":false},"author":1,"featured_media":0,"comment_status":"open","ping_status":"open","sticky":false,"template":"","format":"standard","meta":{"colormag_page_container_layout":"default_layout","colormag_page_sidebar_layout":"default_layout","footnotes":""},"categories":[1],"tags":[],"class_list":["post-23519","post","type-post","status-publish","format-standard","hentry","category-ejornais"],"aioseo_notices":[],"aioseo_head":"\n\t\t<!-- All in One SEO 5.0.1.1 - aioseo.com -->\n\t<meta name=\"description\" content=\"Sa\u00fade e cidadania Caravana do Cuidar leva servi\u00e7os para os moradores do bairro S\u00e3o Jos\u00e9 19\/04\/2024 | 19:00 | 17 A passagem da Caravana do Cuidar pelo bairro S\u00e3o Jos\u00e9, nesta sexta-feira (19), reuniu os moradores na Pra\u00e7a da Laje e registrou 206 atendimentos nos servi\u00e7os de sa\u00fade, assist\u00eancia social, direito do consumidor\" \/>\n\t<meta name=\"robots\" content=\"max-image-preview:large\" \/>\n\t<link rel=\"canonical\" href=\"https:\/\/ejornais.com.br\/index.php\/2024\/04\/20\/caravana-do-cuidar-leva-servicos-para-os-moradores-do-bairro-sao-jose\/\" \/>\n\t<meta name=\"generator\" content=\"All in One SEO (AIOSEO) 5.0.1.1\" \/>\n\t\t<meta property=\"og:locale\" content=\"pt_BR\" \/>\n\t\t<meta property=\"og:site_name\" content=\"eJornais - Cat\u00e1logo de Jornais no mundo, Not\u00edcias, Blog e Esportes ao vivo\" \/>\n\t\t<meta property=\"og:type\" content=\"article\" \/>\n\t\t<meta property=\"og:title\" content=\"Caravana do Cuidar leva servi\u00e7os para os moradores do bairro S\u00e3o Jos\u00e9 - eJornais\" \/>\n\t\t<meta property=\"og:description\" content=\"Sa\u00fade e cidadania Caravana do Cuidar leva servi\u00e7os para os moradores do bairro S\u00e3o Jos\u00e9 19\/04\/2024 | 19:00 | 17 A passagem da Caravana do Cuidar pelo bairro S\u00e3o Jos\u00e9, nesta sexta-feira (19), reuniu os moradores na Pra\u00e7a da Laje e registrou 206 atendimentos nos servi\u00e7os de sa\u00fade, assist\u00eancia social, direito do consumidor\" \/>\n\t\t<meta property=\"og:url\" content=\"https:\/\/ejornais.com.br\/index.php\/2024\/04\/20\/caravana-do-cuidar-leva-servicos-para-os-moradores-do-bairro-sao-jose\/\" \/>\n\t\t<meta property=\"article:published_time\" content=\"2024-04-20T05:28:08+00:00\" \/>\n\t\t<meta property=\"article:modified_time\" content=\"2024-04-20T05:28:08+00:00\" \/>\n\t\t<meta name=\"twitter:card\" content=\"summary_large_image\" \/>\n\t\t<meta name=\"twitter:title\" content=\"Caravana do Cuidar leva servi\u00e7os para os moradores do bairro S\u00e3o Jos\u00e9 - eJornais\" \/>\n\t\t<meta name=\"twitter:description\" content=\"Sa\u00fade e cidadania Caravana do Cuidar leva servi\u00e7os para os moradores do bairro S\u00e3o Jos\u00e9 19\/04\/2024 | 19:00 | 17 A passagem da Caravana do Cuidar pelo bairro S\u00e3o Jos\u00e9, nesta sexta-feira (19), reuniu os moradores na Pra\u00e7a da Laje e registrou 206 atendimentos nos servi\u00e7os de sa\u00fade, assist\u00eancia social, direito do consumidor\" \/>\n\t\t<script type=\"application\/ld+json\" class=\"aioseo-schema\">\n\t\t\t{\"@context\":\"https:\\\/\\\/schema.org\",\"@graph\":[{\"@type\":\"BlogPosting\",\"@id\":\"https:\\\/\\\/ejornais.com.br\\\/index.php\\\/2024\\\/04\\\/20\\\/caravana-do-cuidar-leva-servicos-para-os-moradores-do-bairro-sao-jose\\\/#blogposting\",\"name\":\"Caravana do Cuidar leva servi\\u00e7os para os moradores do bairro S\\u00e3o Jos\\u00e9 - eJornais\",\"headline\":\"Caravana do Cuidar leva servi\\u00e7os para os moradores do bairro S\\u00e3o Jos\\u00e9\",\"author\":{\"@id\":\"https:\\\/\\\/ejornais.com.br\\\/index.php\\\/author\\\/#author\"},\"publisher\":{\"@id\":\"https:\\\/\\\/ejornais.com.br\\\/#organization\"},\"datePublished\":\"2024-04-20T02:28:08-03:00\",\"dateModified\":\"2024-04-20T02:28:08-03:00\",\"inLanguage\":\"pt-BR\",\"mainEntityOfPage\":{\"@id\":\"https:\\\/\\\/ejornais.com.br\\\/index.php\\\/2024\\\/04\\\/20\\\/caravana-do-cuidar-leva-servicos-para-os-moradores-do-bairro-sao-jose\\\/#webpage\"},\"isPartOf\":{\"@id\":\"https:\\\/\\\/ejornais.com.br\\\/index.php\\\/2024\\\/04\\\/20\\\/caravana-do-cuidar-leva-servicos-para-os-moradores-do-bairro-sao-jose\\\/#webpage\"},\"articleSection\":\"Cat\\u00e1logo de Jornais\"},{\"@type\":\"BreadcrumbList\",\"@id\":\"https:\\\/\\\/ejornais.com.br\\\/index.php\\\/2024\\\/04\\\/20\\\/caravana-do-cuidar-leva-servicos-para-os-moradores-do-bairro-sao-jose\\\/#breadcrumblist\",\"itemListElement\":[{\"@type\":\"ListItem\",\"@id\":\"https:\\\/\\\/ejornais.com.br#listItem\",\"position\":1,\"name\":\"In\\u00edcio\",\"item\":\"https:\\\/\\\/ejornais.com.br\",\"nextItem\":{\"@type\":\"ListItem\",\"@id\":\"https:\\\/\\\/ejornais.com.br\\\/index.php\\\/category\\\/ejornais\\\/#listItem\",\"name\":\"Cat\\u00e1logo de Jornais\"}},{\"@type\":\"ListItem\",\"@id\":\"https:\\\/\\\/ejornais.com.br\\\/index.php\\\/category\\\/ejornais\\\/#listItem\",\"position\":2,\"name\":\"Cat\\u00e1logo de Jornais\",\"item\":\"https:\\\/\\\/ejornais.com.br\\\/index.php\\\/category\\\/ejornais\\\/\",\"nextItem\":{\"@type\":\"ListItem\",\"@id\":\"https:\\\/\\\/ejornais.com.br\\\/index.php\\\/2024\\\/04\\\/20\\\/caravana-do-cuidar-leva-servicos-para-os-moradores-do-bairro-sao-jose\\\/#listItem\",\"name\":\"Caravana do Cuidar leva servi\\u00e7os para os moradores do bairro S\\u00e3o Jos\\u00e9\"},\"previousItem\":{\"@type\":\"ListItem\",\"@id\":\"https:\\\/\\\/ejornais.com.br#listItem\",\"name\":\"In\\u00edcio\"}},{\"@type\":\"ListItem\",\"@id\":\"https:\\\/\\\/ejornais.com.br\\\/index.php\\\/2024\\\/04\\\/20\\\/caravana-do-cuidar-leva-servicos-para-os-moradores-do-bairro-sao-jose\\\/#listItem\",\"position\":3,\"name\":\"Caravana do Cuidar leva servi\\u00e7os para os moradores do bairro S\\u00e3o Jos\\u00e9\",\"previousItem\":{\"@type\":\"ListItem\",\"@id\":\"https:\\\/\\\/ejornais.com.br\\\/index.php\\\/category\\\/ejornais\\\/#listItem\",\"name\":\"Cat\\u00e1logo de Jornais\"}}]},{\"@type\":\"Organization\",\"@id\":\"https:\\\/\\\/ejornais.com.br\\\/#organization\",\"name\":\"eJornais\",\"description\":\"Cat\\u00e1logo de Jornais no mundo, Not\\u00edcias, Blog e Esportes ao vivo\",\"url\":\"https:\\\/\\\/ejornais.com.br\\\/\"},{\"@type\":\"Person\",\"@id\":\"https:\\\/\\\/ejornais.com.br\\\/index.php\\\/author\\\/#author\",\"url\":\"https:\\\/\\\/ejornais.com.br\\\/index.php\\\/author\\\/\"},{\"@type\":\"WebPage\",\"@id\":\"https:\\\/\\\/ejornais.com.br\\\/index.php\\\/2024\\\/04\\\/20\\\/caravana-do-cuidar-leva-servicos-para-os-moradores-do-bairro-sao-jose\\\/#webpage\",\"url\":\"https:\\\/\\\/ejornais.com.br\\\/index.php\\\/2024\\\/04\\\/20\\\/caravana-do-cuidar-leva-servicos-para-os-moradores-do-bairro-sao-jose\\\/\",\"name\":\"Caravana do Cuidar leva servi\\u00e7os para os moradores do bairro S\\u00e3o Jos\\u00e9 - eJornais\",\"description\":\"Sa\\u00fade e cidadania Caravana do Cuidar leva servi\\u00e7os para os moradores do bairro S\\u00e3o Jos\\u00e9 19\\\/04\\\/2024 | 19:00 | 17 A passagem da Caravana do Cuidar pelo bairro S\\u00e3o Jos\\u00e9, nesta sexta-feira (19), reuniu os moradores na Pra\\u00e7a da Laje e registrou 206 atendimentos nos servi\\u00e7os de sa\\u00fade, assist\\u00eancia social, direito do consumidor\",\"inLanguage\":\"pt-BR\",\"isPartOf\":{\"@id\":\"https:\\\/\\\/ejornais.com.br\\\/#website\"},\"breadcrumb\":{\"@id\":\"https:\\\/\\\/ejornais.com.br\\\/index.php\\\/2024\\\/04\\\/20\\\/caravana-do-cuidar-leva-servicos-para-os-moradores-do-bairro-sao-jose\\\/#breadcrumblist\"},\"author\":{\"@id\":\"https:\\\/\\\/ejornais.com.br\\\/index.php\\\/author\\\/#author\"},\"creator\":{\"@id\":\"https:\\\/\\\/ejornais.com.br\\\/index.php\\\/author\\\/#author\"},\"datePublished\":\"2024-04-20T02:28:08-03:00\",\"dateModified\":\"2024-04-20T02:28:08-03:00\"},{\"@type\":\"WebSite\",\"@id\":\"https:\\\/\\\/ejornais.com.br\\\/#website\",\"url\":\"https:\\\/\\\/ejornais.com.br\\\/\",\"name\":\"eJornais\",\"description\":\"Cat\\u00e1logo de Jornais no mundo, Not\\u00edcias, Blog e Esportes ao vivo\",\"inLanguage\":\"pt-BR\",\"publisher\":{\"@id\":\"https:\\\/\\\/ejornais.com.br\\\/#organization\"}}]}\n\t\t<\/script>\n\t\t<!-- All in One SEO -->\n\n","aioseo_head_json":{"title":"Caravana do Cuidar leva servi\u00e7os para os moradores do bairro S\u00e3o Jos\u00e9 - eJornais","description":"Sa\u00fade e cidadania Caravana do Cuidar leva servi\u00e7os para os moradores do bairro S\u00e3o Jos\u00e9 19\/04\/2024 | 19:00 | 17 A passagem da Caravana do Cuidar pelo bairro S\u00e3o Jos\u00e9, nesta sexta-feira (19), reuniu os moradores na Pra\u00e7a da Laje e registrou 206 atendimentos nos servi\u00e7os de sa\u00fade, assist\u00eancia social, direito do consumidor","canonical_url":"https:\/\/ejornais.com.br\/index.php\/2024\/04\/20\/caravana-do-cuidar-leva-servicos-para-os-moradores-do-bairro-sao-jose\/","robots":"max-image-preview:large","keywords":"","webmasterTools":{"miscellaneous":""},"schema":{"@context":"https:\/\/schema.org","@graph":[{"@type":"BlogPosting","@id":"https:\/\/ejornais.com.br\/index.php\/2024\/04\/20\/caravana-do-cuidar-leva-servicos-para-os-moradores-do-bairro-sao-jose\/#blogposting","name":"Caravana do Cuidar leva servi\u00e7os para os moradores do bairro S\u00e3o Jos\u00e9 - eJornais","headline":"Caravana do Cuidar leva servi\u00e7os para os moradores do bairro S\u00e3o Jos\u00e9","author":{"@id":"https:\/\/ejornais.com.br\/index.php\/author\/#author"},"publisher":{"@id":"https:\/\/ejornais.com.br\/#organization"},"datePublished":"2024-04-20T02:28:08-03:00","dateModified":"2024-04-20T02:28:08-03:00","inLanguage":"pt-BR","mainEntityOfPage":{"@id":"https:\/\/ejornais.com.br\/index.php\/2024\/04\/20\/caravana-do-cuidar-leva-servicos-para-os-moradores-do-bairro-sao-jose\/#webpage"},"isPartOf":{"@id":"https:\/\/ejornais.com.br\/index.php\/2024\/04\/20\/caravana-do-cuidar-leva-servicos-para-os-moradores-do-bairro-sao-jose\/#webpage"},"articleSection":"Cat\u00e1logo de Jornais"},{"@type":"BreadcrumbList","@id":"https:\/\/ejornais.com.br\/index.php\/2024\/04\/20\/caravana-do-cuidar-leva-servicos-para-os-moradores-do-bairro-sao-jose\/#breadcrumblist","itemListElement":[{"@type":"ListItem","@id":"https:\/\/ejornais.com.br#listItem","position":1,"name":"In\u00edcio","item":"https:\/\/ejornais.com.br","nextItem":{"@type":"ListItem","@id":"https:\/\/ejornais.com.br\/index.php\/category\/ejornais\/#listItem","name":"Cat\u00e1logo de Jornais"}},{"@type":"ListItem","@id":"https:\/\/ejornais.com.br\/index.php\/category\/ejornais\/#listItem","position":2,"name":"Cat\u00e1logo de Jornais","item":"https:\/\/ejornais.com.br\/index.php\/category\/ejornais\/","nextItem":{"@type":"ListItem","@id":"https:\/\/ejornais.com.br\/index.php\/2024\/04\/20\/caravana-do-cuidar-leva-servicos-para-os-moradores-do-bairro-sao-jose\/#listItem","name":"Caravana do Cuidar leva servi\u00e7os para os moradores do bairro S\u00e3o Jos\u00e9"},"previousItem":{"@type":"ListItem","@id":"https:\/\/ejornais.com.br#listItem","name":"In\u00edcio"}},{"@type":"ListItem","@id":"https:\/\/ejornais.com.br\/index.php\/2024\/04\/20\/caravana-do-cuidar-leva-servicos-para-os-moradores-do-bairro-sao-jose\/#listItem","position":3,"name":"Caravana do Cuidar leva servi\u00e7os para os moradores do bairro S\u00e3o Jos\u00e9","previousItem":{"@type":"ListItem","@id":"https:\/\/ejornais.com.br\/index.php\/category\/ejornais\/#listItem","name":"Cat\u00e1logo de Jornais"}}]},{"@type":"Organization","@id":"https:\/\/ejornais.com.br\/#organization","name":"eJornais","description":"Cat\u00e1logo de Jornais no mundo, Not\u00edcias, Blog e Esportes ao vivo","url":"https:\/\/ejornais.com.br\/"},{"@type":"Person","@id":"https:\/\/ejornais.com.br\/index.php\/author\/#author","url":"https:\/\/ejornais.com.br\/index.php\/author\/"},{"@type":"WebPage","@id":"https:\/\/ejornais.com.br\/index.php\/2024\/04\/20\/caravana-do-cuidar-leva-servicos-para-os-moradores-do-bairro-sao-jose\/#webpage","url":"https:\/\/ejornais.com.br\/index.php\/2024\/04\/20\/caravana-do-cuidar-leva-servicos-para-os-moradores-do-bairro-sao-jose\/","name":"Caravana do Cuidar leva servi\u00e7os para os moradores do bairro S\u00e3o Jos\u00e9 - eJornais","description":"Sa\u00fade e cidadania Caravana do Cuidar leva servi\u00e7os para os moradores do bairro S\u00e3o Jos\u00e9 19\/04\/2024 | 19:00 | 17 A passagem da Caravana do Cuidar pelo bairro S\u00e3o Jos\u00e9, nesta sexta-feira (19), reuniu os moradores na Pra\u00e7a da Laje e registrou 206 atendimentos nos servi\u00e7os de sa\u00fade, assist\u00eancia social, direito do consumidor","inLanguage":"pt-BR","isPartOf":{"@id":"https:\/\/ejornais.com.br\/#website"},"breadcrumb":{"@id":"https:\/\/ejornais.com.br\/index.php\/2024\/04\/20\/caravana-do-cuidar-leva-servicos-para-os-moradores-do-bairro-sao-jose\/#breadcrumblist"},"author":{"@id":"https:\/\/ejornais.com.br\/index.php\/author\/#author"},"creator":{"@id":"https:\/\/ejornais.com.br\/index.php\/author\/#author"},"datePublished":"2024-04-20T02:28:08-03:00","dateModified":"2024-04-20T02:28:08-03:00"},{"@type":"WebSite","@id":"https:\/\/ejornais.com.br\/#website","url":"https:\/\/ejornais.com.br\/","name":"eJornais","description":"Cat\u00e1logo de Jornais no mundo, Not\u00edcias, Blog e Esportes ao vivo","inLanguage":"pt-BR","publisher":{"@id":"https:\/\/ejornais.com.br\/#organization"}}]},"og:locale":"pt_BR","og:site_name":"eJornais - Cat\u00e1logo de Jornais no mundo, Not\u00edcias, Blog e Esportes ao vivo","og:type":"article","og:title":"Caravana do Cuidar leva servi\u00e7os para os moradores do bairro S\u00e3o Jos\u00e9 - eJornais","og:description":"Sa\u00fade e cidadania Caravana do Cuidar leva servi\u00e7os para os moradores do bairro S\u00e3o Jos\u00e9 19\/04\/2024 | 19:00 | 17 A passagem da Caravana do Cuidar pelo bairro S\u00e3o Jos\u00e9, nesta sexta-feira (19), reuniu os moradores na Pra\u00e7a da Laje e registrou 206 atendimentos nos servi\u00e7os de sa\u00fade, assist\u00eancia social, direito do consumidor","og:url":"https:\/\/ejornais.com.br\/index.php\/2024\/04\/20\/caravana-do-cuidar-leva-servicos-para-os-moradores-do-bairro-sao-jose\/","article:published_time":"2024-04-20T05:28:08+00:00","article:modified_time":"2024-04-20T05:28:08+00:00","twitter:card":"summary_large_image","twitter:title":"Caravana do Cuidar leva servi\u00e7os para os moradores do bairro S\u00e3o Jos\u00e9 - eJornais","twitter:description":"Sa\u00fade e cidadania Caravana do Cuidar leva servi\u00e7os para os moradores do bairro S\u00e3o Jos\u00e9 19\/04\/2024 | 19:00 | 17 A passagem da Caravana do Cuidar pelo bairro S\u00e3o Jos\u00e9, nesta sexta-feira (19), reuniu os moradores na Pra\u00e7a da Laje e registrou 206 atendimentos nos servi\u00e7os de sa\u00fade, assist\u00eancia social, direito do consumidor"},"aioseo_meta_data":{"post_id":"23519","title":null,"description":null,"keywords":null,"keyphrases":null,"primary_term":null,"canonical_url":null,"og_title":null,"og_description":null,"og_object_type":"default","og_image_type":"default","og_image_url":null,"og_image_width":null,"og_image_height":null,"og_image_custom_url":null,"og_image_custom_fields":null,"og_video":null,"og_custom_url":null,"og_article_section":null,"og_article_tags":null,"twitter_use_og":false,"twitter_card":"default","twitter_image_type":"default","twitter_image_url":null,"twitter_image_custom_url":null,"twitter_image_custom_fields":null,"twitter_title":null,"twitter_description":null,"schema":{"blockGraphs":[],"customGraphs":[],"default":{"data":{"Article":[],"Course":[],"Dataset":[],"FAQPage":[],"Movie":[],"Person":[],"Product":[],"ProductReview":[],"Car":[],"Recipe":[],"Service":[],"SoftwareApplication":[],"WebPage":[]},"graphName":"","isEnabled":true},"graphs":[]},"schema_type":"default","schema_type_options":null,"pillar_content":false,"robots_default":true,"robots_noindex":false,"robots_noarchive":false,"robots_nosnippet":false,"robots_nofollow":false,"robots_noimageindex":false,"robots_noodp":false,"robots_notranslate":false,"robots_max_snippet":null,"robots_max_videopreview":null,"robots_max_imagepreview":"large","priority":null,"frequency":null,"local_seo":null,"breadcrumb_settings":null,"limit_modified_date":false,"ai":null,"created":"2024-04-20 05:37:46","updated":"2025-06-05 09:48:59","seo_analyzer_scan_date":null,"focus_keyword":null,"additional_keywords":null,"truseo_locale":null},"aioseo_breadcrumb":"<div class=\"aioseo-breadcrumbs\"><span class=\"aioseo-breadcrumb\">\n\t\t\t<a href=\"https:\/\/ejornais.com.br\" title=\"In\u00edcio\">In\u00edcio<\/a>\n\t\t<\/span><span class=\"aioseo-breadcrumb-separator\">&raquo;<\/span><span class=\"aioseo-breadcrumb\">\n\t\t\t<a href=\"https:\/\/ejornais.com.br\/index.php\/category\/ejornais\/\" title=\"Cat\u00e1logo de Jornais\">Cat\u00e1logo de Jornais<\/a>\n\t\t<\/span><span class=\"aioseo-breadcrumb-separator\">&raquo;<\/span><span class=\"aioseo-breadcrumb\">\n\t\t\tCaravana do Cuidar leva servi\u00e7os para os moradores do bairro S\u00e3o Jos\u00e9\n\t\t<\/span><\/div>","aioseo_breadcrumb_json":[{"label":"In\u00edcio","link":"https:\/\/ejornais.com.br"},{"label":"Cat\u00e1logo de Jornais","link":"https:\/\/ejornais.com.br\/index.php\/category\/ejornais\/"},{"label":"Caravana do Cuidar leva servi\u00e7os para os moradores do bairro S\u00e3o Jos\u00e9","link":"https:\/\/ejornais.com.br\/index.php\/2024\/04\/20\/caravana-do-cuidar-leva-servicos-para-os-moradores-do-bairro-sao-jose\/"}],"amp_enabled":true,"_links":{"self":[{"href":"https:\/\/ejornais.com.br\/index.php\/wp-json\/wp\/v2\/posts\/23519","targetHints":{"allow":["GET"]}}],"collection":[{"href":"https:\/\/ejornais.com.br\/index.php\/wp-json\/wp\/v2\/posts"}],"about":[{"href":"https:\/\/ejornais.com.br\/index.php\/wp-json\/wp\/v2\/types\/post"}],"author":[{"embeddable":true,"href":"https:\/\/ejornais.com.br\/index.php\/wp-json\/wp\/v2\/users\/1"}],"replies":[{"embeddable":true,"href":"https:\/\/ejornais.com.br\/index.php\/wp-json\/wp\/v2\/comments?post=23519"}],"version-history":[{"count":0,"href":"https:\/\/ejornais.com.br\/index.php\/wp-json\/wp\/v2\/posts\/23519\/revisions"}],"wp:attachment":[{"href":"https:\/\/ejornais.com.br\/index.php\/wp-json\/wp\/v2\/media?parent=23519"}],"wp:term":[{"taxonomy":"category","embeddable":true,"href":"https:\/\/ejornais.com.br\/index.php\/wp-json\/wp\/v2\/categories?post=23519"},{"taxonomy":"post_tag","embeddable":true,"href":"https:\/\/ejornais.com.br\/index.php\/wp-json\/wp\/v2\/tags?post=23519"}],"curies":[{"name":"wp","href":"https:\/\/api.w.org\/{rel}","templated":true}]}}