{"id":23686,"date":"2024-04-22T20:32:43","date_gmt":"2024-04-22T23:32:43","guid":{"rendered":"https:\/\/ejornais.com.br\/index.php\/2024\/04\/22\/que-horas-comeca-renascer-e-libertadores-flamengo-e-palmeiras\/"},"modified":"2024-04-22T20:32:43","modified_gmt":"2024-04-22T23:32:43","slug":"que-horas-comeca-renascer-e-libertadores-flamengo-e-palmeiras","status":"publish","type":"post","link":"https:\/\/ejornais.com.br\/index.php\/2024\/04\/22\/que-horas-comeca-renascer-e-libertadores-flamengo-e-palmeiras\/","title":{"rendered":"QUE HORAS COME\u00c7A RENASCER E LIBERTADORES FLAMENGO E PALMEIRAS?"},"content":{"rendered":"<p> Por MRNews<br \/>\n<\/p>\n<p>A Rede Globo de Televis\u00e3o divulgou sua grade desta<strong> semana. FILMES, NOVELAS E JORNALISMO<\/strong>\u00a0e toda a grade de programa\u00e7\u00e3o <strong>de hoje, 24\/04.<\/strong><\/p>\n<div>\n<h2>Guia de Programa\u00e7\u00e3o da TV Globo \u2013 Quarta-feira, 24 de Abril de 2024<\/h2>\n<p>Prepare-se para um dia repleto de entretenimento, not\u00edcias e divers\u00e3o com a programa\u00e7\u00e3o especial da TV Globo para esta quarta-feira, 24 de abril de 2024. Desde programas matinais at\u00e9 com\u00e9dias na madrugada, h\u00e1 algo para todos os gostos. Confira abaixo o que est\u00e1 reservado para voc\u00ea!<\/p>\n<h2>Manh\u00e3<\/h2>\n<p>\u2013 **04:00 \u2013 Hora Um**<br \/>Comece o dia bem informado com as \u00faltimas not\u00edcias do Brasil e do mundo no Hora Um.<\/p>\n<p>\u2013 **06:00 \u2013 Bom Dia Pra\u00e7a**<br \/>Junte-se \u00e0 equipe do Bom Dia Pra\u00e7a para come\u00e7ar o dia com not\u00edcias locais, previs\u00e3o do tempo e muito mais.<\/p>\n<p>\u2013 **08:30 \u2013 Bom Dia Brasil**<br \/>Fique por dentro das principais not\u00edcias nacionais e internacionais com o Bom Dia Brasil.<\/p>\n<p>\u2013 **09:30 \u2013 Encontro Com Patr\u00edcia Poeta**<br \/>Entretenimento, m\u00fasica e entrevistas interessantes esperam por voc\u00ea no Encontro com Patr\u00edcia Poeta.<\/p>\n<p>\u2013 **10:35 \u2013 Mais Voc\u00ea**<br \/>Ana Maria Braga e Louro Jos\u00e9 trazem receitas deliciosas, dicas de sa\u00fade e hist\u00f3rias inspiradoras no Mais Voc\u00ea.<\/p>\n<p>\u2013 **11:45 \u2013 Pra\u00e7a TV \u2013 1\u00aa Edi\u00e7\u00e3o**<br \/>As not\u00edcias locais continuam com a primeira edi\u00e7\u00e3o do Pra\u00e7a TV.<\/p>\n<h2>Tarde<\/h2>\n<p>\u2013 **13:00 \u2013 Globo Esporte**<br \/>Fique por dentro de tudo o que acontece no mundo dos esportes com o Globo Esporte.<\/p>\n<p>\u2013 **13:25 \u2013 Jornal Hoje**<br \/>As principais not\u00edcias do dia em uma edi\u00e7\u00e3o din\u00e2mica e atualizada do Jornal Hoje.<\/p>\n<p>\u2013 **14:45 \u2013 Cheias de Charme**<br \/>Acompanhe as aventuras e desventuras das empreguetes em Cheias de Charme.<\/p>\n<p>\u2013 **15:25 \u2013 Sess\u00e3o da Tarde \u2013 Sem Palavras**<br \/>Uma tarde de cinema com o filme \u201cSem Palavras\u201d na Sess\u00e3o da Tarde.<\/p>\n<p>\u2013 **17:05 \u2013 Vale a Pena Ver de Novo \u2013 Para\u00edso Tropical**<br \/>Reviva os momentos emocionantes da novela Para\u00edso Tropical no Vale a Pena Ver de Novo.<\/p>\n<h2>Noite<\/h2>\n<p>\u2013 **18:05 \u2013 No Rancho Fundo**<br \/>Acompanhe hist\u00f3rias emocionantes e inspiradoras em No Rancho Fundo.<\/p>\n<p>\u2013 **18:45 \u2013 Pra\u00e7a TV \u2013 2\u00aa Edi\u00e7\u00e3o**<br \/>Atualize-se com as \u00faltimas not\u00edcias locais na segunda edi\u00e7\u00e3o do Pra\u00e7a TV.<\/p>\n<p>\u2013 **19:15 \u2013 Fam\u00edlia \u00e9 Tudo**<br \/>Uma s\u00e9rie que celebra os la\u00e7os familiares e os momentos preciosos passados juntos.<\/p>\n<p>\u2013 **20:00 \u2013 Jornal Nacional**<br \/>William Bonner e Renata Vasconcellos apresentam as principais not\u00edcias do Brasil e do mundo no Jornal Nacional.<\/p>\n<p>\u2013 **20:30 \u2013 Renascer**<br \/>N\u00e3o perca o pr\u00f3ximo cap\u00edtulo da emocionante novela Renascer.<\/p>\n<p>\u2013 **21:15 \u2013 Futebol**<br \/>Acompanhe a cobertura completa dos jogos de futebol da noite.<\/p>\n<p>\u2013 **23:30 \u2013 Segue o Jogo**<br \/>An\u00e1lises, coment\u00e1rios e destaques do mundo esportivo em Segue o Jogo.<\/p>\n<p>## Madrugada<\/p>\n<p>\u2013 **23:45 \u2013 Que Hist\u00f3ria \u00e9 Essa Porchat?**<br \/>Ria muito com as hist\u00f3rias hil\u00e1rias contadas por convidados especiais no Que Hist\u00f3ria \u00e9 Essa Porchat?<\/p>\n<p>\u2013 **00:30 \u2013 Jornal da Globo**<br \/>As not\u00edcias mais importantes do dia em uma edi\u00e7\u00e3o especial do Jornal da Globo.<\/p>\n<p>\u2013 **01:20 \u2013 Conversa com Bial**<br \/>Bate-papos interessantes e entrevistas exclusivas com Pedro Bial.<\/p>\n<p>\u2013 **02:00 \u2013 Fam\u00edlia \u00e9 Tudo**<br \/>Reviva epis\u00f3dios emocionantes da s\u00e9rie Fam\u00edlia \u00e9 Tudo.<\/p>\n<p>\u2013 **02:40 \u2013 Com\u00e9dia Na Madruga I**<br \/>Divers\u00e3o garantida com as melhores com\u00e9dias na madrugada.<\/p>\n<p>\u2013 **03:25 \u2013 Com\u00e9dia Na Madruga II**<br \/>Mais risadas e divers\u00e3o com a continua\u00e7\u00e3o das com\u00e9dias na madrugada.<\/p>\n<p>Fique ligado na TV Globo e desfrute de um dia repleto de programa\u00e7\u00e3o de qualidade, informa\u00e7\u00e3o e entretenimento para toda a fam\u00edlia!<\/p>\n<\/div>\n","protected":false},"excerpt":{"rendered":"<p>Por MRNews A Rede Globo de Televis\u00e3o divulgou sua grade desta semana. FILMES, NOVELAS E JORNALISMO\u00a0e toda a grade de<\/p>\n","protected":false},"author":2,"featured_media":0,"comment_status":"open","ping_status":"open","sticky":false,"template":"","format":"standard","meta":{"colormag_page_container_layout":"default_layout","colormag_page_sidebar_layout":"default_layout","footnotes":""},"categories":[1],"tags":[],"class_list":["post-23686","post","type-post","status-publish","format-standard","hentry","category-ejornais"],"aioseo_notices":[],"amp_enabled":true,"_links":{"self":[{"href":"https:\/\/ejornais.com.br\/index.php\/wp-json\/wp\/v2\/posts\/23686","targetHints":{"allow":["GET"]}}],"collection":[{"href":"https:\/\/ejornais.com.br\/index.php\/wp-json\/wp\/v2\/posts"}],"about":[{"href":"https:\/\/ejornais.com.br\/index.php\/wp-json\/wp\/v2\/types\/post"}],"author":[{"embeddable":true,"href":"https:\/\/ejornais.com.br\/index.php\/wp-json\/wp\/v2\/users\/2"}],"replies":[{"embeddable":true,"href":"https:\/\/ejornais.com.br\/index.php\/wp-json\/wp\/v2\/comments?post=23686"}],"version-history":[{"count":0,"href":"https:\/\/ejornais.com.br\/index.php\/wp-json\/wp\/v2\/posts\/23686\/revisions"}],"wp:attachment":[{"href":"https:\/\/ejornais.com.br\/index.php\/wp-json\/wp\/v2\/media?parent=23686"}],"wp:term":[{"taxonomy":"category","embeddable":true,"href":"https:\/\/ejornais.com.br\/index.php\/wp-json\/wp\/v2\/categories?post=23686"},{"taxonomy":"post_tag","embeddable":true,"href":"https:\/\/ejornais.com.br\/index.php\/wp-json\/wp\/v2\/tags?post=23686"}],"curies":[{"name":"wp","href":"https:\/\/api.w.org\/{rel}","templated":true}]}}