{"id":23764,"date":"2024-04-23T15:36:47","date_gmt":"2024-04-23T18:36:47","guid":{"rendered":"https:\/\/ejornais.com.br\/index.php\/2024\/04\/23\/novo-conceito-de-parcerias-garante-melhores-entregas-a-populacao-agencia-de-noticias-do-governo-de-mato-grosso-do-sul\/"},"modified":"2024-04-23T15:36:47","modified_gmt":"2024-04-23T18:36:47","slug":"novo-conceito-de-parcerias-garante-melhores-entregas-a-populacao-agencia-de-noticias-do-governo-de-mato-grosso-do-sul","status":"publish","type":"post","link":"https:\/\/ejornais.com.br\/index.php\/2024\/04\/23\/novo-conceito-de-parcerias-garante-melhores-entregas-a-populacao-agencia-de-noticias-do-governo-de-mato-grosso-do-sul\/","title":{"rendered":"novo conceito de parcerias garante melhores entregas \u00e0 popula\u00e7\u00e3o \u2013 Ag\u00eancia de Noticias do Governo de Mato Grosso do Sul"},"content":{"rendered":"<p><\/p>\n<div>\n<p>Estado e munic\u00edpios juntos e participando ativamente da constru\u00e7\u00e3o de uma gest\u00e3o eficiente, orientada por metas para garantir entregas e melhores servi\u00e7os \u00e0 popula\u00e7\u00e3o. \u00c9 com esse intuito que o governador de Mato Grosso do Sul, Eduardo Riedel, lan\u00e7ou nesta segunda-feira (22), no Centro de Conven\u00e7\u00f5es Arquiteto Rubens Gil de Camillo, em Campo Grande, o programa \u201cMS Ativo Municipalismo&#8221;, tendo quatro \u00e1reas como priorit\u00e1rias: Educa\u00e7\u00e3o, Infraestrutura, Sa\u00fade e Assist\u00eancia Social.<\/p>\n<p>O MS Ativo \u00e9 uma maneira diferente de fazer gest\u00e3o p\u00fablica, por meio de uma parceria inovadora entre a gest\u00e3o estadual e os munic\u00edpios, orientada por resultados para a solu\u00e7\u00e3o dos desafios espec\u00edficos de cada cidade. Foram convidados para o lan\u00e7amento MS Ativo Municipalismo os 79 prefeitos de Mato Grosso do Sul.<\/p>\n<\/p>\n<p>Ao longo de todo o ano passado e in\u00edcio de 2024, foi realizada primeira fase dessa iniciativa, embasada nas demandas de cada munic\u00edpio, em especial, em infraestrutura urbana e rodovi\u00e1ria. Agora, o Governo do Estado d\u00e1 in\u00edcio \u00e0 2\u00aa fase do programa, que \u00e9 o municipalismo baseado em programas.<\/p>\n<\/p>\n<p>O governador Eduardo Riedel explica que os munic\u00edpios v\u00e3o ser contemplados por programas j\u00e1 estabelecidos. Nesse modelo, os munic\u00edpios ter\u00e3o acesso a informa\u00e7\u00f5es e suporte t\u00e9cnico especializado, fortalecendo suas capacidades e ampliando o impacto das pol\u00edticas p\u00fablicas implementadas.<\/p>\n<p>\u201cO Municipalismo MS Ativo \u00e9 um segundo momento do municipalismo. O primeiro \u00e9 aquela intera\u00e7\u00e3o direta da demanda de infraestrutura. Ela continua, mas a gente vai al\u00e9m. N\u00e3o tem como fazer sa\u00fade, educa\u00e7\u00e3o e assist\u00eancia social se n\u00e3o for em uma parceria estreita com o munic\u00edpio. \u00c9 o que a gente vai mostrar. O 2\u00ba momento s\u00e3o os programas. E o 3\u00ba momento, que vai ser constru\u00eddo a partir de agora, \u00e9 o sistema de coopera\u00e7\u00e3o com monitoramento dos resultados por essa parceria\u201d, disse o governador.<\/p>\n<\/p>\n<p><strong>Educa\u00e7\u00e3o<\/strong><\/p>\n<p>Por meio do MS Ativo Municipalismo, s\u00e3o ofertados estrat\u00e9gias e mecanismos para melhorarem a qualidade do ensino no Estado, como a implanta\u00e7\u00e3o do Programa MS Matem\u00e1tica, em apoio ao desenvolvimento da aprendizagem desta disciplina, no ciclo de 4\u00ba e 5\u00ba ano, dispon\u00edveis para 135 escolas municipais e 112 escolas estaduais.<\/p>\n<p>O governo tamb\u00e9m oferecer\u00e1 forma\u00e7\u00e3o continuada para professores e coordenadores pedag\u00f3gicos da rede, e o fortalecimento da aprendizagem com \u00eanfase na aquisi\u00e7\u00e3o das compet\u00eancias de leitura e escrita adequadas \u00e0 idade e n\u00edvel de escolariza\u00e7\u00e3o dos estudantes, alcan\u00e7ando 700 escolas e mais de 84 mil estudantes.<\/p>\n<p>Em 2023 e 2024, os investimentos do Governo na melhoria da infraestrutura e tecnologia para educa\u00e7\u00e3o somaram mais de R$ 670 milh\u00f5es.<\/p>\n<p><strong>Sa\u00fade<\/strong><\/p>\n<p>Na aten\u00e7\u00e3o prim\u00e1ria, haver\u00e1 investimentos em tecnologia para melhoria na coleta e transfer\u00eancia de dados possibilitando um planejamento regional integrado, al\u00e9m da revitaliza\u00e7\u00e3o da estrutura assistencial das unidades b\u00e1sicas de sa\u00fade e sa\u00fade bucal, com possibilidade de amplia\u00e7\u00e3o do atendimento para o per\u00edodo noturno.\u00a0 S\u00e3o mais de R$ 1,8 bilh\u00e3o em obras, repasses e novos programas.<\/p>\n<p><strong>Assist\u00eancia Social<\/strong><\/p>\n<p>A busca ativa ser\u00e1 estendida com o Cras volante com intuito de chegar \u00e0s comunidades mais distantes, fortalecendo e ampliando a atua\u00e7\u00e3o do munic\u00edpio.\u00a0 As informa\u00e7\u00f5es ser\u00e3o repassadas ao Cadastro de Inclus\u00e3o Social Ativo, o CIS-Ativo MS, que vai permitir mais efici\u00eancia no trabalho de erradica\u00e7\u00e3o da pobreza extrema em MS. Em 2023, foram investidos na \u00e1rea aproximadamente R$ 460 milh\u00f5es e para 2024 a previs\u00e3o \u00e9 de mais de R$ 540 milh\u00f5es.<\/p>\n<p><strong>Infraestrutura <\/strong><\/p>\n<p>No ano passado foram investidos em infraestrutura mais de R$ 2,3 bilh\u00f5es. Para 2024 est\u00e3o programados mais R$ 2,5 bilh\u00f5es e j\u00e1 est\u00e3o previstos para 2025 e 2026 mais R$ 5 bilh\u00f5es em investimentos para melhorar a vida das pessoas.<\/p>\n<div id=\"gallery-2\" class=\"gallery galleryid-473969 gallery-columns-4 gallery-size-full\">\n<figure class=\"gallery-item\">\n<div class=\"gallery-icon landscape\"><\/div><figcaption class=\"wp-caption-text gallery-caption\" id=\"gallery-2-474013\">\n\t\t\t\tPresidente da Uni\u00e3o das C\u00e2mara de Vereadores, Jeovani Vieira dos Santos<br \/>\n\t\t\t\t<\/figcaption><\/figure>\n<figure class=\"gallery-item\">\n<div class=\"gallery-icon landscape\"><\/div><figcaption class=\"wp-caption-text gallery-caption\" id=\"gallery-2-474012\">\n\t\t\t\tPresidente da Assomasul, Valdir Couto de Souza J\u00fanior prefeito<br \/>\n\t\t\t\t<\/figcaption><\/figure>\n<figure class=\"gallery-item\">\n<div class=\"gallery-icon landscape\"><\/div><figcaption class=\"wp-caption-text gallery-caption\" id=\"gallery-2-474011\">\n\t\t\t\tCoordenador da bancada federal, Vander Loubet<br \/>\n\t\t\t\t<\/figcaption><\/figure>\n<figure class=\"gallery-item\">\n<div class=\"gallery-icon landscape\"><\/div><figcaption class=\"wp-caption-text gallery-caption\" id=\"gallery-2-474010\">\n\t\t\t\tPresidente da Assembleia Legislativa, Gerson Claro (Fotos: Bruno Rezende)<br \/>\n\t\t\t\t<\/figcaption><\/figure>\n<\/p><\/div>\n<figure id=\"attachment_474060\" aria-describedby=\"caption-attachment-474060\" style=\"width: 1024px\" class=\"wp-caption aligncenter\"><figcaption id=\"caption-attachment-474060\" class=\"wp-caption-text\"><em>Governador no encerramento do evento <\/em><\/figcaption><\/figure>\n<p><em>Alexandre Gonzaga, Comunica\u00e7\u00e3o do Governo de MS<br \/><\/em><em>Fotos: Saul Schramm<\/em><\/p>\n<p>ATEN\u00c7\u00c3O IMPRENSA: O pack est\u00e1 dispon\u00edvel em <span style=\"color: #0000ff;\">https:\/\/drive.google.com\/drive\/folders\/1cBkNRlWuZ2AfuhCZirINETvn9_jWZMfY?usp=sharing<\/span>.<\/p>\n<\/div>\n","protected":false},"excerpt":{"rendered":"<p>Estado e munic\u00edpios juntos e participando ativamente da constru\u00e7\u00e3o de uma gest\u00e3o eficiente, orientada por metas para garantir entregas e<\/p>\n","protected":false},"author":1,"featured_media":0,"comment_status":"open","ping_status":"open","sticky":false,"template":"","format":"standard","meta":{"colormag_page_container_layout":"default_layout","colormag_page_sidebar_layout":"default_layout","footnotes":""},"categories":[],"tags":[],"class_list":["post-23764","post","type-post","status-publish","format-standard","hentry"],"aioseo_notices":[],"amp_enabled":true,"_links":{"self":[{"href":"https:\/\/ejornais.com.br\/index.php\/wp-json\/wp\/v2\/posts\/23764","targetHints":{"allow":["GET"]}}],"collection":[{"href":"https:\/\/ejornais.com.br\/index.php\/wp-json\/wp\/v2\/posts"}],"about":[{"href":"https:\/\/ejornais.com.br\/index.php\/wp-json\/wp\/v2\/types\/post"}],"author":[{"embeddable":true,"href":"https:\/\/ejornais.com.br\/index.php\/wp-json\/wp\/v2\/users\/1"}],"replies":[{"embeddable":true,"href":"https:\/\/ejornais.com.br\/index.php\/wp-json\/wp\/v2\/comments?post=23764"}],"version-history":[{"count":0,"href":"https:\/\/ejornais.com.br\/index.php\/wp-json\/wp\/v2\/posts\/23764\/revisions"}],"wp:attachment":[{"href":"https:\/\/ejornais.com.br\/index.php\/wp-json\/wp\/v2\/media?parent=23764"}],"wp:term":[{"taxonomy":"category","embeddable":true,"href":"https:\/\/ejornais.com.br\/index.php\/wp-json\/wp\/v2\/categories?post=23764"},{"taxonomy":"post_tag","embeddable":true,"href":"https:\/\/ejornais.com.br\/index.php\/wp-json\/wp\/v2\/tags?post=23764"}],"curies":[{"name":"wp","href":"https:\/\/api.w.org\/{rel}","templated":true}]}}