{"id":23812,"date":"2024-04-24T07:01:42","date_gmt":"2024-04-24T10:01:42","guid":{"rendered":"https:\/\/ejornais.com.br\/index.php\/2024\/04\/24\/aliado-a-baixa-umidade-do-ar-mato-grosso-do-sul-registra-altas-temperaturas-nesta-quarta-feira\/"},"modified":"2024-04-24T07:01:42","modified_gmt":"2024-04-24T10:01:42","slug":"aliado-a-baixa-umidade-do-ar-mato-grosso-do-sul-registra-altas-temperaturas-nesta-quarta-feira","status":"publish","type":"post","link":"https:\/\/ejornais.com.br\/index.php\/2024\/04\/24\/aliado-a-baixa-umidade-do-ar-mato-grosso-do-sul-registra-altas-temperaturas-nesta-quarta-feira\/","title":{"rendered":"Aliado \u00e0 baixa umidade do ar, Mato Grosso do Sul registra altas temperaturas nesta quarta-feira"},"content":{"rendered":"<p><\/p>\n<div id=\"post-474137\">\n<div class=\"text-center\"><\/div>\n<div class=\"entry\">\n<p>Para esta quarta-feira (24), a previs\u00e3o indica sol e pouca nebulosidade em grande parte de Mato Grosso do Sul. De acordo com o Cemtec (Centro de Monitoramento do Tempo e do Clima), ocorre uma situa\u00e7\u00e3o meteorol\u00f3gica em que a atua\u00e7\u00e3o de um sistema de alta press\u00e3o atmosf\u00e9rica favorece o tempo seco, inibindo a forma\u00e7\u00e3o de nuvens e chuva em grande escala.<\/p>\n<p>Em Campo Grande, a m\u00ednima prevista \u00e9 de 23\u00b0C e a m\u00e1xima chega a 33\u00b0C. Dourados marca 22\u00b0C pela manh\u00e3 e 34\u00b0C \u00e0 tarde. Os munic\u00edpios de Ponta Por\u00e3 e Anauril\u00e2ndia, nas regi\u00f5es Sul-Fronteira e Leste, apresentam m\u00ednimas de 21\u00b0C e m\u00e1ximas de 31\u00b0C e 35\u00b0C, respectivamente.<\/p>\n<p>Na regi\u00e3o do Bols\u00e3o, os term\u00f4metros em Parana\u00edba registram 20\u00b0C inicialmente e atingem 33\u00b0C ao longo do dia, j\u00e1 Tr\u00eas Lagoas tem varia\u00e7\u00e3o entre 21\u00b0C e 34\u00b0C. Coxim e Camapu\u00e3, no Norte, marcam valores semelhantes, entre 20\u00b0C e 34\u00b0C.<\/p>\n<p>No Pantanal, Aquidauana e Corumb\u00e1 chegam aos 34\u00b0C nos hor\u00e1rios mais quentes, com m\u00ednimas respectivas de 23\u00b0C e 36\u00b0C. Porto Murtinho, na regi\u00e3o Sudoeste, tem 26\u00b0C pela manh\u00e3 e 35\u00b0C \u00e0 tarde.<\/p>\n<\/p>\n<p><em>Heloisa Duim, do Programa de Est\u00e1gio Supervisionado<\/em><\/p>\n<p><em>Foto: \u00c1lvaro Rezende<\/em><\/p>\n<\/div><\/div>\n","protected":false},"excerpt":{"rendered":"<p>Para esta quarta-feira (24), a previs\u00e3o indica sol e pouca nebulosidade em grande parte de Mato Grosso do Sul. De<\/p>\n","protected":false},"author":1,"featured_media":0,"comment_status":"open","ping_status":"open","sticky":false,"template":"","format":"standard","meta":{"colormag_page_container_layout":"default_layout","colormag_page_sidebar_layout":"default_layout","footnotes":""},"categories":[],"tags":[],"class_list":["post-23812","post","type-post","status-publish","format-standard","hentry"],"aioseo_notices":[],"amp_enabled":true,"_links":{"self":[{"href":"https:\/\/ejornais.com.br\/index.php\/wp-json\/wp\/v2\/posts\/23812","targetHints":{"allow":["GET"]}}],"collection":[{"href":"https:\/\/ejornais.com.br\/index.php\/wp-json\/wp\/v2\/posts"}],"about":[{"href":"https:\/\/ejornais.com.br\/index.php\/wp-json\/wp\/v2\/types\/post"}],"author":[{"embeddable":true,"href":"https:\/\/ejornais.com.br\/index.php\/wp-json\/wp\/v2\/users\/1"}],"replies":[{"embeddable":true,"href":"https:\/\/ejornais.com.br\/index.php\/wp-json\/wp\/v2\/comments?post=23812"}],"version-history":[{"count":0,"href":"https:\/\/ejornais.com.br\/index.php\/wp-json\/wp\/v2\/posts\/23812\/revisions"}],"wp:attachment":[{"href":"https:\/\/ejornais.com.br\/index.php\/wp-json\/wp\/v2\/media?parent=23812"}],"wp:term":[{"taxonomy":"category","embeddable":true,"href":"https:\/\/ejornais.com.br\/index.php\/wp-json\/wp\/v2\/categories?post=23812"},{"taxonomy":"post_tag","embeddable":true,"href":"https:\/\/ejornais.com.br\/index.php\/wp-json\/wp\/v2\/tags?post=23812"}],"curies":[{"name":"wp","href":"https:\/\/api.w.org\/{rel}","templated":true}]}}