{"id":24018,"date":"2024-04-26T20:16:05","date_gmt":"2024-04-26T23:16:05","guid":{"rendered":"https:\/\/ejornais.com.br\/index.php\/2024\/04\/26\/agetran-informa-interdicoes-para-este-fim-de-semana-cgnoticias\/"},"modified":"2024-04-26T20:16:05","modified_gmt":"2024-04-26T23:16:05","slug":"agetran-informa-interdicoes-para-este-fim-de-semana-cgnoticias","status":"publish","type":"post","link":"https:\/\/ejornais.com.br\/index.php\/2024\/04\/26\/agetran-informa-interdicoes-para-este-fim-de-semana-cgnoticias\/","title":{"rendered":"Agetran informa interdi\u00e7\u00f5es para este fim de semana \u2013 CGNot\u00edcias"},"content":{"rendered":"<p><\/p>\n<div>\n<p dir=\"ltr\">A Ag\u00eancia Municipal de Transporte e Tr\u00e2nsito (Agetran) alerta para as interdi\u00e7\u00f5es no fim de semana. A orienta\u00e7\u00e3o \u00e9 para que os condutores e pedestres tenham aten\u00e7\u00e3o redobrada nesses locais de interdi\u00e7\u00e3o e possam planejar outras rotas.<\/p>\n<p dir=\"ltr\">Confira as interdi\u00e7\u00f5es:<\/p>\n<p dir=\"ltr\"><strong>S\u00e1bado, 27 de abril<\/strong><\/p>\n<p dir=\"ltr\">Local: Rua Indian\u00e1polis entre a Rua Nazar\u00e9 e Rua Barbacena (Pra\u00e7a do Jardim Noroeste)<br \/>Hor\u00e1rio: Das 15h at\u00e9 \u00e0s 00h<br \/>Evento:\u00a0Festa dos Povos Origin\u00e1rios<\/p>\n<p dir=\"ltr\">Local: Av. Brasil Central entre a Av. Duque de Caxias e Rua Taquari<br \/>Hor\u00e1rio: Das 07h at\u00e9 \u00e0s 12h<br \/>Evento:\u00a0Seletiva Para Amostra Brasileira de Foguetes (Mobfog 2024)<\/p>\n<p dir=\"ltr\">Local: Travessa Lydia Ba\u00eds, 29 entre a Rua Quinze de Novembro e a Rua Sete de Setembro<br \/>Hor\u00e1rio: Das 05h \u00e0s 10h<br \/>Evento:\u00a0Embarque dos Campistas- 27\u00ba Acampamento S\u00eanior<\/p>\n<p>Local: Igreja Batista Gets\u00eamani, Rua Planaltina, 397 \u2013 Jardim S\u00e3o Conrado entre a Rua Sargento Jonas S\u00e9rgio de Oliveira e Rua Pampulha<br \/>Hor\u00e1rio: Das 07h30 \u00e0s 17h30<br \/>Evento:\u00a0A\u00e7\u00e3o Social \u2013 Caravana Mission\u00e1ria Setor Lagoa<\/p>\n<p dir=\"ltr\"><strong>Domingo, 28 de abril<\/strong><\/p>\n<p dir=\"ltr\">Local: Av. Marinha entre a Rua Pen\u00edsula e Rua do Porto<br \/>Hor\u00e1rio: Das 15h \u00e0s 23h<br \/>Evento:\u00a0Paquera na Avenida<\/p>\n<p dir=\"ltr\">Local: 01 faixa de estacionamento e 01 faixa de rolamento da Rua Euclides da Cunha x Rua Bahia<br \/>Hor\u00e1rio: Das 06h \u00e0s 11h<br \/>Evento:\u00a0Poda De \u00c1rvores<\/p>\n<p dir=\"ltr\">Local: Rua Crist\u00f3v\u00e3o Lechuga Luengo- Residencial S\u00f3ter (Pista da Direita para o desembarque das comunidades ind\u00edgenas)<br \/>Hor\u00e1rio: Das 08h \u00e0s 19h<br \/>Evento:\u00a017\u00aa Edi\u00e7\u00e3o dos Jogos Urbanos dos Povos Ind\u00edgenas de Campo Grande 2024<\/p>\n<p dir=\"ltr\">Local: Rua Afonso Celso entre a Rua Artur Pires e Rua Francisco Chaves \u2013 Bairro Los Angeles<br \/>Hor\u00e1rio: Das 13h \u00e0s 19h<br \/>Evento:\u00a0Domingo em Fam\u00edlia<\/p>\n<\/div>\n<p><script async defer async defer src=\"https:\/\/connect.facebook.net\/en_US\/sdk.js?ver=1#xfbml=1&#038;version=v3.2\" id='prefeitura-campogrande-script-facebook-sdk-js'><\/script><\/p>\n","protected":false},"excerpt":{"rendered":"<p>A Ag\u00eancia Municipal de Transporte e Tr\u00e2nsito (Agetran) alerta para as interdi\u00e7\u00f5es no fim de semana. A orienta\u00e7\u00e3o \u00e9 para<\/p>\n","protected":false},"author":1,"featured_media":0,"comment_status":"open","ping_status":"open","sticky":false,"template":"","format":"standard","meta":{"colormag_page_container_layout":"default_layout","colormag_page_sidebar_layout":"default_layout","footnotes":""},"categories":[],"tags":[],"class_list":["post-24018","post","type-post","status-publish","format-standard","hentry"],"aioseo_notices":[],"aioseo_head":"\n\t\t<!-- All in One SEO 5.0.1.1 - aioseo.com -->\n\t<meta name=\"description\" content=\"A Ag\u00eancia Municipal de Transporte e Tr\u00e2nsito (Agetran) alerta para as interdi\u00e7\u00f5es no fim de semana. A orienta\u00e7\u00e3o \u00e9 para que os condutores e pedestres tenham aten\u00e7\u00e3o redobrada nesses locais de interdi\u00e7\u00e3o e possam planejar outras rotas. Confira as interdi\u00e7\u00f5es: S\u00e1bado, 27 de abril Local: Rua Indian\u00e1polis entre a Rua Nazar\u00e9 e Rua Barbacena (Pra\u00e7a\" \/>\n\t<meta name=\"robots\" content=\"max-image-preview:large\" \/>\n\t<link rel=\"canonical\" href=\"https:\/\/ejornais.com.br\/index.php\/2024\/04\/26\/agetran-informa-interdicoes-para-este-fim-de-semana-cgnoticias\/\" \/>\n\t<meta name=\"generator\" content=\"All in One SEO (AIOSEO) 5.0.1.1\" \/>\n\t\t<meta property=\"og:locale\" content=\"pt_BR\" \/>\n\t\t<meta property=\"og:site_name\" content=\"eJornais - Cat\u00e1logo de Jornais no mundo, Not\u00edcias, Blog e Esportes ao vivo\" \/>\n\t\t<meta property=\"og:type\" content=\"article\" \/>\n\t\t<meta property=\"og:title\" content=\"Agetran informa interdi\u00e7\u00f5es para este fim de semana \u2013 CGNot\u00edcias - eJornais\" \/>\n\t\t<meta property=\"og:description\" content=\"A Ag\u00eancia Municipal de Transporte e Tr\u00e2nsito (Agetran) alerta para as interdi\u00e7\u00f5es no fim de semana. A orienta\u00e7\u00e3o \u00e9 para que os condutores e pedestres tenham aten\u00e7\u00e3o redobrada nesses locais de interdi\u00e7\u00e3o e possam planejar outras rotas. Confira as interdi\u00e7\u00f5es: S\u00e1bado, 27 de abril Local: Rua Indian\u00e1polis entre a Rua Nazar\u00e9 e Rua Barbacena (Pra\u00e7a\" \/>\n\t\t<meta property=\"og:url\" content=\"https:\/\/ejornais.com.br\/index.php\/2024\/04\/26\/agetran-informa-interdicoes-para-este-fim-de-semana-cgnoticias\/\" \/>\n\t\t<meta property=\"article:published_time\" content=\"2024-04-26T23:16:05+00:00\" \/>\n\t\t<meta property=\"article:modified_time\" content=\"2024-04-26T23:16:05+00:00\" \/>\n\t\t<meta name=\"twitter:card\" content=\"summary_large_image\" \/>\n\t\t<meta name=\"twitter:title\" content=\"Agetran informa interdi\u00e7\u00f5es para este fim de semana \u2013 CGNot\u00edcias - eJornais\" \/>\n\t\t<meta name=\"twitter:description\" content=\"A Ag\u00eancia Municipal de Transporte e Tr\u00e2nsito (Agetran) alerta para as interdi\u00e7\u00f5es no fim de semana. A orienta\u00e7\u00e3o \u00e9 para que os condutores e pedestres tenham aten\u00e7\u00e3o redobrada nesses locais de interdi\u00e7\u00e3o e possam planejar outras rotas. Confira as interdi\u00e7\u00f5es: S\u00e1bado, 27 de abril Local: Rua Indian\u00e1polis entre a Rua Nazar\u00e9 e Rua Barbacena (Pra\u00e7a\" \/>\n\t\t<script type=\"application\/ld+json\" class=\"aioseo-schema\">\n\t\t\t{\"@context\":\"https:\\\/\\\/schema.org\",\"@graph\":[{\"@type\":\"BlogPosting\",\"@id\":\"https:\\\/\\\/ejornais.com.br\\\/index.php\\\/2024\\\/04\\\/26\\\/agetran-informa-interdicoes-para-este-fim-de-semana-cgnoticias\\\/#blogposting\",\"name\":\"Agetran informa interdi\\u00e7\\u00f5es para este fim de semana \\u2013 CGNot\\u00edcias - eJornais\",\"headline\":\"Agetran informa interdi\\u00e7\\u00f5es para este fim de semana \\u2013 CGNot\\u00edcias\",\"author\":{\"@id\":\"https:\\\/\\\/ejornais.com.br\\\/index.php\\\/author\\\/#author\"},\"publisher\":{\"@id\":\"https:\\\/\\\/ejornais.com.br\\\/#organization\"},\"datePublished\":\"2024-04-26T20:16:05-03:00\",\"dateModified\":\"2024-04-26T20:16:05-03:00\",\"inLanguage\":\"pt-BR\",\"mainEntityOfPage\":{\"@id\":\"https:\\\/\\\/ejornais.com.br\\\/index.php\\\/2024\\\/04\\\/26\\\/agetran-informa-interdicoes-para-este-fim-de-semana-cgnoticias\\\/#webpage\"},\"isPartOf\":{\"@id\":\"https:\\\/\\\/ejornais.com.br\\\/index.php\\\/2024\\\/04\\\/26\\\/agetran-informa-interdicoes-para-este-fim-de-semana-cgnoticias\\\/#webpage\"}},{\"@type\":\"BreadcrumbList\",\"@id\":\"https:\\\/\\\/ejornais.com.br\\\/index.php\\\/2024\\\/04\\\/26\\\/agetran-informa-interdicoes-para-este-fim-de-semana-cgnoticias\\\/#breadcrumblist\",\"itemListElement\":[{\"@type\":\"ListItem\",\"@id\":\"https:\\\/\\\/ejornais.com.br#listItem\",\"position\":1,\"name\":\"In\\u00edcio\",\"item\":\"https:\\\/\\\/ejornais.com.br\",\"nextItem\":{\"@type\":\"ListItem\",\"@id\":\"https:\\\/\\\/ejornais.com.br\\\/index.php\\\/2024\\\/04\\\/26\\\/agetran-informa-interdicoes-para-este-fim-de-semana-cgnoticias\\\/#listItem\",\"name\":\"Agetran informa interdi\\u00e7\\u00f5es para este fim de semana \\u2013 CGNot\\u00edcias\"}},{\"@type\":\"ListItem\",\"@id\":\"https:\\\/\\\/ejornais.com.br\\\/index.php\\\/2024\\\/04\\\/26\\\/agetran-informa-interdicoes-para-este-fim-de-semana-cgnoticias\\\/#listItem\",\"position\":2,\"name\":\"Agetran informa interdi\\u00e7\\u00f5es para este fim de semana \\u2013 CGNot\\u00edcias\",\"previousItem\":{\"@type\":\"ListItem\",\"@id\":\"https:\\\/\\\/ejornais.com.br#listItem\",\"name\":\"In\\u00edcio\"}}]},{\"@type\":\"Organization\",\"@id\":\"https:\\\/\\\/ejornais.com.br\\\/#organization\",\"name\":\"eJornais\",\"description\":\"Cat\\u00e1logo de Jornais no mundo, Not\\u00edcias, Blog e Esportes ao vivo\",\"url\":\"https:\\\/\\\/ejornais.com.br\\\/\"},{\"@type\":\"Person\",\"@id\":\"https:\\\/\\\/ejornais.com.br\\\/index.php\\\/author\\\/#author\",\"url\":\"https:\\\/\\\/ejornais.com.br\\\/index.php\\\/author\\\/\"},{\"@type\":\"WebPage\",\"@id\":\"https:\\\/\\\/ejornais.com.br\\\/index.php\\\/2024\\\/04\\\/26\\\/agetran-informa-interdicoes-para-este-fim-de-semana-cgnoticias\\\/#webpage\",\"url\":\"https:\\\/\\\/ejornais.com.br\\\/index.php\\\/2024\\\/04\\\/26\\\/agetran-informa-interdicoes-para-este-fim-de-semana-cgnoticias\\\/\",\"name\":\"Agetran informa interdi\\u00e7\\u00f5es para este fim de semana \\u2013 CGNot\\u00edcias - eJornais\",\"description\":\"A Ag\\u00eancia Municipal de Transporte e Tr\\u00e2nsito (Agetran) alerta para as interdi\\u00e7\\u00f5es no fim de semana. A orienta\\u00e7\\u00e3o \\u00e9 para que os condutores e pedestres tenham aten\\u00e7\\u00e3o redobrada nesses locais de interdi\\u00e7\\u00e3o e possam planejar outras rotas. Confira as interdi\\u00e7\\u00f5es: S\\u00e1bado, 27 de abril Local: Rua Indian\\u00e1polis entre a Rua Nazar\\u00e9 e Rua Barbacena (Pra\\u00e7a\",\"inLanguage\":\"pt-BR\",\"isPartOf\":{\"@id\":\"https:\\\/\\\/ejornais.com.br\\\/#website\"},\"breadcrumb\":{\"@id\":\"https:\\\/\\\/ejornais.com.br\\\/index.php\\\/2024\\\/04\\\/26\\\/agetran-informa-interdicoes-para-este-fim-de-semana-cgnoticias\\\/#breadcrumblist\"},\"author\":{\"@id\":\"https:\\\/\\\/ejornais.com.br\\\/index.php\\\/author\\\/#author\"},\"creator\":{\"@id\":\"https:\\\/\\\/ejornais.com.br\\\/index.php\\\/author\\\/#author\"},\"datePublished\":\"2024-04-26T20:16:05-03:00\",\"dateModified\":\"2024-04-26T20:16:05-03:00\"},{\"@type\":\"WebSite\",\"@id\":\"https:\\\/\\\/ejornais.com.br\\\/#website\",\"url\":\"https:\\\/\\\/ejornais.com.br\\\/\",\"name\":\"eJornais\",\"description\":\"Cat\\u00e1logo de Jornais no mundo, Not\\u00edcias, Blog e Esportes ao vivo\",\"inLanguage\":\"pt-BR\",\"publisher\":{\"@id\":\"https:\\\/\\\/ejornais.com.br\\\/#organization\"}}]}\n\t\t<\/script>\n\t\t<!-- All in One SEO -->\n\n","aioseo_head_json":{"title":"Agetran informa interdi\u00e7\u00f5es para este fim de semana \u2013 CGNot\u00edcias - eJornais","description":"A Ag\u00eancia Municipal de Transporte e Tr\u00e2nsito (Agetran) alerta para as interdi\u00e7\u00f5es no fim de semana. A orienta\u00e7\u00e3o \u00e9 para que os condutores e pedestres tenham aten\u00e7\u00e3o redobrada nesses locais de interdi\u00e7\u00e3o e possam planejar outras rotas. Confira as interdi\u00e7\u00f5es: S\u00e1bado, 27 de abril Local: Rua Indian\u00e1polis entre a Rua Nazar\u00e9 e Rua Barbacena (Pra\u00e7a","canonical_url":"https:\/\/ejornais.com.br\/index.php\/2024\/04\/26\/agetran-informa-interdicoes-para-este-fim-de-semana-cgnoticias\/","robots":"max-image-preview:large","keywords":"","webmasterTools":{"miscellaneous":""},"schema":{"@context":"https:\/\/schema.org","@graph":[{"@type":"BlogPosting","@id":"https:\/\/ejornais.com.br\/index.php\/2024\/04\/26\/agetran-informa-interdicoes-para-este-fim-de-semana-cgnoticias\/#blogposting","name":"Agetran informa interdi\u00e7\u00f5es para este fim de semana \u2013 CGNot\u00edcias - eJornais","headline":"Agetran informa interdi\u00e7\u00f5es para este fim de semana \u2013 CGNot\u00edcias","author":{"@id":"https:\/\/ejornais.com.br\/index.php\/author\/#author"},"publisher":{"@id":"https:\/\/ejornais.com.br\/#organization"},"datePublished":"2024-04-26T20:16:05-03:00","dateModified":"2024-04-26T20:16:05-03:00","inLanguage":"pt-BR","mainEntityOfPage":{"@id":"https:\/\/ejornais.com.br\/index.php\/2024\/04\/26\/agetran-informa-interdicoes-para-este-fim-de-semana-cgnoticias\/#webpage"},"isPartOf":{"@id":"https:\/\/ejornais.com.br\/index.php\/2024\/04\/26\/agetran-informa-interdicoes-para-este-fim-de-semana-cgnoticias\/#webpage"}},{"@type":"BreadcrumbList","@id":"https:\/\/ejornais.com.br\/index.php\/2024\/04\/26\/agetran-informa-interdicoes-para-este-fim-de-semana-cgnoticias\/#breadcrumblist","itemListElement":[{"@type":"ListItem","@id":"https:\/\/ejornais.com.br#listItem","position":1,"name":"In\u00edcio","item":"https:\/\/ejornais.com.br","nextItem":{"@type":"ListItem","@id":"https:\/\/ejornais.com.br\/index.php\/2024\/04\/26\/agetran-informa-interdicoes-para-este-fim-de-semana-cgnoticias\/#listItem","name":"Agetran informa interdi\u00e7\u00f5es para este fim de semana \u2013 CGNot\u00edcias"}},{"@type":"ListItem","@id":"https:\/\/ejornais.com.br\/index.php\/2024\/04\/26\/agetran-informa-interdicoes-para-este-fim-de-semana-cgnoticias\/#listItem","position":2,"name":"Agetran informa interdi\u00e7\u00f5es para este fim de semana \u2013 CGNot\u00edcias","previousItem":{"@type":"ListItem","@id":"https:\/\/ejornais.com.br#listItem","name":"In\u00edcio"}}]},{"@type":"Organization","@id":"https:\/\/ejornais.com.br\/#organization","name":"eJornais","description":"Cat\u00e1logo de Jornais no mundo, Not\u00edcias, Blog e Esportes ao vivo","url":"https:\/\/ejornais.com.br\/"},{"@type":"Person","@id":"https:\/\/ejornais.com.br\/index.php\/author\/#author","url":"https:\/\/ejornais.com.br\/index.php\/author\/"},{"@type":"WebPage","@id":"https:\/\/ejornais.com.br\/index.php\/2024\/04\/26\/agetran-informa-interdicoes-para-este-fim-de-semana-cgnoticias\/#webpage","url":"https:\/\/ejornais.com.br\/index.php\/2024\/04\/26\/agetran-informa-interdicoes-para-este-fim-de-semana-cgnoticias\/","name":"Agetran informa interdi\u00e7\u00f5es para este fim de semana \u2013 CGNot\u00edcias - eJornais","description":"A Ag\u00eancia Municipal de Transporte e Tr\u00e2nsito (Agetran) alerta para as interdi\u00e7\u00f5es no fim de semana. A orienta\u00e7\u00e3o \u00e9 para que os condutores e pedestres tenham aten\u00e7\u00e3o redobrada nesses locais de interdi\u00e7\u00e3o e possam planejar outras rotas. Confira as interdi\u00e7\u00f5es: S\u00e1bado, 27 de abril Local: Rua Indian\u00e1polis entre a Rua Nazar\u00e9 e Rua Barbacena (Pra\u00e7a","inLanguage":"pt-BR","isPartOf":{"@id":"https:\/\/ejornais.com.br\/#website"},"breadcrumb":{"@id":"https:\/\/ejornais.com.br\/index.php\/2024\/04\/26\/agetran-informa-interdicoes-para-este-fim-de-semana-cgnoticias\/#breadcrumblist"},"author":{"@id":"https:\/\/ejornais.com.br\/index.php\/author\/#author"},"creator":{"@id":"https:\/\/ejornais.com.br\/index.php\/author\/#author"},"datePublished":"2024-04-26T20:16:05-03:00","dateModified":"2024-04-26T20:16:05-03:00"},{"@type":"WebSite","@id":"https:\/\/ejornais.com.br\/#website","url":"https:\/\/ejornais.com.br\/","name":"eJornais","description":"Cat\u00e1logo de Jornais no mundo, Not\u00edcias, Blog e Esportes ao vivo","inLanguage":"pt-BR","publisher":{"@id":"https:\/\/ejornais.com.br\/#organization"}}]},"og:locale":"pt_BR","og:site_name":"eJornais - Cat\u00e1logo de Jornais no mundo, Not\u00edcias, Blog e Esportes ao vivo","og:type":"article","og:title":"Agetran informa interdi\u00e7\u00f5es para este fim de semana \u2013 CGNot\u00edcias - eJornais","og:description":"A Ag\u00eancia Municipal de Transporte e Tr\u00e2nsito (Agetran) alerta para as interdi\u00e7\u00f5es no fim de semana. A orienta\u00e7\u00e3o \u00e9 para que os condutores e pedestres tenham aten\u00e7\u00e3o redobrada nesses locais de interdi\u00e7\u00e3o e possam planejar outras rotas. Confira as interdi\u00e7\u00f5es: S\u00e1bado, 27 de abril Local: Rua Indian\u00e1polis entre a Rua Nazar\u00e9 e Rua Barbacena (Pra\u00e7a","og:url":"https:\/\/ejornais.com.br\/index.php\/2024\/04\/26\/agetran-informa-interdicoes-para-este-fim-de-semana-cgnoticias\/","article:published_time":"2024-04-26T23:16:05+00:00","article:modified_time":"2024-04-26T23:16:05+00:00","twitter:card":"summary_large_image","twitter:title":"Agetran informa interdi\u00e7\u00f5es para este fim de semana \u2013 CGNot\u00edcias - eJornais","twitter:description":"A Ag\u00eancia Municipal de Transporte e Tr\u00e2nsito (Agetran) alerta para as interdi\u00e7\u00f5es no fim de semana. A orienta\u00e7\u00e3o \u00e9 para que os condutores e pedestres tenham aten\u00e7\u00e3o redobrada nesses locais de interdi\u00e7\u00e3o e possam planejar outras rotas. Confira as interdi\u00e7\u00f5es: S\u00e1bado, 27 de abril Local: Rua Indian\u00e1polis entre a Rua Nazar\u00e9 e Rua Barbacena (Pra\u00e7a"},"aioseo_meta_data":{"post_id":"24018","title":null,"description":null,"keywords":null,"keyphrases":null,"primary_term":null,"canonical_url":null,"og_title":null,"og_description":null,"og_object_type":"default","og_image_type":"default","og_image_url":null,"og_image_width":null,"og_image_height":null,"og_image_custom_url":null,"og_image_custom_fields":null,"og_video":null,"og_custom_url":null,"og_article_section":null,"og_article_tags":null,"twitter_use_og":false,"twitter_card":"default","twitter_image_type":"default","twitter_image_url":null,"twitter_image_custom_url":null,"twitter_image_custom_fields":null,"twitter_title":null,"twitter_description":null,"schema":{"blockGraphs":[],"customGraphs":[],"default":{"data":{"Article":[],"Course":[],"Dataset":[],"FAQPage":[],"Movie":[],"Person":[],"Product":[],"ProductReview":[],"Car":[],"Recipe":[],"Service":[],"SoftwareApplication":[],"WebPage":[]},"graphName":"","isEnabled":true},"graphs":[]},"schema_type":"default","schema_type_options":null,"pillar_content":false,"robots_default":true,"robots_noindex":false,"robots_noarchive":false,"robots_nosnippet":false,"robots_nofollow":false,"robots_noimageindex":false,"robots_noodp":false,"robots_notranslate":false,"robots_max_snippet":null,"robots_max_videopreview":null,"robots_max_imagepreview":"large","priority":null,"frequency":null,"local_seo":null,"breadcrumb_settings":null,"limit_modified_date":false,"ai":null,"created":"2024-04-26 23:17:01","updated":"2025-06-05 10:42:20","seo_analyzer_scan_date":null,"focus_keyword":null,"additional_keywords":null,"truseo_locale":null},"aioseo_breadcrumb":"<div class=\"aioseo-breadcrumbs\"><span class=\"aioseo-breadcrumb\">\n\t\t\t<a href=\"https:\/\/ejornais.com.br\" title=\"In\u00edcio\">In\u00edcio<\/a>\n\t\t<\/span><span class=\"aioseo-breadcrumb-separator\">&raquo;<\/span><span class=\"aioseo-breadcrumb\">\n\t\t\tAgetran informa interdi\u00e7\u00f5es para este fim de semana \u2013 CGNot\u00edcias\n\t\t<\/span><\/div>","aioseo_breadcrumb_json":[{"label":"In\u00edcio","link":"https:\/\/ejornais.com.br"},{"label":"Agetran informa interdi\u00e7\u00f5es para este fim de semana \u2013 CGNot\u00edcias","link":"https:\/\/ejornais.com.br\/index.php\/2024\/04\/26\/agetran-informa-interdicoes-para-este-fim-de-semana-cgnoticias\/"}],"amp_enabled":true,"_links":{"self":[{"href":"https:\/\/ejornais.com.br\/index.php\/wp-json\/wp\/v2\/posts\/24018","targetHints":{"allow":["GET"]}}],"collection":[{"href":"https:\/\/ejornais.com.br\/index.php\/wp-json\/wp\/v2\/posts"}],"about":[{"href":"https:\/\/ejornais.com.br\/index.php\/wp-json\/wp\/v2\/types\/post"}],"author":[{"embeddable":true,"href":"https:\/\/ejornais.com.br\/index.php\/wp-json\/wp\/v2\/users\/1"}],"replies":[{"embeddable":true,"href":"https:\/\/ejornais.com.br\/index.php\/wp-json\/wp\/v2\/comments?post=24018"}],"version-history":[{"count":0,"href":"https:\/\/ejornais.com.br\/index.php\/wp-json\/wp\/v2\/posts\/24018\/revisions"}],"wp:attachment":[{"href":"https:\/\/ejornais.com.br\/index.php\/wp-json\/wp\/v2\/media?parent=24018"}],"wp:term":[{"taxonomy":"category","embeddable":true,"href":"https:\/\/ejornais.com.br\/index.php\/wp-json\/wp\/v2\/categories?post=24018"},{"taxonomy":"post_tag","embeddable":true,"href":"https:\/\/ejornais.com.br\/index.php\/wp-json\/wp\/v2\/tags?post=24018"}],"curies":[{"name":"wp","href":"https:\/\/api.w.org\/{rel}","templated":true}]}}