{"id":24020,"date":"2024-04-26T20:58:29","date_gmt":"2024-04-26T23:58:29","guid":{"rendered":"https:\/\/ejornais.com.br\/index.php\/2024\/04\/26\/campo-grande-comeca-entregas-do-paa-indigena-que-de-inicio-contempla-mais-de-13-mil-familias-cgnoticias\/"},"modified":"2024-04-26T20:58:29","modified_gmt":"2024-04-26T23:58:29","slug":"campo-grande-comeca-entregas-do-paa-indigena-que-de-inicio-contempla-mais-de-13-mil-familias-cgnoticias","status":"publish","type":"post","link":"https:\/\/ejornais.com.br\/index.php\/2024\/04\/26\/campo-grande-comeca-entregas-do-paa-indigena-que-de-inicio-contempla-mais-de-13-mil-familias-cgnoticias\/","title":{"rendered":"Campo Grande come\u00e7a entregas do PAA Ind\u00edgena que de in\u00edcio contempla mais de 1,3 mil fam\u00edlias \u2013 CGNot\u00edcias"},"content":{"rendered":"<p><\/p>\n<div>\n<p style=\"font-weight: 400\">O Programa de Aquisi\u00e7\u00e3o de Alimentos \u2013 PAA Ind\u00edgena come\u00e7ou a ser executado em Campo Grande. Lan\u00e7ado nesta sexta-feira (26), em ato no Centro de Refer\u00eancia de Assist\u00eancia Social Noroeste, o programa do Governo Federal, executado em parceria com o Governo do Mato Grosso do Sul e a Prefeitura de Campo Grande, objetiva garantir alimenta\u00e7\u00e3o saud\u00e1vel aos povos ind\u00edgenas que vivem em situa\u00e7\u00e3o de inseguran\u00e7a nutricional. O programa tamb\u00e9m fortalece a agricultura familiar e a gera\u00e7\u00e3o de trabalho e renda no campo.<\/p>\n<\/p>\n<p style=\"font-weight: 400\">Nesta primeira entrega, 70 fam\u00edlias receberam uma cesta com diversos alimentos. Para o cacique Josu\u00e9 Augusto Nimb\u00fa, da Comunidade Nova Cana\u00e3, a manh\u00e3 foi de comemora\u00e7\u00e3o. \u201cAs comunidades ind\u00edgenas se sentem honradas por essa iniciativa da Prefeitura de Campo Grande, em parceria com o Governo Federal e Estadual. S\u00e3o v\u00e1rias comunidades que ser\u00e3o beneficiadas com esse programa, como o Estrela do Amanh\u00e3, Darcy Ribeiro, Associa\u00e7\u00e3o N\u00facleo Ceramista, Barra Funda e Nova Cana\u00e3\u201d, citou.<\/p>\n<p style=\"font-weight: 400\">Campo Grande est\u00e1 entre os cinco maiores munic\u00edpios de Mato Grosso do Sul em popula\u00e7\u00e3o ind\u00edgena. Mato Grosso do Sul, inclusive, dobrou a popula\u00e7\u00e3o ind\u00edgena em 12 anos, segundo dados do Censo 2022. O Estado saiu de 77.025 ind\u00edgenas em 2010 para 116.346 mil em 2022. Como em Campo Grande n\u00e3o h\u00e1 comunidade ind\u00edgena produtora, os quilombolas, que tamb\u00e9m fazem parte dos grupos priorit\u00e1rios do Governo Federal, s\u00e3o quem ir\u00e3o fornecer os alimentos para a compra p\u00fablica. S\u00e3o 19 produtores da Comunidade Quilombola Ch\u00e1cara do Buriti que ir\u00e3o receber at\u00e9 R$ 15 mil no per\u00edodo de um ano pela entrega de frutas, legumes e verduras. A expectativa \u00e9 que at\u00e9 o fim do programa sejam entregues 35 toneladas de alimentos.<\/p>\n<\/p>\n<p style=\"font-weight: 400\">A prefeita Adriane Lopes falou da import\u00e2ncia do programa. \u201cO munic\u00edpio faz essa distribui\u00e7\u00e3o para\u00a0que as fam\u00edlias vulner\u00e1veis, e hoje, os\u00a0 ind\u00edgenas, possam ser contemplados nesse programa de aquisi\u00e7\u00e3o de alimentos. Programa que tamb\u00e9m contempla os produtores quilombolas. Uma das dificuldades deles ao produzir \u00e9 que n\u00e3o tinham para quem vender. Muitas vezes perdiam a produ\u00e7\u00e3o, porque n\u00e3o conseguiam competir com grandes produtores de fora do estado. Hoje eles t\u00eam a compra garantida, uma solu\u00e7\u00e3o, para quem precisa vender a produ\u00e7\u00e3o e para quem precisa receber os alimentos\u201d, frisou.<\/p>\n<p>A produtora rural Jaqueline Nedina (19), da comunidade quilombola Ch\u00e1cara Buriti faz parte do grupo de trabalhadores que v\u00e3o fornecer alimentos para o PAA Ind\u00edgena. \u201cSomos muito gratos por poder fazer parte desse programa que vai gerar renda para nossa comunidade, nos ajudando a vender o que produzimos e, ao mesmo tempo, contribuir para que mais pessoas tenham comida na mesa\u201d.<\/p>\n<\/p>\n<p style=\"font-weight: 400\">Para o secret\u00e1rio municipal de Inova\u00e7\u00e3o, Desenvolvimento Econ\u00f4mico e Agroneg\u00f3cio, Ademar Silva Jr., destacou o trabalho do poder p\u00fablico nas esferas municipal, estadual e federal para realizar o lan\u00e7amento do Programa de Aquisi\u00e7\u00e3o de Alimentos, direcionado para as comunidades ind\u00edgenas. \u201cUm programa federal, mas com parcerias m\u00faltiplas, entre o governo do estado e a prefeitura municipal, e dentro do munic\u00edpio, as secretarias de Inova\u00e7\u00e3o, Desenvolvimento Econ\u00f4mico e Agroneg\u00f3cio e de Assist\u00eancia Social fazendo essas entregas. \u00c9 dessa forma, com essa ampla parceria que a gente consegue gerar renda, estimular a produ\u00e7\u00e3o e fixar os produtores no campo\u201d, afirmou.<\/p>\n<\/p>\n<p style=\"font-weight: 400\">Em Campo Grande s\u00e3o 23 comunidades ind\u00edgenas que somam 18.439 pessoas, destas, 1.315 fam\u00edlias j\u00e1 est\u00e3o cadastradas para participar do PAA Ind\u00edgena. \u201cA Secretaria Municipal de Assist\u00eancia Social \u00e9 respons\u00e1vel pelo cadastramento das fam\u00edlias e respons\u00e1vel por fazer a distribui\u00e7\u00e3o destes alimentos. At\u00e9 o momento s\u00e3o 1.315 fam\u00edlias cadastradas, mas esse n\u00famero pode aumentar. Para esse cadastro \u00e9 usada como a base de dados da Secretaria de Assist\u00eancia Social e a base que a Funai nos passou\u201d, esclareceu o secret\u00e1rio municipal de Assist\u00eancia Social Jos\u00e9 M\u00e1rio Antunes. Os CRAS que atender\u00e3o as comunidades ind\u00edgenas s\u00e3o: CRAS Vida Nova, Tiradentes, Noroeste, Vila Ga\u00facha, Popular e Jardim Aeroporto. Toda essa distribui\u00e7\u00e3o ser\u00e1 realizada por essas unidades.<\/p>\n<\/p>\n<p style=\"font-weight: 400\">O secret\u00e1rio-adjunto da Secretaria de Meio Ambiente, Desenvolvimento, Ci\u00eancia, Tecnologia e Inova\u00e7\u00e3o (Semadesc) Valter Carneiro Junior tamb\u00e9m frisou que o PAA acontece gra\u00e7as \u00e0 contribui\u00e7\u00e3o dos entes municipal, estadual e federal. \u201cUma pol\u00edtica p\u00fablica que faz a entrega, que fecha o ciclo, fomentando a produ\u00e7\u00e3o da agricultura familiar, dando as condi\u00e7\u00f5es de os pequenos produzirem e fazendo a compra desses alimentos, atendendo as fam\u00edlias que mais precisam, gerando renda e qualidade de vida para as fam\u00edlias\u201d, afirmou.<\/p>\n<p style=\"font-weight: 400\">O PAA Ind\u00edgena vai destinar cerca de R$ 6 milh\u00f5es no combate \u00e0 inseguran\u00e7a alimentar das comunidades ind\u00edgenas. Al\u00e9m de Campo Grande, outros 32 munic\u00edpios, dos 79 que comp\u00f5em o estado, participam da iniciativa. O PAA Ind\u00edgena foi desenvolvido pelo Governo Federal, atrav\u00e9s do Minist\u00e9rio do Desenvolvimento e Assist\u00eancia Social, Fam\u00edlia e Combate \u00e0 Fome (MDS), e \u00e9 coordenado pela Secretaria Executiva de Agricultura Familiar, Povos Origin\u00e1rios e Comunidades Tradicionais da Secretaria de Meio Ambiente, Desenvolvimento Ci\u00eancia, Tecnologia e Inova\u00e7\u00e3o (Semadesc) e executado pela Ag\u00eancia de Desenvolvimento Agr\u00e1rio e Extens\u00e3o Rural (Agraer) e prefeituras municipais.<\/p>\n<p><strong>Seguran\u00e7a Alimentar<\/strong><\/p>\n<p style=\"font-weight: 400\">Nesta semana, a prefeita Adriane Lopes assinou o termo de cria\u00e7\u00e3o da C\u00e2mara Municipal Intersetorial de Seguran\u00e7a Alimentar e Nutricional (CAISAN). A C\u00e2mara integra o Sistema Nacional de Seguran\u00e7a Alimentar e Nutricional (Sisan) e tem como finalidade promover a articula\u00e7\u00e3o dos \u00f3rg\u00e3os e entidades da administra\u00e7\u00e3o p\u00fablica referentes \u00e0 \u00e1rea de Seguran\u00e7a Alimentar e Nutricional. O presidente do Conselho Estadual Alimentar e Nutricional (Consea), Pedro Gaeta afirmou que em Campo Grande j\u00e1 foi dado o\u00a0<em>start<\/em>. \u201cO Consea faz parte disso tudo e precisamos fazer essas constru\u00e7\u00f5es em todo o territ\u00f3rio do nosso estado. Parab\u00e9ns a administra\u00e7\u00e3o municipal pela constru\u00e7\u00e3o da Caisan e reestrutura\u00e7\u00e3o do Consan, para que possamos fazer essas parcerias\u201d, disse.<\/p>\n<\/p>\n<p style=\"font-weight: 400\">No munic\u00edpio de Campo Grande, a Secretaria de Inova\u00e7\u00e3o Desenvolvimento Econ\u00f4mico e Agroneg\u00f3cio (Sidagro), em conjunto com a Secretaria de Assist\u00eancia Social (SAS) s\u00e3o as que est\u00e3o ligadas diretamente ao PAA, para recebimento do recurso federal e repasses aos agricultores, que realizam as entregas dos alimentos ao Central de Seguran\u00e7a Alimentar e Nutricional (CESAN), e consequentemente, doa\u00e7\u00e3o \u00e0s fam\u00edlias em situa\u00e7\u00f5es de vulnerabilidade social.\u00a0No \u00faltimo ano, o Programa de Aquisi\u00e7\u00e3o de Alimentos \u2013 PAA \u2013 contou com a participa\u00e7\u00e3o de 109 produtores, sendo 72 homens e 37 mulheres. Foram mais de 230 toneladas de alimentos entregues, a mais de 21 mil fam\u00edlias inscritas nos Centros de Refer\u00eancias de Assist\u00eancia Social e entidades assistenciais. Cerca de 65 mil pessoas foram impactadas diretamente com os alimentos cultivados pelos agricultores familiares.<\/p>\n<p>\u00a0<\/p>\n<p>#pratodosverem\u00a0 \u00a0<em>A mat\u00e9ria possui sete fotos. A primeira mostra uma mulher, morena, de cabelos pretos e presos, entregando cestas \u00e0s fam\u00edlias assistidas pelo PAA Ind\u00edgena; a segunda mostra o cacique Josu\u00e9 Augusto Nimb\u00fa, da Comunidade Nova Cana\u00e3; a terceira \u00e9 uma foto da prefeita de Campo Grande, Adriane Lopes; a quarta imagem mostra a produtora rural, Jaqueline Nedina, da comunidade quilombola Ch\u00e1cara Buriti; a quinta fotografia mostra o secret\u00e1rio municipal de Inova\u00e7\u00e3o, Desenvolvimento Econ\u00f4mico e Agroneg\u00f3cio, Ademar Silva Jr.; a sexta imagem \u00e9 do secret\u00e1rio municipal de Assist\u00eancia Social Jos\u00e9 M\u00e1rio Antunes; a s\u00e9tima foto mostra uma mesa com algum dos alimentos que foram entregues.\u00a0<\/em><\/p>\n<\/div>\n<p><script async defer async defer src=\"https:\/\/connect.facebook.net\/en_US\/sdk.js?ver=1#xfbml=1&#038;version=v3.2\" id='prefeitura-campogrande-script-facebook-sdk-js'><\/script><\/p>\n","protected":false},"excerpt":{"rendered":"<p>O Programa de Aquisi\u00e7\u00e3o de Alimentos \u2013 PAA Ind\u00edgena come\u00e7ou a ser executado em Campo Grande. Lan\u00e7ado nesta sexta-feira (26),<\/p>\n","protected":false},"author":1,"featured_media":0,"comment_status":"open","ping_status":"open","sticky":false,"template":"","format":"standard","meta":{"colormag_page_container_layout":"default_layout","colormag_page_sidebar_layout":"default_layout","footnotes":""},"categories":[],"tags":[],"class_list":["post-24020","post","type-post","status-publish","format-standard","hentry"],"aioseo_notices":[],"aioseo_head":"\n\t\t<!-- All in One SEO 5.0.1.1 - aioseo.com -->\n\t<meta name=\"description\" content=\"O Programa de Aquisi\u00e7\u00e3o de Alimentos \u2013 PAA Ind\u00edgena come\u00e7ou a ser executado em Campo Grande. Lan\u00e7ado nesta sexta-feira (26), em ato no Centro de Refer\u00eancia de Assist\u00eancia Social Noroeste, o programa do Governo Federal, executado em parceria com o Governo do Mato Grosso do Sul e a Prefeitura de Campo Grande, objetiva garantir alimenta\u00e7\u00e3o\" \/>\n\t<meta name=\"robots\" content=\"max-image-preview:large\" \/>\n\t<link rel=\"canonical\" href=\"https:\/\/ejornais.com.br\/index.php\/2024\/04\/26\/campo-grande-comeca-entregas-do-paa-indigena-que-de-inicio-contempla-mais-de-13-mil-familias-cgnoticias\/\" \/>\n\t<meta name=\"generator\" content=\"All in One SEO (AIOSEO) 5.0.1.1\" \/>\n\t\t<meta property=\"og:locale\" content=\"pt_BR\" \/>\n\t\t<meta property=\"og:site_name\" content=\"eJornais - Cat\u00e1logo de Jornais no mundo, Not\u00edcias, Blog e Esportes ao vivo\" \/>\n\t\t<meta property=\"og:type\" content=\"article\" \/>\n\t\t<meta property=\"og:title\" content=\"Campo Grande come\u00e7a entregas do PAA Ind\u00edgena que de in\u00edcio contempla mais de 1,3 mil fam\u00edlias \u2013 CGNot\u00edcias - eJornais\" \/>\n\t\t<meta property=\"og:description\" content=\"O Programa de Aquisi\u00e7\u00e3o de Alimentos \u2013 PAA Ind\u00edgena come\u00e7ou a ser executado em Campo Grande. Lan\u00e7ado nesta sexta-feira (26), em ato no Centro de Refer\u00eancia de Assist\u00eancia Social Noroeste, o programa do Governo Federal, executado em parceria com o Governo do Mato Grosso do Sul e a Prefeitura de Campo Grande, objetiva garantir alimenta\u00e7\u00e3o\" \/>\n\t\t<meta property=\"og:url\" content=\"https:\/\/ejornais.com.br\/index.php\/2024\/04\/26\/campo-grande-comeca-entregas-do-paa-indigena-que-de-inicio-contempla-mais-de-13-mil-familias-cgnoticias\/\" \/>\n\t\t<meta property=\"article:published_time\" content=\"2024-04-26T23:58:29+00:00\" \/>\n\t\t<meta property=\"article:modified_time\" content=\"2024-04-26T23:58:29+00:00\" \/>\n\t\t<meta name=\"twitter:card\" content=\"summary_large_image\" \/>\n\t\t<meta name=\"twitter:title\" content=\"Campo Grande come\u00e7a entregas do PAA Ind\u00edgena que de in\u00edcio contempla mais de 1,3 mil fam\u00edlias \u2013 CGNot\u00edcias - eJornais\" \/>\n\t\t<meta name=\"twitter:description\" content=\"O Programa de Aquisi\u00e7\u00e3o de Alimentos \u2013 PAA Ind\u00edgena come\u00e7ou a ser executado em Campo Grande. Lan\u00e7ado nesta sexta-feira (26), em ato no Centro de Refer\u00eancia de Assist\u00eancia Social Noroeste, o programa do Governo Federal, executado em parceria com o Governo do Mato Grosso do Sul e a Prefeitura de Campo Grande, objetiva garantir alimenta\u00e7\u00e3o\" \/>\n\t\t<script type=\"application\/ld+json\" class=\"aioseo-schema\">\n\t\t\t{\"@context\":\"https:\\\/\\\/schema.org\",\"@graph\":[{\"@type\":\"BlogPosting\",\"@id\":\"https:\\\/\\\/ejornais.com.br\\\/index.php\\\/2024\\\/04\\\/26\\\/campo-grande-comeca-entregas-do-paa-indigena-que-de-inicio-contempla-mais-de-13-mil-familias-cgnoticias\\\/#blogposting\",\"name\":\"Campo Grande come\\u00e7a entregas do PAA Ind\\u00edgena que de in\\u00edcio contempla mais de 1,3 mil fam\\u00edlias \\u2013 CGNot\\u00edcias - eJornais\",\"headline\":\"Campo Grande come\\u00e7a entregas do PAA Ind\\u00edgena que de in\\u00edcio contempla mais de 1,3 mil fam\\u00edlias \\u2013 CGNot\\u00edcias\",\"author\":{\"@id\":\"https:\\\/\\\/ejornais.com.br\\\/index.php\\\/author\\\/#author\"},\"publisher\":{\"@id\":\"https:\\\/\\\/ejornais.com.br\\\/#organization\"},\"datePublished\":\"2024-04-26T20:58:29-03:00\",\"dateModified\":\"2024-04-26T20:58:29-03:00\",\"inLanguage\":\"pt-BR\",\"mainEntityOfPage\":{\"@id\":\"https:\\\/\\\/ejornais.com.br\\\/index.php\\\/2024\\\/04\\\/26\\\/campo-grande-comeca-entregas-do-paa-indigena-que-de-inicio-contempla-mais-de-13-mil-familias-cgnoticias\\\/#webpage\"},\"isPartOf\":{\"@id\":\"https:\\\/\\\/ejornais.com.br\\\/index.php\\\/2024\\\/04\\\/26\\\/campo-grande-comeca-entregas-do-paa-indigena-que-de-inicio-contempla-mais-de-13-mil-familias-cgnoticias\\\/#webpage\"}},{\"@type\":\"BreadcrumbList\",\"@id\":\"https:\\\/\\\/ejornais.com.br\\\/index.php\\\/2024\\\/04\\\/26\\\/campo-grande-comeca-entregas-do-paa-indigena-que-de-inicio-contempla-mais-de-13-mil-familias-cgnoticias\\\/#breadcrumblist\",\"itemListElement\":[{\"@type\":\"ListItem\",\"@id\":\"https:\\\/\\\/ejornais.com.br#listItem\",\"position\":1,\"name\":\"In\\u00edcio\",\"item\":\"https:\\\/\\\/ejornais.com.br\",\"nextItem\":{\"@type\":\"ListItem\",\"@id\":\"https:\\\/\\\/ejornais.com.br\\\/index.php\\\/2024\\\/04\\\/26\\\/campo-grande-comeca-entregas-do-paa-indigena-que-de-inicio-contempla-mais-de-13-mil-familias-cgnoticias\\\/#listItem\",\"name\":\"Campo Grande come\\u00e7a entregas do PAA Ind\\u00edgena que de in\\u00edcio contempla mais de 1,3 mil fam\\u00edlias \\u2013 CGNot\\u00edcias\"}},{\"@type\":\"ListItem\",\"@id\":\"https:\\\/\\\/ejornais.com.br\\\/index.php\\\/2024\\\/04\\\/26\\\/campo-grande-comeca-entregas-do-paa-indigena-que-de-inicio-contempla-mais-de-13-mil-familias-cgnoticias\\\/#listItem\",\"position\":2,\"name\":\"Campo Grande come\\u00e7a entregas do PAA Ind\\u00edgena que de in\\u00edcio contempla mais de 1,3 mil fam\\u00edlias \\u2013 CGNot\\u00edcias\",\"previousItem\":{\"@type\":\"ListItem\",\"@id\":\"https:\\\/\\\/ejornais.com.br#listItem\",\"name\":\"In\\u00edcio\"}}]},{\"@type\":\"Organization\",\"@id\":\"https:\\\/\\\/ejornais.com.br\\\/#organization\",\"name\":\"eJornais\",\"description\":\"Cat\\u00e1logo de Jornais no mundo, Not\\u00edcias, Blog e Esportes ao vivo\",\"url\":\"https:\\\/\\\/ejornais.com.br\\\/\"},{\"@type\":\"Person\",\"@id\":\"https:\\\/\\\/ejornais.com.br\\\/index.php\\\/author\\\/#author\",\"url\":\"https:\\\/\\\/ejornais.com.br\\\/index.php\\\/author\\\/\"},{\"@type\":\"WebPage\",\"@id\":\"https:\\\/\\\/ejornais.com.br\\\/index.php\\\/2024\\\/04\\\/26\\\/campo-grande-comeca-entregas-do-paa-indigena-que-de-inicio-contempla-mais-de-13-mil-familias-cgnoticias\\\/#webpage\",\"url\":\"https:\\\/\\\/ejornais.com.br\\\/index.php\\\/2024\\\/04\\\/26\\\/campo-grande-comeca-entregas-do-paa-indigena-que-de-inicio-contempla-mais-de-13-mil-familias-cgnoticias\\\/\",\"name\":\"Campo Grande come\\u00e7a entregas do PAA Ind\\u00edgena que de in\\u00edcio contempla mais de 1,3 mil fam\\u00edlias \\u2013 CGNot\\u00edcias - eJornais\",\"description\":\"O Programa de Aquisi\\u00e7\\u00e3o de Alimentos \\u2013 PAA Ind\\u00edgena come\\u00e7ou a ser executado em Campo Grande. Lan\\u00e7ado nesta sexta-feira (26), em ato no Centro de Refer\\u00eancia de Assist\\u00eancia Social Noroeste, o programa do Governo Federal, executado em parceria com o Governo do Mato Grosso do Sul e a Prefeitura de Campo Grande, objetiva garantir alimenta\\u00e7\\u00e3o\",\"inLanguage\":\"pt-BR\",\"isPartOf\":{\"@id\":\"https:\\\/\\\/ejornais.com.br\\\/#website\"},\"breadcrumb\":{\"@id\":\"https:\\\/\\\/ejornais.com.br\\\/index.php\\\/2024\\\/04\\\/26\\\/campo-grande-comeca-entregas-do-paa-indigena-que-de-inicio-contempla-mais-de-13-mil-familias-cgnoticias\\\/#breadcrumblist\"},\"author\":{\"@id\":\"https:\\\/\\\/ejornais.com.br\\\/index.php\\\/author\\\/#author\"},\"creator\":{\"@id\":\"https:\\\/\\\/ejornais.com.br\\\/index.php\\\/author\\\/#author\"},\"datePublished\":\"2024-04-26T20:58:29-03:00\",\"dateModified\":\"2024-04-26T20:58:29-03:00\"},{\"@type\":\"WebSite\",\"@id\":\"https:\\\/\\\/ejornais.com.br\\\/#website\",\"url\":\"https:\\\/\\\/ejornais.com.br\\\/\",\"name\":\"eJornais\",\"description\":\"Cat\\u00e1logo de Jornais no mundo, Not\\u00edcias, Blog e Esportes ao vivo\",\"inLanguage\":\"pt-BR\",\"publisher\":{\"@id\":\"https:\\\/\\\/ejornais.com.br\\\/#organization\"}}]}\n\t\t<\/script>\n\t\t<!-- All in One SEO -->\n\n","aioseo_head_json":{"title":"Campo Grande come\u00e7a entregas do PAA Ind\u00edgena que de in\u00edcio contempla mais de 1,3 mil fam\u00edlias \u2013 CGNot\u00edcias - eJornais","description":"O Programa de Aquisi\u00e7\u00e3o de Alimentos \u2013 PAA Ind\u00edgena come\u00e7ou a ser executado em Campo Grande. Lan\u00e7ado nesta sexta-feira (26), em ato no Centro de Refer\u00eancia de Assist\u00eancia Social Noroeste, o programa do Governo Federal, executado em parceria com o Governo do Mato Grosso do Sul e a Prefeitura de Campo Grande, objetiva garantir alimenta\u00e7\u00e3o","canonical_url":"https:\/\/ejornais.com.br\/index.php\/2024\/04\/26\/campo-grande-comeca-entregas-do-paa-indigena-que-de-inicio-contempla-mais-de-13-mil-familias-cgnoticias\/","robots":"max-image-preview:large","keywords":"","webmasterTools":{"miscellaneous":""},"schema":{"@context":"https:\/\/schema.org","@graph":[{"@type":"BlogPosting","@id":"https:\/\/ejornais.com.br\/index.php\/2024\/04\/26\/campo-grande-comeca-entregas-do-paa-indigena-que-de-inicio-contempla-mais-de-13-mil-familias-cgnoticias\/#blogposting","name":"Campo Grande come\u00e7a entregas do PAA Ind\u00edgena que de in\u00edcio contempla mais de 1,3 mil fam\u00edlias \u2013 CGNot\u00edcias - eJornais","headline":"Campo Grande come\u00e7a entregas do PAA Ind\u00edgena que de in\u00edcio contempla mais de 1,3 mil fam\u00edlias \u2013 CGNot\u00edcias","author":{"@id":"https:\/\/ejornais.com.br\/index.php\/author\/#author"},"publisher":{"@id":"https:\/\/ejornais.com.br\/#organization"},"datePublished":"2024-04-26T20:58:29-03:00","dateModified":"2024-04-26T20:58:29-03:00","inLanguage":"pt-BR","mainEntityOfPage":{"@id":"https:\/\/ejornais.com.br\/index.php\/2024\/04\/26\/campo-grande-comeca-entregas-do-paa-indigena-que-de-inicio-contempla-mais-de-13-mil-familias-cgnoticias\/#webpage"},"isPartOf":{"@id":"https:\/\/ejornais.com.br\/index.php\/2024\/04\/26\/campo-grande-comeca-entregas-do-paa-indigena-que-de-inicio-contempla-mais-de-13-mil-familias-cgnoticias\/#webpage"}},{"@type":"BreadcrumbList","@id":"https:\/\/ejornais.com.br\/index.php\/2024\/04\/26\/campo-grande-comeca-entregas-do-paa-indigena-que-de-inicio-contempla-mais-de-13-mil-familias-cgnoticias\/#breadcrumblist","itemListElement":[{"@type":"ListItem","@id":"https:\/\/ejornais.com.br#listItem","position":1,"name":"In\u00edcio","item":"https:\/\/ejornais.com.br","nextItem":{"@type":"ListItem","@id":"https:\/\/ejornais.com.br\/index.php\/2024\/04\/26\/campo-grande-comeca-entregas-do-paa-indigena-que-de-inicio-contempla-mais-de-13-mil-familias-cgnoticias\/#listItem","name":"Campo Grande come\u00e7a entregas do PAA Ind\u00edgena que de in\u00edcio contempla mais de 1,3 mil fam\u00edlias \u2013 CGNot\u00edcias"}},{"@type":"ListItem","@id":"https:\/\/ejornais.com.br\/index.php\/2024\/04\/26\/campo-grande-comeca-entregas-do-paa-indigena-que-de-inicio-contempla-mais-de-13-mil-familias-cgnoticias\/#listItem","position":2,"name":"Campo Grande come\u00e7a entregas do PAA Ind\u00edgena que de in\u00edcio contempla mais de 1,3 mil fam\u00edlias \u2013 CGNot\u00edcias","previousItem":{"@type":"ListItem","@id":"https:\/\/ejornais.com.br#listItem","name":"In\u00edcio"}}]},{"@type":"Organization","@id":"https:\/\/ejornais.com.br\/#organization","name":"eJornais","description":"Cat\u00e1logo de Jornais no mundo, Not\u00edcias, Blog e Esportes ao vivo","url":"https:\/\/ejornais.com.br\/"},{"@type":"Person","@id":"https:\/\/ejornais.com.br\/index.php\/author\/#author","url":"https:\/\/ejornais.com.br\/index.php\/author\/"},{"@type":"WebPage","@id":"https:\/\/ejornais.com.br\/index.php\/2024\/04\/26\/campo-grande-comeca-entregas-do-paa-indigena-que-de-inicio-contempla-mais-de-13-mil-familias-cgnoticias\/#webpage","url":"https:\/\/ejornais.com.br\/index.php\/2024\/04\/26\/campo-grande-comeca-entregas-do-paa-indigena-que-de-inicio-contempla-mais-de-13-mil-familias-cgnoticias\/","name":"Campo Grande come\u00e7a entregas do PAA Ind\u00edgena que de in\u00edcio contempla mais de 1,3 mil fam\u00edlias \u2013 CGNot\u00edcias - eJornais","description":"O Programa de Aquisi\u00e7\u00e3o de Alimentos \u2013 PAA Ind\u00edgena come\u00e7ou a ser executado em Campo Grande. Lan\u00e7ado nesta sexta-feira (26), em ato no Centro de Refer\u00eancia de Assist\u00eancia Social Noroeste, o programa do Governo Federal, executado em parceria com o Governo do Mato Grosso do Sul e a Prefeitura de Campo Grande, objetiva garantir alimenta\u00e7\u00e3o","inLanguage":"pt-BR","isPartOf":{"@id":"https:\/\/ejornais.com.br\/#website"},"breadcrumb":{"@id":"https:\/\/ejornais.com.br\/index.php\/2024\/04\/26\/campo-grande-comeca-entregas-do-paa-indigena-que-de-inicio-contempla-mais-de-13-mil-familias-cgnoticias\/#breadcrumblist"},"author":{"@id":"https:\/\/ejornais.com.br\/index.php\/author\/#author"},"creator":{"@id":"https:\/\/ejornais.com.br\/index.php\/author\/#author"},"datePublished":"2024-04-26T20:58:29-03:00","dateModified":"2024-04-26T20:58:29-03:00"},{"@type":"WebSite","@id":"https:\/\/ejornais.com.br\/#website","url":"https:\/\/ejornais.com.br\/","name":"eJornais","description":"Cat\u00e1logo de Jornais no mundo, Not\u00edcias, Blog e Esportes ao vivo","inLanguage":"pt-BR","publisher":{"@id":"https:\/\/ejornais.com.br\/#organization"}}]},"og:locale":"pt_BR","og:site_name":"eJornais - Cat\u00e1logo de Jornais no mundo, Not\u00edcias, Blog e Esportes ao vivo","og:type":"article","og:title":"Campo Grande come\u00e7a entregas do PAA Ind\u00edgena que de in\u00edcio contempla mais de 1,3 mil fam\u00edlias \u2013 CGNot\u00edcias - eJornais","og:description":"O Programa de Aquisi\u00e7\u00e3o de Alimentos \u2013 PAA Ind\u00edgena come\u00e7ou a ser executado em Campo Grande. Lan\u00e7ado nesta sexta-feira (26), em ato no Centro de Refer\u00eancia de Assist\u00eancia Social Noroeste, o programa do Governo Federal, executado em parceria com o Governo do Mato Grosso do Sul e a Prefeitura de Campo Grande, objetiva garantir alimenta\u00e7\u00e3o","og:url":"https:\/\/ejornais.com.br\/index.php\/2024\/04\/26\/campo-grande-comeca-entregas-do-paa-indigena-que-de-inicio-contempla-mais-de-13-mil-familias-cgnoticias\/","article:published_time":"2024-04-26T23:58:29+00:00","article:modified_time":"2024-04-26T23:58:29+00:00","twitter:card":"summary_large_image","twitter:title":"Campo Grande come\u00e7a entregas do PAA Ind\u00edgena que de in\u00edcio contempla mais de 1,3 mil fam\u00edlias \u2013 CGNot\u00edcias - eJornais","twitter:description":"O Programa de Aquisi\u00e7\u00e3o de Alimentos \u2013 PAA Ind\u00edgena come\u00e7ou a ser executado em Campo Grande. Lan\u00e7ado nesta sexta-feira (26), em ato no Centro de Refer\u00eancia de Assist\u00eancia Social Noroeste, o programa do Governo Federal, executado em parceria com o Governo do Mato Grosso do Sul e a Prefeitura de Campo Grande, objetiva garantir alimenta\u00e7\u00e3o"},"aioseo_meta_data":{"post_id":"24020","title":null,"description":null,"keywords":null,"keyphrases":null,"primary_term":null,"canonical_url":null,"og_title":null,"og_description":null,"og_object_type":"default","og_image_type":"default","og_image_url":null,"og_image_width":null,"og_image_height":null,"og_image_custom_url":null,"og_image_custom_fields":null,"og_video":null,"og_custom_url":null,"og_article_section":null,"og_article_tags":null,"twitter_use_og":false,"twitter_card":"default","twitter_image_type":"default","twitter_image_url":null,"twitter_image_custom_url":null,"twitter_image_custom_fields":null,"twitter_title":null,"twitter_description":null,"schema":{"blockGraphs":[],"customGraphs":[],"default":{"data":{"Article":[],"Course":[],"Dataset":[],"FAQPage":[],"Movie":[],"Person":[],"Product":[],"ProductReview":[],"Car":[],"Recipe":[],"Service":[],"SoftwareApplication":[],"WebPage":[]},"graphName":"","isEnabled":true},"graphs":[]},"schema_type":"default","schema_type_options":null,"pillar_content":false,"robots_default":true,"robots_noindex":false,"robots_noarchive":false,"robots_nosnippet":false,"robots_nofollow":false,"robots_noimageindex":false,"robots_noodp":false,"robots_notranslate":false,"robots_max_snippet":null,"robots_max_videopreview":null,"robots_max_imagepreview":"large","priority":null,"frequency":null,"local_seo":null,"breadcrumb_settings":null,"limit_modified_date":false,"ai":null,"created":"2024-04-27 00:06:19","updated":"2025-06-05 10:42:20","seo_analyzer_scan_date":null,"focus_keyword":null,"additional_keywords":null,"truseo_locale":null},"aioseo_breadcrumb":"<div class=\"aioseo-breadcrumbs\"><span class=\"aioseo-breadcrumb\">\n\t\t\t<a href=\"https:\/\/ejornais.com.br\" title=\"In\u00edcio\">In\u00edcio<\/a>\n\t\t<\/span><span class=\"aioseo-breadcrumb-separator\">&raquo;<\/span><span class=\"aioseo-breadcrumb\">\n\t\t\tCampo Grande come\u00e7a entregas do PAA Ind\u00edgena que de in\u00edcio contempla mais de 1,3 mil fam\u00edlias \u2013 CGNot\u00edcias\n\t\t<\/span><\/div>","aioseo_breadcrumb_json":[{"label":"In\u00edcio","link":"https:\/\/ejornais.com.br"},{"label":"Campo Grande come\u00e7a entregas do PAA Ind\u00edgena que de in\u00edcio contempla mais de 1,3 mil fam\u00edlias \u2013 CGNot\u00edcias","link":"https:\/\/ejornais.com.br\/index.php\/2024\/04\/26\/campo-grande-comeca-entregas-do-paa-indigena-que-de-inicio-contempla-mais-de-13-mil-familias-cgnoticias\/"}],"amp_enabled":true,"_links":{"self":[{"href":"https:\/\/ejornais.com.br\/index.php\/wp-json\/wp\/v2\/posts\/24020","targetHints":{"allow":["GET"]}}],"collection":[{"href":"https:\/\/ejornais.com.br\/index.php\/wp-json\/wp\/v2\/posts"}],"about":[{"href":"https:\/\/ejornais.com.br\/index.php\/wp-json\/wp\/v2\/types\/post"}],"author":[{"embeddable":true,"href":"https:\/\/ejornais.com.br\/index.php\/wp-json\/wp\/v2\/users\/1"}],"replies":[{"embeddable":true,"href":"https:\/\/ejornais.com.br\/index.php\/wp-json\/wp\/v2\/comments?post=24020"}],"version-history":[{"count":0,"href":"https:\/\/ejornais.com.br\/index.php\/wp-json\/wp\/v2\/posts\/24020\/revisions"}],"wp:attachment":[{"href":"https:\/\/ejornais.com.br\/index.php\/wp-json\/wp\/v2\/media?parent=24020"}],"wp:term":[{"taxonomy":"category","embeddable":true,"href":"https:\/\/ejornais.com.br\/index.php\/wp-json\/wp\/v2\/categories?post=24020"},{"taxonomy":"post_tag","embeddable":true,"href":"https:\/\/ejornais.com.br\/index.php\/wp-json\/wp\/v2\/tags?post=24020"}],"curies":[{"name":"wp","href":"https:\/\/api.w.org\/{rel}","templated":true}]}}