{"id":24023,"date":"2024-04-26T21:40:36","date_gmt":"2024-04-27T00:40:36","guid":{"rendered":"https:\/\/ejornais.com.br\/index.php\/2024\/04\/26\/campo-da-cohab-recebe-nova-iluminacao-e-ganha-nome-de-jogador-referencia-do-futebol-campo-grandense-cgnoticias\/"},"modified":"2024-04-26T21:40:36","modified_gmt":"2024-04-27T00:40:36","slug":"campo-da-cohab-recebe-nova-iluminacao-e-ganha-nome-de-jogador-referencia-do-futebol-campo-grandense-cgnoticias","status":"publish","type":"post","link":"https:\/\/ejornais.com.br\/index.php\/2024\/04\/26\/campo-da-cohab-recebe-nova-iluminacao-e-ganha-nome-de-jogador-referencia-do-futebol-campo-grandense-cgnoticias\/","title":{"rendered":"Campo da Cohab recebe nova ilumina\u00e7\u00e3o e ganha nome de jogador refer\u00eancia do futebol campo-grandense \u2013 CGNot\u00edcias"},"content":{"rendered":"<p><\/p>\n<div>\n<p>A Prefeitura de Campo Grande inaugurou nesta quinta-feira (25), mais uma ilumina\u00e7\u00e3o em um campo de futebol comunit\u00e1rio, desta vez no Conjunto Habitacional Universit\u00e1rias, Regi\u00e3o Urbana Anhanduizinho de Campo Grande. No total foram oito postes, 32 lumin\u00e1rias de LED e 320 metros de cabos. Na ocasi\u00e3o, o campo recebeu o nome de Jorge Guarani Queiroz, o Neneca, ex-goleiro do Oper\u00e1rio e Comercial na d\u00e9cada de 80.<\/p>\n<\/p>\n<p>\u201cA ilumina\u00e7\u00e3o desse campo \u00e9 um sonho realizado para mim e com certeza seria do Neneca tamb\u00e9m, que tinha paix\u00e3o pelo futebol nos campos de \u2018terr\u00e3o\u2019. Ele se envolvia em v\u00e1rias fun\u00e7\u00f5es. Era um profissional multi\u00faso, goleiro, atleta e treinador. Deixou um passado de gl\u00f3ria em Campo Grande. Estou muito emocionada, parece algo t\u00e3o simples, mas \u00e9 exatamente essa simplicidade que representava o Neneca. Esses meninos e meninas que praticam o futebol com amor e pela paix\u00e3o, est\u00e3o em campos como esse de hoje, que ganhou a ilumina\u00e7\u00e3o e essa justa homenagem\u201d, apontou Aparecida de Lurdes Dario, vi\u00fava de Neneca.<\/p>\n<\/p>\n<p>Presidente da Associa\u00e7\u00e3o dos Moradores da Cohab, Iracema Cardoso, disse que a nova ilumina\u00e7\u00e3o chega para a alegria dos praticantes de esportes e lazer na pra\u00e7a, como tamb\u00e9m para a seguran\u00e7a dos usu\u00e1rios. \u201cOnde h\u00e1 luz, h\u00e1 seguran\u00e7a ao andar. Aqui era muito escuro e ainda assim, n\u00e3o impedia a garotada de vir se divertir a noite, agora com a chegada das luzes, tenho certeza que muitas m\u00e3es ficar\u00e3o mais aliviadas com seus filhos aqui. S\u00f3 temos a agradecer a Prefeitura de Campo Grande\u201d, compartilhou.<\/p>\n<\/p>\n<p>\u201cSem d\u00favida nenhuma, a realiza\u00e7\u00e3o dessa a\u00e7\u00e3o \u00e9 muito grande para n\u00f3s aqui da comunidade. Esse pedido j\u00e1 \u00e9 de muitos anos e nunca foi cumprido. Ela \u00e9 boa n\u00e3o somente para a pr\u00e1tica do futebol, mas tamb\u00e9m para as pessoas que usam a pista de caminhada e estavam correndo risco com o espa\u00e7o todo escuro. Agora, n\u00f3s temos uma pra\u00e7a iluminada gra\u00e7as \u00e0 aten\u00e7\u00e3o da prefeitura junto as comunidades. Semana passada comemorei a chegada da ilumina\u00e7\u00e3o na Pra\u00e7a do Tarsila do Amaral e hoje aqui na Cohab. \u00c9 uma grande passo para o futebol amador de Campo Grande\u201d, disse Lopez Bahia, diretor de esportes do bairro.<\/p>\n<\/p>\n<p>As l\u00e2mpadas de LED t\u00eam v\u00e1rios benef\u00edcios, entre eles, est\u00e3o a efici\u00eancia energ\u00e9tica pelo fato de produzir mais luz (lumens) por watt consumido, levando \u00e0 economia de energia, de 50% a 80%, quando comparado a tecnologias tradicionais, resultando na redu\u00e7\u00e3o de custo e de emiss\u00e3o de carbono. Al\u00e9m disso, as l\u00e2mpadas de Led oferecem seguran\u00e7a e visibilidade superior nos ambientes, bem como reduzem a polui\u00e7\u00e3o visual. O tempo de vida das lumin\u00e1rias de Led \u00e9 estimado em at\u00e9 cem mil horas uso, gerando uma durabilidade maior.<\/p>\n<p>A prefeita Adriane Lopes afirmou que passa de 30 campos iluminados em Campo Grande e que a pr\u00e1tica do esporte incentiva jovens das comunidades a terem uma vida saud\u00e1vel e se profissionalizarem como futuros atletas. \u201cSou assumidamente f\u00e3 do futebol amador e Campo Grande tem a cultura dos campos de terr\u00e3o. \u00c9 daqui que saem jovens talentos que se tornar\u00e3o profissionais do futuro. A Prefeitura de Campo Grande investe e estimula a pr\u00e1tica esportiva, por acreditar no setor como ferramenta de transforma\u00e7\u00e3o na vida das pessoas\u201d, disse.<\/p>\n<\/p>\n<p>Nas sete regi\u00f5es urbanas de Campo Grande, em 2023 a Sisep fez a instala\u00e7\u00e3o de 14.225 lumin\u00e1rias de Led nas ruas, avenidas, pra\u00e7as e espa\u00e7os esportivos. No mesmo ano, foram realizados 72.944 servi\u00e7os como troca de l\u00e2mpadas, manuten\u00e7\u00e3o e reparos nas lumin\u00e1rias, demandas recebidas pelos canais 156 e plataforma Fala CG, e tamb\u00e9m os que foram encaminhados diretamente \u00e0 Sisep. Isso representa n\u00e3o s\u00f3 economia, mas tamb\u00e9m melhoria da qualidade de vida e de seguran\u00e7a \u00e0 popula\u00e7\u00e3o, tanto na quest\u00e3o da criminalidade como de mobilidade.<\/p>\n<p><strong>Neneca<\/strong><\/p>\n<p>Nascido em Porto Alegre, Capital do Rio Grande do Sul, Neneca come\u00e7ou a sua carreira de goleiro com apenas 9 anos nas categorias de base do Internacional. Se profissionalizou e jogou em grandes clubes do futebol brasileiro. Em 2008, come\u00e7ou o trabalho como preparador de goleiro do Oper\u00e1rio, onde foi t\u00e9cnico interino em algumas oportunidades.<\/p>\n<p>O ex-goleiro tamb\u00e9m integrou as equipes do Cene, al\u00e9m do Comercial, e tinha projeto social em um bairro de Campo Grande. Atualmente, era membro do Conselho Deliberativo do Oper\u00e1rio.<\/p>\n<p>\u00a0<\/p>\n<p>\u00a0<\/p>\n<p>\u00a0<\/p>\n<p><em>#pratodosverem<\/em><br \/><em>Foto1: Campo iluminado com jogadoras em partida de futebol<\/em><br \/><em>Foto2: times de futebol femininos, com prefeita e outros moradores segurando faixa de homenagem a Neneca.<\/em><br \/><em>Foto3: Aparecida de Lurdes Dario, vi\u00fava de Neneca<\/em><br \/><em>Foto4: Presidente da Associa\u00e7\u00e3o dos Moradores da Cohab, Iracema Cardoso<\/em><br \/><em>Foto5: Lopez Bahia, diretor de esportes do bairro<\/em><br \/><em>Foto6: moradores e autoridades descerrando a placa de inaugura\u00e7\u00e3o das luzes do campo em homenagem a Neneca.<\/em><\/p>\n<\/div>\n<p><script async defer async defer src=\"https:\/\/connect.facebook.net\/en_US\/sdk.js?ver=1#xfbml=1&#038;version=v3.2\" id='prefeitura-campogrande-script-facebook-sdk-js'><\/script><\/p>\n","protected":false},"excerpt":{"rendered":"<p>A Prefeitura de Campo Grande inaugurou nesta quinta-feira (25), mais uma ilumina\u00e7\u00e3o em um campo de futebol comunit\u00e1rio, desta vez<\/p>\n","protected":false},"author":1,"featured_media":0,"comment_status":"open","ping_status":"open","sticky":false,"template":"","format":"standard","meta":{"colormag_page_container_layout":"default_layout","colormag_page_sidebar_layout":"default_layout","footnotes":""},"categories":[],"tags":[],"class_list":["post-24023","post","type-post","status-publish","format-standard","hentry"],"aioseo_notices":[],"aioseo_head":"\n\t\t<!-- All in One SEO 5.0.1.1 - aioseo.com -->\n\t<meta name=\"description\" content=\"A Prefeitura de Campo Grande inaugurou nesta quinta-feira (25), mais uma ilumina\u00e7\u00e3o em um campo de futebol comunit\u00e1rio, desta vez no Conjunto Habitacional Universit\u00e1rias, Regi\u00e3o Urbana Anhanduizinho de Campo Grande. No total foram oito postes, 32 lumin\u00e1rias de LED e 320 metros de cabos. Na ocasi\u00e3o, o campo recebeu o nome de Jorge Guarani Queiroz,\" \/>\n\t<meta name=\"robots\" content=\"max-image-preview:large\" \/>\n\t<link rel=\"canonical\" href=\"https:\/\/ejornais.com.br\/index.php\/2024\/04\/26\/campo-da-cohab-recebe-nova-iluminacao-e-ganha-nome-de-jogador-referencia-do-futebol-campo-grandense-cgnoticias\/\" \/>\n\t<meta name=\"generator\" content=\"All in One SEO (AIOSEO) 5.0.1.1\" \/>\n\t\t<meta property=\"og:locale\" content=\"pt_BR\" \/>\n\t\t<meta property=\"og:site_name\" content=\"eJornais - Cat\u00e1logo de Jornais no mundo, Not\u00edcias, Blog e Esportes ao vivo\" \/>\n\t\t<meta property=\"og:type\" content=\"article\" \/>\n\t\t<meta property=\"og:title\" content=\"Campo da Cohab recebe nova ilumina\u00e7\u00e3o e ganha nome de jogador refer\u00eancia do futebol campo-grandense \u2013 CGNot\u00edcias - eJornais\" \/>\n\t\t<meta property=\"og:description\" content=\"A Prefeitura de Campo Grande inaugurou nesta quinta-feira (25), mais uma ilumina\u00e7\u00e3o em um campo de futebol comunit\u00e1rio, desta vez no Conjunto Habitacional Universit\u00e1rias, Regi\u00e3o Urbana Anhanduizinho de Campo Grande. No total foram oito postes, 32 lumin\u00e1rias de LED e 320 metros de cabos. Na ocasi\u00e3o, o campo recebeu o nome de Jorge Guarani Queiroz,\" \/>\n\t\t<meta property=\"og:url\" content=\"https:\/\/ejornais.com.br\/index.php\/2024\/04\/26\/campo-da-cohab-recebe-nova-iluminacao-e-ganha-nome-de-jogador-referencia-do-futebol-campo-grandense-cgnoticias\/\" \/>\n\t\t<meta property=\"article:published_time\" content=\"2024-04-27T00:40:36+00:00\" \/>\n\t\t<meta property=\"article:modified_time\" content=\"2024-04-27T00:40:36+00:00\" \/>\n\t\t<meta name=\"twitter:card\" content=\"summary_large_image\" \/>\n\t\t<meta name=\"twitter:title\" content=\"Campo da Cohab recebe nova ilumina\u00e7\u00e3o e ganha nome de jogador refer\u00eancia do futebol campo-grandense \u2013 CGNot\u00edcias - eJornais\" \/>\n\t\t<meta name=\"twitter:description\" content=\"A Prefeitura de Campo Grande inaugurou nesta quinta-feira (25), mais uma ilumina\u00e7\u00e3o em um campo de futebol comunit\u00e1rio, desta vez no Conjunto Habitacional Universit\u00e1rias, Regi\u00e3o Urbana Anhanduizinho de Campo Grande. No total foram oito postes, 32 lumin\u00e1rias de LED e 320 metros de cabos. Na ocasi\u00e3o, o campo recebeu o nome de Jorge Guarani Queiroz,\" \/>\n\t\t<script type=\"application\/ld+json\" class=\"aioseo-schema\">\n\t\t\t{\"@context\":\"https:\\\/\\\/schema.org\",\"@graph\":[{\"@type\":\"BlogPosting\",\"@id\":\"https:\\\/\\\/ejornais.com.br\\\/index.php\\\/2024\\\/04\\\/26\\\/campo-da-cohab-recebe-nova-iluminacao-e-ganha-nome-de-jogador-referencia-do-futebol-campo-grandense-cgnoticias\\\/#blogposting\",\"name\":\"Campo da Cohab recebe nova ilumina\\u00e7\\u00e3o e ganha nome de jogador refer\\u00eancia do futebol campo-grandense \\u2013 CGNot\\u00edcias - eJornais\",\"headline\":\"Campo da Cohab recebe nova ilumina\\u00e7\\u00e3o e ganha nome de jogador refer\\u00eancia do futebol campo-grandense \\u2013 CGNot\\u00edcias\",\"author\":{\"@id\":\"https:\\\/\\\/ejornais.com.br\\\/index.php\\\/author\\\/#author\"},\"publisher\":{\"@id\":\"https:\\\/\\\/ejornais.com.br\\\/#organization\"},\"datePublished\":\"2024-04-26T21:40:36-03:00\",\"dateModified\":\"2024-04-26T21:40:36-03:00\",\"inLanguage\":\"pt-BR\",\"mainEntityOfPage\":{\"@id\":\"https:\\\/\\\/ejornais.com.br\\\/index.php\\\/2024\\\/04\\\/26\\\/campo-da-cohab-recebe-nova-iluminacao-e-ganha-nome-de-jogador-referencia-do-futebol-campo-grandense-cgnoticias\\\/#webpage\"},\"isPartOf\":{\"@id\":\"https:\\\/\\\/ejornais.com.br\\\/index.php\\\/2024\\\/04\\\/26\\\/campo-da-cohab-recebe-nova-iluminacao-e-ganha-nome-de-jogador-referencia-do-futebol-campo-grandense-cgnoticias\\\/#webpage\"}},{\"@type\":\"BreadcrumbList\",\"@id\":\"https:\\\/\\\/ejornais.com.br\\\/index.php\\\/2024\\\/04\\\/26\\\/campo-da-cohab-recebe-nova-iluminacao-e-ganha-nome-de-jogador-referencia-do-futebol-campo-grandense-cgnoticias\\\/#breadcrumblist\",\"itemListElement\":[{\"@type\":\"ListItem\",\"@id\":\"https:\\\/\\\/ejornais.com.br#listItem\",\"position\":1,\"name\":\"In\\u00edcio\",\"item\":\"https:\\\/\\\/ejornais.com.br\",\"nextItem\":{\"@type\":\"ListItem\",\"@id\":\"https:\\\/\\\/ejornais.com.br\\\/index.php\\\/2024\\\/04\\\/26\\\/campo-da-cohab-recebe-nova-iluminacao-e-ganha-nome-de-jogador-referencia-do-futebol-campo-grandense-cgnoticias\\\/#listItem\",\"name\":\"Campo da Cohab recebe nova ilumina\\u00e7\\u00e3o e ganha nome de jogador refer\\u00eancia do futebol campo-grandense \\u2013 CGNot\\u00edcias\"}},{\"@type\":\"ListItem\",\"@id\":\"https:\\\/\\\/ejornais.com.br\\\/index.php\\\/2024\\\/04\\\/26\\\/campo-da-cohab-recebe-nova-iluminacao-e-ganha-nome-de-jogador-referencia-do-futebol-campo-grandense-cgnoticias\\\/#listItem\",\"position\":2,\"name\":\"Campo da Cohab recebe nova ilumina\\u00e7\\u00e3o e ganha nome de jogador refer\\u00eancia do futebol campo-grandense \\u2013 CGNot\\u00edcias\",\"previousItem\":{\"@type\":\"ListItem\",\"@id\":\"https:\\\/\\\/ejornais.com.br#listItem\",\"name\":\"In\\u00edcio\"}}]},{\"@type\":\"Organization\",\"@id\":\"https:\\\/\\\/ejornais.com.br\\\/#organization\",\"name\":\"eJornais\",\"description\":\"Cat\\u00e1logo de Jornais no mundo, Not\\u00edcias, Blog e Esportes ao vivo\",\"url\":\"https:\\\/\\\/ejornais.com.br\\\/\"},{\"@type\":\"Person\",\"@id\":\"https:\\\/\\\/ejornais.com.br\\\/index.php\\\/author\\\/#author\",\"url\":\"https:\\\/\\\/ejornais.com.br\\\/index.php\\\/author\\\/\"},{\"@type\":\"WebPage\",\"@id\":\"https:\\\/\\\/ejornais.com.br\\\/index.php\\\/2024\\\/04\\\/26\\\/campo-da-cohab-recebe-nova-iluminacao-e-ganha-nome-de-jogador-referencia-do-futebol-campo-grandense-cgnoticias\\\/#webpage\",\"url\":\"https:\\\/\\\/ejornais.com.br\\\/index.php\\\/2024\\\/04\\\/26\\\/campo-da-cohab-recebe-nova-iluminacao-e-ganha-nome-de-jogador-referencia-do-futebol-campo-grandense-cgnoticias\\\/\",\"name\":\"Campo da Cohab recebe nova ilumina\\u00e7\\u00e3o e ganha nome de jogador refer\\u00eancia do futebol campo-grandense \\u2013 CGNot\\u00edcias - eJornais\",\"description\":\"A Prefeitura de Campo Grande inaugurou nesta quinta-feira (25), mais uma ilumina\\u00e7\\u00e3o em um campo de futebol comunit\\u00e1rio, desta vez no Conjunto Habitacional Universit\\u00e1rias, Regi\\u00e3o Urbana Anhanduizinho de Campo Grande. No total foram oito postes, 32 lumin\\u00e1rias de LED e 320 metros de cabos. Na ocasi\\u00e3o, o campo recebeu o nome de Jorge Guarani Queiroz,\",\"inLanguage\":\"pt-BR\",\"isPartOf\":{\"@id\":\"https:\\\/\\\/ejornais.com.br\\\/#website\"},\"breadcrumb\":{\"@id\":\"https:\\\/\\\/ejornais.com.br\\\/index.php\\\/2024\\\/04\\\/26\\\/campo-da-cohab-recebe-nova-iluminacao-e-ganha-nome-de-jogador-referencia-do-futebol-campo-grandense-cgnoticias\\\/#breadcrumblist\"},\"author\":{\"@id\":\"https:\\\/\\\/ejornais.com.br\\\/index.php\\\/author\\\/#author\"},\"creator\":{\"@id\":\"https:\\\/\\\/ejornais.com.br\\\/index.php\\\/author\\\/#author\"},\"datePublished\":\"2024-04-26T21:40:36-03:00\",\"dateModified\":\"2024-04-26T21:40:36-03:00\"},{\"@type\":\"WebSite\",\"@id\":\"https:\\\/\\\/ejornais.com.br\\\/#website\",\"url\":\"https:\\\/\\\/ejornais.com.br\\\/\",\"name\":\"eJornais\",\"description\":\"Cat\\u00e1logo de Jornais no mundo, Not\\u00edcias, Blog e Esportes ao vivo\",\"inLanguage\":\"pt-BR\",\"publisher\":{\"@id\":\"https:\\\/\\\/ejornais.com.br\\\/#organization\"}}]}\n\t\t<\/script>\n\t\t<!-- All in One SEO -->\n\n","aioseo_head_json":{"title":"Campo da Cohab recebe nova ilumina\u00e7\u00e3o e ganha nome de jogador refer\u00eancia do futebol campo-grandense \u2013 CGNot\u00edcias - eJornais","description":"A Prefeitura de Campo Grande inaugurou nesta quinta-feira (25), mais uma ilumina\u00e7\u00e3o em um campo de futebol comunit\u00e1rio, desta vez no Conjunto Habitacional Universit\u00e1rias, Regi\u00e3o Urbana Anhanduizinho de Campo Grande. No total foram oito postes, 32 lumin\u00e1rias de LED e 320 metros de cabos. Na ocasi\u00e3o, o campo recebeu o nome de Jorge Guarani Queiroz,","canonical_url":"https:\/\/ejornais.com.br\/index.php\/2024\/04\/26\/campo-da-cohab-recebe-nova-iluminacao-e-ganha-nome-de-jogador-referencia-do-futebol-campo-grandense-cgnoticias\/","robots":"max-image-preview:large","keywords":"","webmasterTools":{"miscellaneous":""},"schema":{"@context":"https:\/\/schema.org","@graph":[{"@type":"BlogPosting","@id":"https:\/\/ejornais.com.br\/index.php\/2024\/04\/26\/campo-da-cohab-recebe-nova-iluminacao-e-ganha-nome-de-jogador-referencia-do-futebol-campo-grandense-cgnoticias\/#blogposting","name":"Campo da Cohab recebe nova ilumina\u00e7\u00e3o e ganha nome de jogador refer\u00eancia do futebol campo-grandense \u2013 CGNot\u00edcias - eJornais","headline":"Campo da Cohab recebe nova ilumina\u00e7\u00e3o e ganha nome de jogador refer\u00eancia do futebol campo-grandense \u2013 CGNot\u00edcias","author":{"@id":"https:\/\/ejornais.com.br\/index.php\/author\/#author"},"publisher":{"@id":"https:\/\/ejornais.com.br\/#organization"},"datePublished":"2024-04-26T21:40:36-03:00","dateModified":"2024-04-26T21:40:36-03:00","inLanguage":"pt-BR","mainEntityOfPage":{"@id":"https:\/\/ejornais.com.br\/index.php\/2024\/04\/26\/campo-da-cohab-recebe-nova-iluminacao-e-ganha-nome-de-jogador-referencia-do-futebol-campo-grandense-cgnoticias\/#webpage"},"isPartOf":{"@id":"https:\/\/ejornais.com.br\/index.php\/2024\/04\/26\/campo-da-cohab-recebe-nova-iluminacao-e-ganha-nome-de-jogador-referencia-do-futebol-campo-grandense-cgnoticias\/#webpage"}},{"@type":"BreadcrumbList","@id":"https:\/\/ejornais.com.br\/index.php\/2024\/04\/26\/campo-da-cohab-recebe-nova-iluminacao-e-ganha-nome-de-jogador-referencia-do-futebol-campo-grandense-cgnoticias\/#breadcrumblist","itemListElement":[{"@type":"ListItem","@id":"https:\/\/ejornais.com.br#listItem","position":1,"name":"In\u00edcio","item":"https:\/\/ejornais.com.br","nextItem":{"@type":"ListItem","@id":"https:\/\/ejornais.com.br\/index.php\/2024\/04\/26\/campo-da-cohab-recebe-nova-iluminacao-e-ganha-nome-de-jogador-referencia-do-futebol-campo-grandense-cgnoticias\/#listItem","name":"Campo da Cohab recebe nova ilumina\u00e7\u00e3o e ganha nome de jogador refer\u00eancia do futebol campo-grandense \u2013 CGNot\u00edcias"}},{"@type":"ListItem","@id":"https:\/\/ejornais.com.br\/index.php\/2024\/04\/26\/campo-da-cohab-recebe-nova-iluminacao-e-ganha-nome-de-jogador-referencia-do-futebol-campo-grandense-cgnoticias\/#listItem","position":2,"name":"Campo da Cohab recebe nova ilumina\u00e7\u00e3o e ganha nome de jogador refer\u00eancia do futebol campo-grandense \u2013 CGNot\u00edcias","previousItem":{"@type":"ListItem","@id":"https:\/\/ejornais.com.br#listItem","name":"In\u00edcio"}}]},{"@type":"Organization","@id":"https:\/\/ejornais.com.br\/#organization","name":"eJornais","description":"Cat\u00e1logo de Jornais no mundo, Not\u00edcias, Blog e Esportes ao vivo","url":"https:\/\/ejornais.com.br\/"},{"@type":"Person","@id":"https:\/\/ejornais.com.br\/index.php\/author\/#author","url":"https:\/\/ejornais.com.br\/index.php\/author\/"},{"@type":"WebPage","@id":"https:\/\/ejornais.com.br\/index.php\/2024\/04\/26\/campo-da-cohab-recebe-nova-iluminacao-e-ganha-nome-de-jogador-referencia-do-futebol-campo-grandense-cgnoticias\/#webpage","url":"https:\/\/ejornais.com.br\/index.php\/2024\/04\/26\/campo-da-cohab-recebe-nova-iluminacao-e-ganha-nome-de-jogador-referencia-do-futebol-campo-grandense-cgnoticias\/","name":"Campo da Cohab recebe nova ilumina\u00e7\u00e3o e ganha nome de jogador refer\u00eancia do futebol campo-grandense \u2013 CGNot\u00edcias - eJornais","description":"A Prefeitura de Campo Grande inaugurou nesta quinta-feira (25), mais uma ilumina\u00e7\u00e3o em um campo de futebol comunit\u00e1rio, desta vez no Conjunto Habitacional Universit\u00e1rias, Regi\u00e3o Urbana Anhanduizinho de Campo Grande. No total foram oito postes, 32 lumin\u00e1rias de LED e 320 metros de cabos. Na ocasi\u00e3o, o campo recebeu o nome de Jorge Guarani Queiroz,","inLanguage":"pt-BR","isPartOf":{"@id":"https:\/\/ejornais.com.br\/#website"},"breadcrumb":{"@id":"https:\/\/ejornais.com.br\/index.php\/2024\/04\/26\/campo-da-cohab-recebe-nova-iluminacao-e-ganha-nome-de-jogador-referencia-do-futebol-campo-grandense-cgnoticias\/#breadcrumblist"},"author":{"@id":"https:\/\/ejornais.com.br\/index.php\/author\/#author"},"creator":{"@id":"https:\/\/ejornais.com.br\/index.php\/author\/#author"},"datePublished":"2024-04-26T21:40:36-03:00","dateModified":"2024-04-26T21:40:36-03:00"},{"@type":"WebSite","@id":"https:\/\/ejornais.com.br\/#website","url":"https:\/\/ejornais.com.br\/","name":"eJornais","description":"Cat\u00e1logo de Jornais no mundo, Not\u00edcias, Blog e Esportes ao vivo","inLanguage":"pt-BR","publisher":{"@id":"https:\/\/ejornais.com.br\/#organization"}}]},"og:locale":"pt_BR","og:site_name":"eJornais - Cat\u00e1logo de Jornais no mundo, Not\u00edcias, Blog e Esportes ao vivo","og:type":"article","og:title":"Campo da Cohab recebe nova ilumina\u00e7\u00e3o e ganha nome de jogador refer\u00eancia do futebol campo-grandense \u2013 CGNot\u00edcias - eJornais","og:description":"A Prefeitura de Campo Grande inaugurou nesta quinta-feira (25), mais uma ilumina\u00e7\u00e3o em um campo de futebol comunit\u00e1rio, desta vez no Conjunto Habitacional Universit\u00e1rias, Regi\u00e3o Urbana Anhanduizinho de Campo Grande. No total foram oito postes, 32 lumin\u00e1rias de LED e 320 metros de cabos. Na ocasi\u00e3o, o campo recebeu o nome de Jorge Guarani Queiroz,","og:url":"https:\/\/ejornais.com.br\/index.php\/2024\/04\/26\/campo-da-cohab-recebe-nova-iluminacao-e-ganha-nome-de-jogador-referencia-do-futebol-campo-grandense-cgnoticias\/","article:published_time":"2024-04-27T00:40:36+00:00","article:modified_time":"2024-04-27T00:40:36+00:00","twitter:card":"summary_large_image","twitter:title":"Campo da Cohab recebe nova ilumina\u00e7\u00e3o e ganha nome de jogador refer\u00eancia do futebol campo-grandense \u2013 CGNot\u00edcias - eJornais","twitter:description":"A Prefeitura de Campo Grande inaugurou nesta quinta-feira (25), mais uma ilumina\u00e7\u00e3o em um campo de futebol comunit\u00e1rio, desta vez no Conjunto Habitacional Universit\u00e1rias, Regi\u00e3o Urbana Anhanduizinho de Campo Grande. No total foram oito postes, 32 lumin\u00e1rias de LED e 320 metros de cabos. Na ocasi\u00e3o, o campo recebeu o nome de Jorge Guarani Queiroz,"},"aioseo_meta_data":{"post_id":"24023","title":null,"description":null,"keywords":null,"keyphrases":null,"primary_term":null,"canonical_url":null,"og_title":null,"og_description":null,"og_object_type":"default","og_image_type":"default","og_image_url":null,"og_image_width":null,"og_image_height":null,"og_image_custom_url":null,"og_image_custom_fields":null,"og_video":null,"og_custom_url":null,"og_article_section":null,"og_article_tags":null,"twitter_use_og":false,"twitter_card":"default","twitter_image_type":"default","twitter_image_url":null,"twitter_image_custom_url":null,"twitter_image_custom_fields":null,"twitter_title":null,"twitter_description":null,"schema":{"blockGraphs":[],"customGraphs":[],"default":{"data":{"Article":[],"Course":[],"Dataset":[],"FAQPage":[],"Movie":[],"Person":[],"Product":[],"ProductReview":[],"Car":[],"Recipe":[],"Service":[],"SoftwareApplication":[],"WebPage":[]},"graphName":"","isEnabled":true},"graphs":[]},"schema_type":"default","schema_type_options":null,"pillar_content":false,"robots_default":true,"robots_noindex":false,"robots_noarchive":false,"robots_nosnippet":false,"robots_nofollow":false,"robots_noimageindex":false,"robots_noodp":false,"robots_notranslate":false,"robots_max_snippet":null,"robots_max_videopreview":null,"robots_max_imagepreview":"large","priority":null,"frequency":null,"local_seo":null,"breadcrumb_settings":null,"limit_modified_date":false,"ai":null,"created":"2024-04-27 00:55:03","updated":"2025-06-05 10:43:02","seo_analyzer_scan_date":null,"focus_keyword":null,"additional_keywords":null,"truseo_locale":null},"aioseo_breadcrumb":"<div class=\"aioseo-breadcrumbs\"><span class=\"aioseo-breadcrumb\">\n\t\t\t<a href=\"https:\/\/ejornais.com.br\" title=\"In\u00edcio\">In\u00edcio<\/a>\n\t\t<\/span><span class=\"aioseo-breadcrumb-separator\">&raquo;<\/span><span class=\"aioseo-breadcrumb\">\n\t\t\tCampo da Cohab recebe nova ilumina\u00e7\u00e3o e ganha nome de jogador refer\u00eancia do futebol campo-grandense \u2013 CGNot\u00edcias\n\t\t<\/span><\/div>","aioseo_breadcrumb_json":[{"label":"In\u00edcio","link":"https:\/\/ejornais.com.br"},{"label":"Campo da Cohab recebe nova ilumina\u00e7\u00e3o e ganha nome de jogador refer\u00eancia do futebol campo-grandense \u2013 CGNot\u00edcias","link":"https:\/\/ejornais.com.br\/index.php\/2024\/04\/26\/campo-da-cohab-recebe-nova-iluminacao-e-ganha-nome-de-jogador-referencia-do-futebol-campo-grandense-cgnoticias\/"}],"amp_enabled":true,"_links":{"self":[{"href":"https:\/\/ejornais.com.br\/index.php\/wp-json\/wp\/v2\/posts\/24023","targetHints":{"allow":["GET"]}}],"collection":[{"href":"https:\/\/ejornais.com.br\/index.php\/wp-json\/wp\/v2\/posts"}],"about":[{"href":"https:\/\/ejornais.com.br\/index.php\/wp-json\/wp\/v2\/types\/post"}],"author":[{"embeddable":true,"href":"https:\/\/ejornais.com.br\/index.php\/wp-json\/wp\/v2\/users\/1"}],"replies":[{"embeddable":true,"href":"https:\/\/ejornais.com.br\/index.php\/wp-json\/wp\/v2\/comments?post=24023"}],"version-history":[{"count":0,"href":"https:\/\/ejornais.com.br\/index.php\/wp-json\/wp\/v2\/posts\/24023\/revisions"}],"wp:attachment":[{"href":"https:\/\/ejornais.com.br\/index.php\/wp-json\/wp\/v2\/media?parent=24023"}],"wp:term":[{"taxonomy":"category","embeddable":true,"href":"https:\/\/ejornais.com.br\/index.php\/wp-json\/wp\/v2\/categories?post=24023"},{"taxonomy":"post_tag","embeddable":true,"href":"https:\/\/ejornais.com.br\/index.php\/wp-json\/wp\/v2\/tags?post=24023"}],"curies":[{"name":"wp","href":"https:\/\/api.w.org\/{rel}","templated":true}]}}