{"id":24082,"date":"2024-04-27T20:09:43","date_gmt":"2024-04-27T23:09:43","guid":{"rendered":"https:\/\/ejornais.com.br\/index.php\/2024\/04\/27\/em-costa-rica-governo-do-estado-entrega-primeiro-trecho-da-ms-316-agencia-de-noticias-do-governo-de-mato-grosso-do-sul\/"},"modified":"2024-04-27T20:09:43","modified_gmt":"2024-04-27T23:09:43","slug":"em-costa-rica-governo-do-estado-entrega-primeiro-trecho-da-ms-316-agencia-de-noticias-do-governo-de-mato-grosso-do-sul","status":"publish","type":"post","link":"https:\/\/ejornais.com.br\/index.php\/2024\/04\/27\/em-costa-rica-governo-do-estado-entrega-primeiro-trecho-da-ms-316-agencia-de-noticias-do-governo-de-mato-grosso-do-sul\/","title":{"rendered":"Em Costa Rica, Governo do Estado entrega primeiro trecho da MS-316\u00a0 \u2013 Ag\u00eancia de Noticias do Governo de Mato Grosso do Sul"},"content":{"rendered":"<p><\/p>\n<div>\n<p>Com investimentos de R$ 71,3 milh\u00f5es, o Governo do Estado concluiu a implementa\u00e7\u00e3o e pavimenta\u00e7\u00e3o asf\u00e1ltica do lote 1, com 30,8 km de extens\u00e3o, da rodovia MS-316.\u00a0 A pavimenta\u00e7\u00e3o da rodovia MS-316, que conecta Costa Rica e Para\u00edso das \u00c1guas, \u00e9 considerada estrat\u00e9gica para a log\u00edstica do Mato Grosso do Sul, integrando as regi\u00f5es Norte e Bols\u00e3o, e beneficiando o escoamento da produ\u00e7\u00e3o agropecu\u00e1ria e facilitando o deslocamento das pessoas.<\/p>\n<p>No evento de entrega do trecho,\u00a0 neste s\u00e1bado (27), o governador Eduardo Riedel destacou o grande crescimento do Estado, em especial, na Costa Leste.<\/p>\n<div id=\"gallery-1\" class=\"gallery galleryid-474478 gallery-columns-2 gallery-size-large\">\n<figure class=\"gallery-item\">\n<div class=\"gallery-icon landscape\"><\/div>\n<\/figure>\n<figure class=\"gallery-item\">\n<div class=\"gallery-icon landscape\"><\/div>\n<\/figure><\/div>\n<p>\u201cCosta Rica tem um diferencial gigante pelo que construiu na sua hist\u00f3ria e pelo que est\u00e1 construindo agora em parceria com o Estado, olhando para frente. Prospectando em termos de investimentos, come\u00e7amos a perceber a regi\u00e3o bastante industrializada e agora avan\u00e7a com a MS-316, uma nova rota. Este tipo de vis\u00e3o para dentro do Mato Grosso do Sul tem feito com que a iniciativa privada venha para c\u00e1. Estamos com 76 bilh\u00f5es de reais em investimentos no Estado, e \u00e9 por isso que percebemos o crescimento nesta magnitude. \u00c9 s\u00f3 andar um pouco pelo Mato Grosso do Sul, em qualquer regi\u00e3o, que observamos desenvolvimento \u201d, salientou.\u00a0<\/p>\n<\/p>\n<p>J\u00e1 o prefeito de Costa Rica, Cleverson Alves Santos, enfatizou os investimentos que Costa Rica vem recebendo. \u201cS\u00e3o mais de 180 milh\u00f5es de reais em investimentos, que o Governo do Estado coloca aqui, atendendo \u00e0s nossas demandas e apoiando o escoamento da produ\u00e7\u00e3o de Costa Rica\u201d, ressaltou.\u00a0<\/p>\n<p>Em seguida, o governador Riedel vistoriou as obras de restaura\u00e7\u00e3o do pavimento da rodovia MS-223, entroncamentos com a MS-316 (trecho urbano de Costa Rica) e MS-306 (Cantina). O investimento \u00e9 de R$ 28, 2 milh\u00f5es.\u00a0<\/p>\n<p><strong>MS-315 <\/strong><\/p>\n<p>Em encontro com produtoras e produtores rurais, na MS-115, o governador Riedel assumiu o compromisso de trazer a pavimenta\u00e7\u00e3o asf\u00e1ltica na rodovia at\u00e9 2026.<\/p>\n<p>&#8220;\u00c9 a \u00fanica rodovia estadual ainda n\u00e3o pavimentada aqui no munic\u00edpio. E vamos colocar em nosso planejamento de pavimenta\u00e7\u00e3o, atendendo uma demanda de Costa Rica&#8221;, concluiu.<\/p>\n<div id=\"gallery-3\" class=\"gallery galleryid-474478 gallery-columns-2 gallery-size-large\">\n<figure class=\"gallery-item\">\n<div class=\"gallery-icon landscape\"><\/div>\n<\/figure>\n<figure class=\"gallery-item\">\n<div class=\"gallery-icon landscape\"><\/div>\n<\/figure><\/div>\n<p>Com cerca de 21 mil habitantes, Costa Rica recebe\u00a0 em infraestrutura vi\u00e1ria cerca de R$ 172 milh\u00f5es em investimentos, que incluem obras no aer\u00f3dromo, rodovias e asfalto em bairros da cidade.\u00a0<\/p>\n<p>Estiveram presentes ao evento, os secret\u00e1rios Eduardo Rocha (Casa Civil), Rodrigo Perez (Secretaria de Governo e Gest\u00e3o Estrat\u00e9gica), os prefeitos An\u00edzio Andrade (Para\u00edso das \u00c1guas) Juvenal Consolaro, (Figueir\u00e3o), Dalmy Cris\u00f3stomo (Alcin\u00f3polis), Jo\u00e3o Carlos Krug (Chapad\u00e3o do Sul), o deputado estadual coronel David, al\u00e9m de vereadores e secret\u00e1rios municipais.<\/p>\n<p><em>Alexandre Gonzaga, Comunica\u00e7\u00e3o do Governo de MS<\/em><\/p>\n<p><em>Fotos: Bruno Rezende<\/em><\/p>\n<\/div>\n","protected":false},"excerpt":{"rendered":"<p>Com investimentos de R$ 71,3 milh\u00f5es, o Governo do Estado concluiu a implementa\u00e7\u00e3o e pavimenta\u00e7\u00e3o asf\u00e1ltica do lote 1, com<\/p>\n","protected":false},"author":1,"featured_media":0,"comment_status":"open","ping_status":"open","sticky":false,"template":"","format":"standard","meta":{"colormag_page_container_layout":"default_layout","colormag_page_sidebar_layout":"default_layout","footnotes":""},"categories":[],"tags":[],"class_list":["post-24082","post","type-post","status-publish","format-standard","hentry"],"aioseo_notices":[],"amp_enabled":true,"_links":{"self":[{"href":"https:\/\/ejornais.com.br\/index.php\/wp-json\/wp\/v2\/posts\/24082","targetHints":{"allow":["GET"]}}],"collection":[{"href":"https:\/\/ejornais.com.br\/index.php\/wp-json\/wp\/v2\/posts"}],"about":[{"href":"https:\/\/ejornais.com.br\/index.php\/wp-json\/wp\/v2\/types\/post"}],"author":[{"embeddable":true,"href":"https:\/\/ejornais.com.br\/index.php\/wp-json\/wp\/v2\/users\/1"}],"replies":[{"embeddable":true,"href":"https:\/\/ejornais.com.br\/index.php\/wp-json\/wp\/v2\/comments?post=24082"}],"version-history":[{"count":0,"href":"https:\/\/ejornais.com.br\/index.php\/wp-json\/wp\/v2\/posts\/24082\/revisions"}],"wp:attachment":[{"href":"https:\/\/ejornais.com.br\/index.php\/wp-json\/wp\/v2\/media?parent=24082"}],"wp:term":[{"taxonomy":"category","embeddable":true,"href":"https:\/\/ejornais.com.br\/index.php\/wp-json\/wp\/v2\/categories?post=24082"},{"taxonomy":"post_tag","embeddable":true,"href":"https:\/\/ejornais.com.br\/index.php\/wp-json\/wp\/v2\/tags?post=24082"}],"curies":[{"name":"wp","href":"https:\/\/api.w.org\/{rel}","templated":true}]}}