{"id":24229,"date":"2024-04-30T02:21:00","date_gmt":"2024-04-30T05:21:00","guid":{"rendered":"https:\/\/ejornais.com.br\/index.php\/2024\/04\/30\/prefeitura-realiza-palestras-sobre-seguranca-no-trabalho\/"},"modified":"2024-04-30T02:21:00","modified_gmt":"2024-04-30T05:21:00","slug":"prefeitura-realiza-palestras-sobre-seguranca-no-trabalho","status":"publish","type":"post","link":"https:\/\/ejornais.com.br\/index.php\/2024\/04\/30\/prefeitura-realiza-palestras-sobre-seguranca-no-trabalho\/","title":{"rendered":"Prefeitura realiza palestras sobre seguran\u00e7a no trabalho"},"content":{"rendered":"<p><\/p>\n<div>\n<p><b>Ariane Caldas<\/b><br \/>&#13;<br \/>\n&#13;<br \/>\n                <span style=\"font-weight: bold;\">Secretaria de Sa\u00fade<\/span><\/p>\n<p><em>*Colabora\u00e7\u00e3o da estagi\u00e1ria Rayane Ricardo<\/em><\/p>\n<p>Para encerrar as atividades do m\u00eas dedicado \u00e0 sa\u00fade e seguran\u00e7a no trabalho, o Abril Verde, a Prefeitura de S\u00e3o Jos\u00e9 dos Campos, promove nesta ter\u00e7a (30), das 9h \u00e0s 17h, um conjunto de palestras que trazem como tema central acidentes de trabalho.<\/p>\n<p>A iniciativa acontece no PAT (Posto de Atendimento ao Trabalhador), localizado na Pra\u00e7a Afonso Pena, 175, no centro e ser\u00e1 realizada pela unidade especializada Cerest (Centro de Refer\u00eancia em Sa\u00fade do Trabalhador).<\/p>\n<p>O evento \u00e9 uma forma de conscientizar trabalhadores sobre ocorr\u00eancias no local de trabalho e referenciar o Abril Verde, m\u00eas de conscientiza\u00e7\u00e3o e preven\u00e7\u00e3o de acidentes e doen\u00e7as relacionadas ao trabalho.<\/p>\n<p>Os encontros acontecer\u00e3o em tr\u00eas hor\u00e1rios diferentes, \u00e0s 9h, \u00e0s 10h45 e \u00e0s 15h45. As palestras v\u00e3o falar sobre o servi\u00e7o realizado pelo Cerest, al\u00e9m de explicar como funciona a unidade especializada. Tamb\u00e9m ser\u00e3o lembrados os tipos de acidentes no trabalho e o que fazer em caso de alguma ocorr\u00eancia.<\/p>\n<p>Em sess\u00e3o especial, na palestra das 15h45, representantes do PAT ir\u00e3o apresentar as a\u00e7\u00f5es realizadas para ampliar as oportunidades de emprego e de recoloca\u00e7\u00e3o no mercado de trabalho.<\/p>\n<p>O Abril Verde \u00e9 organizado pela Secretaria de Sa\u00fade, atrav\u00e9s do Cerest (Centro de Refer\u00eancia em Sa\u00fade do Trabalhador), e desenvolvido em parceria com a Secretaria de Inova\u00e7\u00e3o e Desenvolvimento Econ\u00f4mico.<\/p>\n<p>Para ampliar a divulga\u00e7\u00e3o da campanha, o Arco da Inova\u00e7\u00e3o ficou iluminado na cor verde.<\/p>\n<p><em><sub>O Arco da Inova\u00e7\u00e3o recebeu ilumina\u00e7\u00e3o especial para destacar a campanha | Foto: Adenir Britto\/PMSJC<\/sub><\/em><\/p>\n<p><span class=\"intertitulo\">Cerest<\/span><\/p>\n<p>O Cerest (Centro de Refer\u00eancia em Sa\u00fade do Trabalhador) \u00e9 uma unidade de sa\u00fade especializada do SUS (Sistema \u00danico de Sa\u00fade), que acolhe, atende, acompanha e orienta os trabalhadores que sofreram acidentes de trabalho (t\u00edpico, de trajeto ou biol\u00f3gico) e doen\u00e7as ocupacionais (les\u00f5es por esfor\u00e7o repetitivo e PAIR, entre outras).<\/p>\n<p>A unidade de S\u00e3o Jos\u00e9 dos Campos, abrange 12 munic\u00edpios da RMVale (Regi\u00e3o Metropolitana do Vale do Para\u00edba).<\/p>\n<p>Com equipe multidisciplinar, realiza inspe\u00e7\u00f5es em postos de trabalho para avaliar riscos e procedimentos, com o objetivo de elimin\u00e1-los ou minimiz\u00e1-los em benef\u00edcio dos trabalhadores.<\/p>\n<p>O agendamento das consultas deve ser feito por telefone ou e-mail, que est\u00e3o dispon\u00edveis no site da Prefeitura, assim como os documentos necess\u00e1rios para o atendimento.<\/p>\n<p>Em casos de emerg\u00eancia, o acidentado deve se dirigir \u00e0s UPAs (Unidades de Pronto Atendimento) e hospitais da cidade.<\/p>\n<p>Saiba mais sobre o Cerest.<\/p>\n<\/p>\n<p>&#13;<br \/>\n                        <strong>MAIS NOT\u00cdCIAS<\/strong><br \/>&#13;<br \/>\n                        Secretaria de Sa\u00fade&#13;\n                    <\/p>\n<\/p><\/div>\n","protected":false},"excerpt":{"rendered":"<p>Ariane Caldas&#13; &#13; Secretaria de Sa\u00fade *Colabora\u00e7\u00e3o da estagi\u00e1ria Rayane Ricardo Para encerrar as atividades do m\u00eas dedicado \u00e0 sa\u00fade<\/p>\n","protected":false},"author":1,"featured_media":0,"comment_status":"open","ping_status":"open","sticky":false,"template":"","format":"standard","meta":{"colormag_page_container_layout":"default_layout","colormag_page_sidebar_layout":"default_layout","footnotes":""},"categories":[1],"tags":[],"class_list":["post-24229","post","type-post","status-publish","format-standard","hentry","category-ejornais"],"aioseo_notices":[],"aioseo_head":"\n\t\t<!-- All in One SEO 5.0.1.1 - aioseo.com -->\n\t<meta name=\"description\" content=\"Ariane Caldas Secretaria de Sa\u00fade *Colabora\u00e7\u00e3o da estagi\u00e1ria Rayane Ricardo Para encerrar as atividades do m\u00eas dedicado \u00e0 sa\u00fade e seguran\u00e7a no trabalho, o Abril Verde, a Prefeitura de S\u00e3o Jos\u00e9 dos Campos, promove nesta ter\u00e7a (30), das 9h \u00e0s 17h, um conjunto de palestras que trazem como tema central acidentes de trabalho. A\" \/>\n\t<meta name=\"robots\" content=\"max-image-preview:large\" \/>\n\t<link rel=\"canonical\" href=\"https:\/\/ejornais.com.br\/index.php\/2024\/04\/30\/prefeitura-realiza-palestras-sobre-seguranca-no-trabalho\/\" \/>\n\t<meta name=\"generator\" content=\"All in One SEO (AIOSEO) 5.0.1.1\" \/>\n\t\t<meta property=\"og:locale\" content=\"pt_BR\" \/>\n\t\t<meta property=\"og:site_name\" content=\"eJornais - Cat\u00e1logo de Jornais no mundo, Not\u00edcias, Blog e Esportes ao vivo\" \/>\n\t\t<meta property=\"og:type\" content=\"article\" \/>\n\t\t<meta property=\"og:title\" content=\"Prefeitura realiza palestras sobre seguran\u00e7a no trabalho - eJornais\" \/>\n\t\t<meta property=\"og:description\" content=\"Ariane Caldas Secretaria de Sa\u00fade *Colabora\u00e7\u00e3o da estagi\u00e1ria Rayane Ricardo Para encerrar as atividades do m\u00eas dedicado \u00e0 sa\u00fade e seguran\u00e7a no trabalho, o Abril Verde, a Prefeitura de S\u00e3o Jos\u00e9 dos Campos, promove nesta ter\u00e7a (30), das 9h \u00e0s 17h, um conjunto de palestras que trazem como tema central acidentes de trabalho. A\" \/>\n\t\t<meta property=\"og:url\" content=\"https:\/\/ejornais.com.br\/index.php\/2024\/04\/30\/prefeitura-realiza-palestras-sobre-seguranca-no-trabalho\/\" \/>\n\t\t<meta property=\"article:published_time\" content=\"2024-04-30T05:21:00+00:00\" \/>\n\t\t<meta property=\"article:modified_time\" content=\"2024-04-30T05:21:00+00:00\" \/>\n\t\t<meta name=\"twitter:card\" content=\"summary_large_image\" \/>\n\t\t<meta name=\"twitter:title\" content=\"Prefeitura realiza palestras sobre seguran\u00e7a no trabalho - eJornais\" \/>\n\t\t<meta name=\"twitter:description\" content=\"Ariane Caldas Secretaria de Sa\u00fade *Colabora\u00e7\u00e3o da estagi\u00e1ria Rayane Ricardo Para encerrar as atividades do m\u00eas dedicado \u00e0 sa\u00fade e seguran\u00e7a no trabalho, o Abril Verde, a Prefeitura de S\u00e3o Jos\u00e9 dos Campos, promove nesta ter\u00e7a (30), das 9h \u00e0s 17h, um conjunto de palestras que trazem como tema central acidentes de trabalho. A\" \/>\n\t\t<script type=\"application\/ld+json\" class=\"aioseo-schema\">\n\t\t\t{\"@context\":\"https:\\\/\\\/schema.org\",\"@graph\":[{\"@type\":\"BlogPosting\",\"@id\":\"https:\\\/\\\/ejornais.com.br\\\/index.php\\\/2024\\\/04\\\/30\\\/prefeitura-realiza-palestras-sobre-seguranca-no-trabalho\\\/#blogposting\",\"name\":\"Prefeitura realiza palestras sobre seguran\\u00e7a no trabalho - eJornais\",\"headline\":\"Prefeitura realiza palestras sobre seguran\\u00e7a no trabalho\",\"author\":{\"@id\":\"https:\\\/\\\/ejornais.com.br\\\/index.php\\\/author\\\/#author\"},\"publisher\":{\"@id\":\"https:\\\/\\\/ejornais.com.br\\\/#organization\"},\"datePublished\":\"2024-04-30T02:21:00-03:00\",\"dateModified\":\"2024-04-30T02:21:00-03:00\",\"inLanguage\":\"pt-BR\",\"mainEntityOfPage\":{\"@id\":\"https:\\\/\\\/ejornais.com.br\\\/index.php\\\/2024\\\/04\\\/30\\\/prefeitura-realiza-palestras-sobre-seguranca-no-trabalho\\\/#webpage\"},\"isPartOf\":{\"@id\":\"https:\\\/\\\/ejornais.com.br\\\/index.php\\\/2024\\\/04\\\/30\\\/prefeitura-realiza-palestras-sobre-seguranca-no-trabalho\\\/#webpage\"},\"articleSection\":\"Cat\\u00e1logo de Jornais\"},{\"@type\":\"BreadcrumbList\",\"@id\":\"https:\\\/\\\/ejornais.com.br\\\/index.php\\\/2024\\\/04\\\/30\\\/prefeitura-realiza-palestras-sobre-seguranca-no-trabalho\\\/#breadcrumblist\",\"itemListElement\":[{\"@type\":\"ListItem\",\"@id\":\"https:\\\/\\\/ejornais.com.br#listItem\",\"position\":1,\"name\":\"In\\u00edcio\",\"item\":\"https:\\\/\\\/ejornais.com.br\",\"nextItem\":{\"@type\":\"ListItem\",\"@id\":\"https:\\\/\\\/ejornais.com.br\\\/index.php\\\/category\\\/ejornais\\\/#listItem\",\"name\":\"Cat\\u00e1logo de Jornais\"}},{\"@type\":\"ListItem\",\"@id\":\"https:\\\/\\\/ejornais.com.br\\\/index.php\\\/category\\\/ejornais\\\/#listItem\",\"position\":2,\"name\":\"Cat\\u00e1logo de Jornais\",\"item\":\"https:\\\/\\\/ejornais.com.br\\\/index.php\\\/category\\\/ejornais\\\/\",\"nextItem\":{\"@type\":\"ListItem\",\"@id\":\"https:\\\/\\\/ejornais.com.br\\\/index.php\\\/2024\\\/04\\\/30\\\/prefeitura-realiza-palestras-sobre-seguranca-no-trabalho\\\/#listItem\",\"name\":\"Prefeitura realiza palestras sobre seguran\\u00e7a no trabalho\"},\"previousItem\":{\"@type\":\"ListItem\",\"@id\":\"https:\\\/\\\/ejornais.com.br#listItem\",\"name\":\"In\\u00edcio\"}},{\"@type\":\"ListItem\",\"@id\":\"https:\\\/\\\/ejornais.com.br\\\/index.php\\\/2024\\\/04\\\/30\\\/prefeitura-realiza-palestras-sobre-seguranca-no-trabalho\\\/#listItem\",\"position\":3,\"name\":\"Prefeitura realiza palestras sobre seguran\\u00e7a no trabalho\",\"previousItem\":{\"@type\":\"ListItem\",\"@id\":\"https:\\\/\\\/ejornais.com.br\\\/index.php\\\/category\\\/ejornais\\\/#listItem\",\"name\":\"Cat\\u00e1logo de Jornais\"}}]},{\"@type\":\"Organization\",\"@id\":\"https:\\\/\\\/ejornais.com.br\\\/#organization\",\"name\":\"eJornais\",\"description\":\"Cat\\u00e1logo de Jornais no mundo, Not\\u00edcias, Blog e Esportes ao vivo\",\"url\":\"https:\\\/\\\/ejornais.com.br\\\/\"},{\"@type\":\"Person\",\"@id\":\"https:\\\/\\\/ejornais.com.br\\\/index.php\\\/author\\\/#author\",\"url\":\"https:\\\/\\\/ejornais.com.br\\\/index.php\\\/author\\\/\"},{\"@type\":\"WebPage\",\"@id\":\"https:\\\/\\\/ejornais.com.br\\\/index.php\\\/2024\\\/04\\\/30\\\/prefeitura-realiza-palestras-sobre-seguranca-no-trabalho\\\/#webpage\",\"url\":\"https:\\\/\\\/ejornais.com.br\\\/index.php\\\/2024\\\/04\\\/30\\\/prefeitura-realiza-palestras-sobre-seguranca-no-trabalho\\\/\",\"name\":\"Prefeitura realiza palestras sobre seguran\\u00e7a no trabalho - eJornais\",\"description\":\"Ariane Caldas Secretaria de Sa\\u00fade *Colabora\\u00e7\\u00e3o da estagi\\u00e1ria Rayane Ricardo Para encerrar as atividades do m\\u00eas dedicado \\u00e0 sa\\u00fade e seguran\\u00e7a no trabalho, o Abril Verde, a Prefeitura de S\\u00e3o Jos\\u00e9 dos Campos, promove nesta ter\\u00e7a (30), das 9h \\u00e0s 17h, um conjunto de palestras que trazem como tema central acidentes de trabalho. A\",\"inLanguage\":\"pt-BR\",\"isPartOf\":{\"@id\":\"https:\\\/\\\/ejornais.com.br\\\/#website\"},\"breadcrumb\":{\"@id\":\"https:\\\/\\\/ejornais.com.br\\\/index.php\\\/2024\\\/04\\\/30\\\/prefeitura-realiza-palestras-sobre-seguranca-no-trabalho\\\/#breadcrumblist\"},\"author\":{\"@id\":\"https:\\\/\\\/ejornais.com.br\\\/index.php\\\/author\\\/#author\"},\"creator\":{\"@id\":\"https:\\\/\\\/ejornais.com.br\\\/index.php\\\/author\\\/#author\"},\"datePublished\":\"2024-04-30T02:21:00-03:00\",\"dateModified\":\"2024-04-30T02:21:00-03:00\"},{\"@type\":\"WebSite\",\"@id\":\"https:\\\/\\\/ejornais.com.br\\\/#website\",\"url\":\"https:\\\/\\\/ejornais.com.br\\\/\",\"name\":\"eJornais\",\"description\":\"Cat\\u00e1logo de Jornais no mundo, Not\\u00edcias, Blog e Esportes ao vivo\",\"inLanguage\":\"pt-BR\",\"publisher\":{\"@id\":\"https:\\\/\\\/ejornais.com.br\\\/#organization\"}}]}\n\t\t<\/script>\n\t\t<!-- All in One SEO -->\n\n","aioseo_head_json":{"title":"Prefeitura realiza palestras sobre seguran\u00e7a no trabalho - eJornais","description":"Ariane Caldas Secretaria de Sa\u00fade *Colabora\u00e7\u00e3o da estagi\u00e1ria Rayane Ricardo Para encerrar as atividades do m\u00eas dedicado \u00e0 sa\u00fade e seguran\u00e7a no trabalho, o Abril Verde, a Prefeitura de S\u00e3o Jos\u00e9 dos Campos, promove nesta ter\u00e7a (30), das 9h \u00e0s 17h, um conjunto de palestras que trazem como tema central acidentes de trabalho. A","canonical_url":"https:\/\/ejornais.com.br\/index.php\/2024\/04\/30\/prefeitura-realiza-palestras-sobre-seguranca-no-trabalho\/","robots":"max-image-preview:large","keywords":"","webmasterTools":{"miscellaneous":""},"schema":{"@context":"https:\/\/schema.org","@graph":[{"@type":"BlogPosting","@id":"https:\/\/ejornais.com.br\/index.php\/2024\/04\/30\/prefeitura-realiza-palestras-sobre-seguranca-no-trabalho\/#blogposting","name":"Prefeitura realiza palestras sobre seguran\u00e7a no trabalho - eJornais","headline":"Prefeitura realiza palestras sobre seguran\u00e7a no trabalho","author":{"@id":"https:\/\/ejornais.com.br\/index.php\/author\/#author"},"publisher":{"@id":"https:\/\/ejornais.com.br\/#organization"},"datePublished":"2024-04-30T02:21:00-03:00","dateModified":"2024-04-30T02:21:00-03:00","inLanguage":"pt-BR","mainEntityOfPage":{"@id":"https:\/\/ejornais.com.br\/index.php\/2024\/04\/30\/prefeitura-realiza-palestras-sobre-seguranca-no-trabalho\/#webpage"},"isPartOf":{"@id":"https:\/\/ejornais.com.br\/index.php\/2024\/04\/30\/prefeitura-realiza-palestras-sobre-seguranca-no-trabalho\/#webpage"},"articleSection":"Cat\u00e1logo de Jornais"},{"@type":"BreadcrumbList","@id":"https:\/\/ejornais.com.br\/index.php\/2024\/04\/30\/prefeitura-realiza-palestras-sobre-seguranca-no-trabalho\/#breadcrumblist","itemListElement":[{"@type":"ListItem","@id":"https:\/\/ejornais.com.br#listItem","position":1,"name":"In\u00edcio","item":"https:\/\/ejornais.com.br","nextItem":{"@type":"ListItem","@id":"https:\/\/ejornais.com.br\/index.php\/category\/ejornais\/#listItem","name":"Cat\u00e1logo de Jornais"}},{"@type":"ListItem","@id":"https:\/\/ejornais.com.br\/index.php\/category\/ejornais\/#listItem","position":2,"name":"Cat\u00e1logo de Jornais","item":"https:\/\/ejornais.com.br\/index.php\/category\/ejornais\/","nextItem":{"@type":"ListItem","@id":"https:\/\/ejornais.com.br\/index.php\/2024\/04\/30\/prefeitura-realiza-palestras-sobre-seguranca-no-trabalho\/#listItem","name":"Prefeitura realiza palestras sobre seguran\u00e7a no trabalho"},"previousItem":{"@type":"ListItem","@id":"https:\/\/ejornais.com.br#listItem","name":"In\u00edcio"}},{"@type":"ListItem","@id":"https:\/\/ejornais.com.br\/index.php\/2024\/04\/30\/prefeitura-realiza-palestras-sobre-seguranca-no-trabalho\/#listItem","position":3,"name":"Prefeitura realiza palestras sobre seguran\u00e7a no trabalho","previousItem":{"@type":"ListItem","@id":"https:\/\/ejornais.com.br\/index.php\/category\/ejornais\/#listItem","name":"Cat\u00e1logo de Jornais"}}]},{"@type":"Organization","@id":"https:\/\/ejornais.com.br\/#organization","name":"eJornais","description":"Cat\u00e1logo de Jornais no mundo, Not\u00edcias, Blog e Esportes ao vivo","url":"https:\/\/ejornais.com.br\/"},{"@type":"Person","@id":"https:\/\/ejornais.com.br\/index.php\/author\/#author","url":"https:\/\/ejornais.com.br\/index.php\/author\/"},{"@type":"WebPage","@id":"https:\/\/ejornais.com.br\/index.php\/2024\/04\/30\/prefeitura-realiza-palestras-sobre-seguranca-no-trabalho\/#webpage","url":"https:\/\/ejornais.com.br\/index.php\/2024\/04\/30\/prefeitura-realiza-palestras-sobre-seguranca-no-trabalho\/","name":"Prefeitura realiza palestras sobre seguran\u00e7a no trabalho - eJornais","description":"Ariane Caldas Secretaria de Sa\u00fade *Colabora\u00e7\u00e3o da estagi\u00e1ria Rayane Ricardo Para encerrar as atividades do m\u00eas dedicado \u00e0 sa\u00fade e seguran\u00e7a no trabalho, o Abril Verde, a Prefeitura de S\u00e3o Jos\u00e9 dos Campos, promove nesta ter\u00e7a (30), das 9h \u00e0s 17h, um conjunto de palestras que trazem como tema central acidentes de trabalho. A","inLanguage":"pt-BR","isPartOf":{"@id":"https:\/\/ejornais.com.br\/#website"},"breadcrumb":{"@id":"https:\/\/ejornais.com.br\/index.php\/2024\/04\/30\/prefeitura-realiza-palestras-sobre-seguranca-no-trabalho\/#breadcrumblist"},"author":{"@id":"https:\/\/ejornais.com.br\/index.php\/author\/#author"},"creator":{"@id":"https:\/\/ejornais.com.br\/index.php\/author\/#author"},"datePublished":"2024-04-30T02:21:00-03:00","dateModified":"2024-04-30T02:21:00-03:00"},{"@type":"WebSite","@id":"https:\/\/ejornais.com.br\/#website","url":"https:\/\/ejornais.com.br\/","name":"eJornais","description":"Cat\u00e1logo de Jornais no mundo, Not\u00edcias, Blog e Esportes ao vivo","inLanguage":"pt-BR","publisher":{"@id":"https:\/\/ejornais.com.br\/#organization"}}]},"og:locale":"pt_BR","og:site_name":"eJornais - Cat\u00e1logo de Jornais no mundo, Not\u00edcias, Blog e Esportes ao vivo","og:type":"article","og:title":"Prefeitura realiza palestras sobre seguran\u00e7a no trabalho - eJornais","og:description":"Ariane Caldas Secretaria de Sa\u00fade *Colabora\u00e7\u00e3o da estagi\u00e1ria Rayane Ricardo Para encerrar as atividades do m\u00eas dedicado \u00e0 sa\u00fade e seguran\u00e7a no trabalho, o Abril Verde, a Prefeitura de S\u00e3o Jos\u00e9 dos Campos, promove nesta ter\u00e7a (30), das 9h \u00e0s 17h, um conjunto de palestras que trazem como tema central acidentes de trabalho. A","og:url":"https:\/\/ejornais.com.br\/index.php\/2024\/04\/30\/prefeitura-realiza-palestras-sobre-seguranca-no-trabalho\/","article:published_time":"2024-04-30T05:21:00+00:00","article:modified_time":"2024-04-30T05:21:00+00:00","twitter:card":"summary_large_image","twitter:title":"Prefeitura realiza palestras sobre seguran\u00e7a no trabalho - eJornais","twitter:description":"Ariane Caldas Secretaria de Sa\u00fade *Colabora\u00e7\u00e3o da estagi\u00e1ria Rayane Ricardo Para encerrar as atividades do m\u00eas dedicado \u00e0 sa\u00fade e seguran\u00e7a no trabalho, o Abril Verde, a Prefeitura de S\u00e3o Jos\u00e9 dos Campos, promove nesta ter\u00e7a (30), das 9h \u00e0s 17h, um conjunto de palestras que trazem como tema central acidentes de trabalho. A"},"aioseo_meta_data":{"post_id":"24229","title":null,"description":null,"keywords":null,"keyphrases":null,"primary_term":null,"canonical_url":null,"og_title":null,"og_description":null,"og_object_type":"default","og_image_type":"default","og_image_url":null,"og_image_width":null,"og_image_height":null,"og_image_custom_url":null,"og_image_custom_fields":null,"og_video":null,"og_custom_url":null,"og_article_section":null,"og_article_tags":null,"twitter_use_og":false,"twitter_card":"default","twitter_image_type":"default","twitter_image_url":null,"twitter_image_custom_url":null,"twitter_image_custom_fields":null,"twitter_title":null,"twitter_description":null,"schema":{"blockGraphs":[],"customGraphs":[],"default":{"data":{"Article":[],"Course":[],"Dataset":[],"FAQPage":[],"Movie":[],"Person":[],"Product":[],"ProductReview":[],"Car":[],"Recipe":[],"Service":[],"SoftwareApplication":[],"WebPage":[]},"graphName":"","isEnabled":true},"graphs":[]},"schema_type":"default","schema_type_options":null,"pillar_content":false,"robots_default":true,"robots_noindex":false,"robots_noarchive":false,"robots_nosnippet":false,"robots_nofollow":false,"robots_noimageindex":false,"robots_noodp":false,"robots_notranslate":false,"robots_max_snippet":null,"robots_max_videopreview":null,"robots_max_imagepreview":"large","priority":null,"frequency":null,"local_seo":null,"breadcrumb_settings":null,"limit_modified_date":false,"ai":null,"created":"2024-04-30 05:22:29","updated":"2025-06-05 11:04:37","seo_analyzer_scan_date":null,"focus_keyword":null,"additional_keywords":null,"truseo_locale":null},"aioseo_breadcrumb":"<div class=\"aioseo-breadcrumbs\"><span class=\"aioseo-breadcrumb\">\n\t\t\t<a href=\"https:\/\/ejornais.com.br\" title=\"In\u00edcio\">In\u00edcio<\/a>\n\t\t<\/span><span class=\"aioseo-breadcrumb-separator\">&raquo;<\/span><span class=\"aioseo-breadcrumb\">\n\t\t\t<a href=\"https:\/\/ejornais.com.br\/index.php\/category\/ejornais\/\" title=\"Cat\u00e1logo de Jornais\">Cat\u00e1logo de Jornais<\/a>\n\t\t<\/span><span class=\"aioseo-breadcrumb-separator\">&raquo;<\/span><span class=\"aioseo-breadcrumb\">\n\t\t\tPrefeitura realiza palestras sobre seguran\u00e7a no trabalho\n\t\t<\/span><\/div>","aioseo_breadcrumb_json":[{"label":"In\u00edcio","link":"https:\/\/ejornais.com.br"},{"label":"Cat\u00e1logo de Jornais","link":"https:\/\/ejornais.com.br\/index.php\/category\/ejornais\/"},{"label":"Prefeitura realiza palestras sobre seguran\u00e7a no trabalho","link":"https:\/\/ejornais.com.br\/index.php\/2024\/04\/30\/prefeitura-realiza-palestras-sobre-seguranca-no-trabalho\/"}],"amp_enabled":true,"_links":{"self":[{"href":"https:\/\/ejornais.com.br\/index.php\/wp-json\/wp\/v2\/posts\/24229","targetHints":{"allow":["GET"]}}],"collection":[{"href":"https:\/\/ejornais.com.br\/index.php\/wp-json\/wp\/v2\/posts"}],"about":[{"href":"https:\/\/ejornais.com.br\/index.php\/wp-json\/wp\/v2\/types\/post"}],"author":[{"embeddable":true,"href":"https:\/\/ejornais.com.br\/index.php\/wp-json\/wp\/v2\/users\/1"}],"replies":[{"embeddable":true,"href":"https:\/\/ejornais.com.br\/index.php\/wp-json\/wp\/v2\/comments?post=24229"}],"version-history":[{"count":0,"href":"https:\/\/ejornais.com.br\/index.php\/wp-json\/wp\/v2\/posts\/24229\/revisions"}],"wp:attachment":[{"href":"https:\/\/ejornais.com.br\/index.php\/wp-json\/wp\/v2\/media?parent=24229"}],"wp:term":[{"taxonomy":"category","embeddable":true,"href":"https:\/\/ejornais.com.br\/index.php\/wp-json\/wp\/v2\/categories?post=24229"},{"taxonomy":"post_tag","embeddable":true,"href":"https:\/\/ejornais.com.br\/index.php\/wp-json\/wp\/v2\/tags?post=24229"}],"curies":[{"name":"wp","href":"https:\/\/api.w.org\/{rel}","templated":true}]}}