{"id":24238,"date":"2024-04-30T07:15:14","date_gmt":"2024-04-30T10:15:14","guid":{"rendered":"https:\/\/ejornais.com.br\/index.php\/2024\/04\/30\/gcm-aborda-4-suspeitos-de-soltar-baloes-com-ajuda-do-csi\/"},"modified":"2024-04-30T07:15:14","modified_gmt":"2024-04-30T10:15:14","slug":"gcm-aborda-4-suspeitos-de-soltar-baloes-com-ajuda-do-csi","status":"publish","type":"post","link":"https:\/\/ejornais.com.br\/index.php\/2024\/04\/30\/gcm-aborda-4-suspeitos-de-soltar-baloes-com-ajuda-do-csi\/","title":{"rendered":"GCM aborda 4 suspeitos de soltar bal\u00f5es com ajuda do CSI"},"content":{"rendered":"<p><\/p>\n<div>\n<p><b>Paula Paz<\/b><br \/>&#13;<br \/>\n&#13;<br \/>\n                <span style=\"font-weight: bold;\">Secretaria de Prote\u00e7\u00e3o ao Cidad\u00e3o<\/span><\/p>\n<p>Em uma r\u00e1pida a\u00e7\u00e3o ocorrida na tarde do \u00faltimo domingo (28), equipes de patrulhamento da Guarda Civil Municipal da Prefeitura de S\u00e3o Jos\u00e9 dos Campos abordaram 4 pessoas suspeitas de soltar bal\u00f5es, nas proximidades do PIT (Parque de Inova\u00e7\u00e3o Tecnol\u00f3gica).<\/p>\n<p>Os bal\u00f5es foram detectados pelas c\u00e2meras inteligentes do CSI (Centro de Seguran\u00e7a e Intelig\u00eancia) da Prefeitura, ligado \u00e0 Secretaria de Prote\u00e7\u00e3o ao Cidad\u00e3o, quando sobrevoavam a regi\u00e3o leste da cidade. Um deles caiu justamente numa \u00e1rea de mata pr\u00f3ximo ao PIT.<\/p>\n<p>Os indiv\u00edduos estavam acompanhando os bal\u00f5es em 4 ve\u00edculos diferentes e ap\u00f3s serem interceptados pela GCM foram conduzidos \u00e0 Central de Flagrantes da Pol\u00edcia Civil, ficando \u00e0 disposi\u00e7\u00e3o das autoridades policiais.<\/p>\n<p><span class=\"intertitulo\">Ato criminoso<\/span><\/p>\n<p><span class=\"intertitulo\"><\/span><\/p>\n<p>Soltar bal\u00f5es \u00e9 crime, al\u00e9m de representar um risco para a seguran\u00e7a p\u00fablica e o meio ambiente. A pena varia de 1 a 3 anos de deten\u00e7\u00e3o ou multa. A atitude pode causar inc\u00eandios, danos \u00e0 fauna e \u00e0 flora, al\u00e9m de interferir na avia\u00e7\u00e3o e na qualidade do ar.<\/p>\n<p>A Prefeitura enfatiza que a popula\u00e7\u00e3o precisa estar ciente dos riscos e das consequ\u00eancias legais de cometer este crime, lembrando que as autoridades continuam atuantes na preven\u00e7\u00e3o e no combate a esse tipo de conduta, visando garantir a seguran\u00e7a e o bem-estar de todos.<\/p>\n<p>Ao observar esta pr\u00e1tica, o cidad\u00e3o pode fazer uma den\u00fancia pelo telefone 190 da Pol\u00edcia Militar ou 153 da Guarda Civil Municipal.<\/p>\n<p>&#13;<br \/>\n                        <strong>MAIS NOT\u00cdCIAS<\/strong><br \/>&#13;<br \/>\n                        Secretaria de Prote\u00e7\u00e3o ao Cidad\u00e3o&#13;\n                    <\/p>\n<\/p><\/div>\n","protected":false},"excerpt":{"rendered":"<p>Paula Paz&#13; &#13; Secretaria de Prote\u00e7\u00e3o ao Cidad\u00e3o Em uma r\u00e1pida a\u00e7\u00e3o ocorrida na tarde do \u00faltimo domingo (28), equipes<\/p>\n","protected":false},"author":1,"featured_media":0,"comment_status":"open","ping_status":"open","sticky":false,"template":"","format":"standard","meta":{"colormag_page_container_layout":"default_layout","colormag_page_sidebar_layout":"default_layout","footnotes":""},"categories":[1],"tags":[],"class_list":["post-24238","post","type-post","status-publish","format-standard","hentry","category-ejornais"],"aioseo_notices":[],"amp_enabled":true,"_links":{"self":[{"href":"https:\/\/ejornais.com.br\/index.php\/wp-json\/wp\/v2\/posts\/24238","targetHints":{"allow":["GET"]}}],"collection":[{"href":"https:\/\/ejornais.com.br\/index.php\/wp-json\/wp\/v2\/posts"}],"about":[{"href":"https:\/\/ejornais.com.br\/index.php\/wp-json\/wp\/v2\/types\/post"}],"author":[{"embeddable":true,"href":"https:\/\/ejornais.com.br\/index.php\/wp-json\/wp\/v2\/users\/1"}],"replies":[{"embeddable":true,"href":"https:\/\/ejornais.com.br\/index.php\/wp-json\/wp\/v2\/comments?post=24238"}],"version-history":[{"count":0,"href":"https:\/\/ejornais.com.br\/index.php\/wp-json\/wp\/v2\/posts\/24238\/revisions"}],"wp:attachment":[{"href":"https:\/\/ejornais.com.br\/index.php\/wp-json\/wp\/v2\/media?parent=24238"}],"wp:term":[{"taxonomy":"category","embeddable":true,"href":"https:\/\/ejornais.com.br\/index.php\/wp-json\/wp\/v2\/categories?post=24238"},{"taxonomy":"post_tag","embeddable":true,"href":"https:\/\/ejornais.com.br\/index.php\/wp-json\/wp\/v2\/tags?post=24238"}],"curies":[{"name":"wp","href":"https:\/\/api.w.org\/{rel}","templated":true}]}}