{"id":24355,"date":"2024-05-02T02:07:48","date_gmt":"2024-05-02T05:07:48","guid":{"rendered":"https:\/\/ejornais.com.br\/index.php\/2024\/05\/02\/agencia-minas-gerais-governo-de-minas-tem-servicos-alterados-no-feriado-nacional-do-dia-do-trabalhador\/"},"modified":"2024-05-02T02:07:48","modified_gmt":"2024-05-02T05:07:48","slug":"agencia-minas-gerais-governo-de-minas-tem-servicos-alterados-no-feriado-nacional-do-dia-do-trabalhador","status":"publish","type":"post","link":"https:\/\/ejornais.com.br\/index.php\/2024\/05\/02\/agencia-minas-gerais-governo-de-minas-tem-servicos-alterados-no-feriado-nacional-do-dia-do-trabalhador\/","title":{"rendered":"Ag\u00eancia Minas Gerais | Governo de Minas tem servi\u00e7os alterados no feriado nacional do Dia do Trabalhador"},"content":{"rendered":"<p><\/p>\n<div>\n<p>O Governo de Minas informa sobre o funcionamento dos \u00f3rg\u00e3os e equipamentos do estado no feriado nacional do Dia do Trabalhador, nesta quarta-feira (1\/5). Confira as informa\u00e7\u00f5es abaixo sobre altera\u00e7\u00f5es nos servi\u00e7os de educa\u00e7\u00e3o, sa\u00fade e atendimento ao p\u00fablico:<\/p>\n<p><strong>Escolas estaduais<\/strong><\/p>\n<p>As escolas da rede p\u00fablica estadual de ensino estar\u00e3o de recesso no dia 1\/5, como previsto no Calend\u00e1rio Escolar 2023. As aulas ser\u00e3o retomadas na quinta-feira (2\/5).<\/p>\n<p><strong>Farm\u00e1cia de Minas<\/strong><\/p>\n<p>As Farm\u00e1cias de Minas ter\u00e3o funcionamento alterado no dia 1\/5. As unidades retomam o atendimento na quinta-feira.<\/p>\n<p><strong>Hemominas<\/strong><\/p>\n<p>Todas as unidades da Funda\u00e7\u00e3o Hemominas estar\u00e3o fechadas quarta-feira. O funcionamento retorna ao normal a partir do dia 2\/5.<\/p>\n<p><strong>Unidades de Atendimento Integrado<\/strong><\/p>\n<p>As Unidades de Atendimento Integrado (UAIs) de todo o estado ficar\u00e3o fechadas na quarta-feira. O funcionamento retorna ao normal a partir de quinta-feira.<\/p>\n<p>Vale lembrar que os atendimentos s\u00e3o realizados apenas com agendamento pr\u00e9vio, feito nos canais do Governo de Minas \u2013 Portal MG (www.mg.gov.br), aplicativo MG App Cidad\u00e3o e nos terminais de autoatendimento.<\/p>\n<p><strong>Equipamentos culturais<\/strong><\/p>\n<p><em>Pal\u00e1cio das Artes<\/em><\/p>\n<p>As galerias do complexo cultural do Pal\u00e1cio das Artes funcionar\u00e3o normalmente nesta quarta-feira (1\/5), entre 9h30 e 21h.<\/p>\n<p>O Balc\u00e3o de Informa\u00e7\u00f5es do Pal\u00e1cio das Artes atender\u00e1 de 10h30 ao meio-dia e de 16h \u00e0s 18h.<\/p>\n<p>&#13;<br \/>\n<em>Pal\u00e1cio da Liberdade<\/em><\/p>\n<p>O Pal\u00e1cio da Liberdade funciona normalmente para visita\u00e7\u00e3o nesta quarta-feira, das 10h \u00e0s 17h. Os jardins ficam abertos at\u00e9 18h.\u00a0<br \/>&#13;<br \/>\n\u00a0<\/p>\n<p><em>Arquivo P\u00fablico Mineiro<\/em><\/p>\n<p>Fechado nesta quarta-feira.<br \/>&#13;<br \/>\n\u00a0<\/p>\n<p><em>Biblioteca P\u00fablica Estadual<\/em><\/p>\n<p>Fechado nesta quarta-feira.<br \/>&#13;<br \/>\n\u00a0<\/p>\n<p><em>Casa Fiat de Cultura<\/em><\/p>\n<p>Funcionamento normal nesta quarta-feira, das 10h \u00e0s 18h.<br \/>&#13;<br \/>\n\u00a0<\/p>\n<p><em>CCBB<\/em><\/p>\n<p>Funcionamento normal nesta quarta-feira, das 10h \u00e0s 22h.<br \/>&#13;<br \/>\n\u00a0<\/p>\n<p><em>Centro Cultural Unimed BH-Minas<\/em><\/p>\n<p>Funciona nesta quarta-feira, das 11h \u00e0s 19h.<br \/>&#13;<br \/>\n\u00a0<\/p>\n<p><em>Centro de Arte Popular<\/em><\/p>\n<p>Fechado nesta quarta-feira.<br \/>&#13;<br \/>\n\u00a0<\/p>\n<p><em>Cine Theatro Brasil Vallourec<\/em><\/p>\n<p>Funciona nesta quarta-feira das 15h \u00e0s 20h.<br \/>&#13;<br \/>\n\u00a0<\/p>\n<p><em>Espa\u00e7o do Conhecimento UFMG<\/em><\/p>\n<p>Funciona normalmente nesta quarta-feira das 10h \u00e0s 17h.<br \/>&#13;<br \/>\n\u00a0<\/p>\n<p><em>Memorial Minas Gerais Vale<\/em><\/p>\n<p>Funciona normalmente nesta quarta-feira das 10h \u00e0s 17h30.<br \/>&#13;<br \/>\n\u00a0<\/p>\n<p><em>MM Gerdau &#8211; Museu das Minas e do Metal\u00a0<\/em><\/p>\n<p>Fechado nesta quarta-feira.<br \/>&#13;<br \/>\n\u00a0<\/p>\n<p><em>Museu dos Militares Mineiros<\/em><\/p>\n<p>Fechado nesta quarta-feira.<\/p>\n<p><em>Museu Inim\u00e1 de Paula<\/em><\/p>\n<p>Funciona nesta quarta-feira das 10h \u00e0s 16h30.<br \/>&#13;<br \/>\n\u00a0<\/p>\n<p><em>Museu Mineiro<\/em><\/p>\n<p>Fechado nesta quarta-feira.<br \/>&#13;<br \/>\n\u00a0<\/p>\n<p><em>Sala Minas Gerais<\/em><\/p>\n<p>Fechada nesta quarta-feira.<br \/>&#13;<br \/>\n\u00a0<\/p>\n<p><em>Espa\u00e7o Cultural Escola de Design<\/em><\/p>\n<p>Fechado nesta quarta-feira.<\/p>\n<\/p><\/div>\n","protected":false},"excerpt":{"rendered":"<p>O Governo de Minas informa sobre o funcionamento dos \u00f3rg\u00e3os e equipamentos do estado no feriado nacional do Dia do<\/p>\n","protected":false},"author":1,"featured_media":0,"comment_status":"open","ping_status":"open","sticky":false,"template":"","format":"standard","meta":{"colormag_page_container_layout":"default_layout","colormag_page_sidebar_layout":"default_layout","footnotes":""},"categories":[1],"tags":[],"class_list":["post-24355","post","type-post","status-publish","format-standard","hentry","category-ejornais"],"aioseo_notices":[],"amp_enabled":true,"_links":{"self":[{"href":"https:\/\/ejornais.com.br\/index.php\/wp-json\/wp\/v2\/posts\/24355","targetHints":{"allow":["GET"]}}],"collection":[{"href":"https:\/\/ejornais.com.br\/index.php\/wp-json\/wp\/v2\/posts"}],"about":[{"href":"https:\/\/ejornais.com.br\/index.php\/wp-json\/wp\/v2\/types\/post"}],"author":[{"embeddable":true,"href":"https:\/\/ejornais.com.br\/index.php\/wp-json\/wp\/v2\/users\/1"}],"replies":[{"embeddable":true,"href":"https:\/\/ejornais.com.br\/index.php\/wp-json\/wp\/v2\/comments?post=24355"}],"version-history":[{"count":0,"href":"https:\/\/ejornais.com.br\/index.php\/wp-json\/wp\/v2\/posts\/24355\/revisions"}],"wp:attachment":[{"href":"https:\/\/ejornais.com.br\/index.php\/wp-json\/wp\/v2\/media?parent=24355"}],"wp:term":[{"taxonomy":"category","embeddable":true,"href":"https:\/\/ejornais.com.br\/index.php\/wp-json\/wp\/v2\/categories?post=24355"},{"taxonomy":"post_tag","embeddable":true,"href":"https:\/\/ejornais.com.br\/index.php\/wp-json\/wp\/v2\/tags?post=24355"}],"curies":[{"name":"wp","href":"https:\/\/api.w.org\/{rel}","templated":true}]}}