{"id":24480,"date":"2024-05-03T17:21:52","date_gmt":"2024-05-03T20:21:52","guid":{"rendered":"https:\/\/ejornais.com.br\/index.php\/2024\/05\/03\/pequenos-negocios-dominam-934-do-universo-das-empresas-de-mato-grosso-do-sul-agencia-de-noticias-do-governo-de-mato-grosso-do-sul\/"},"modified":"2024-05-03T17:21:52","modified_gmt":"2024-05-03T20:21:52","slug":"pequenos-negocios-dominam-934-do-universo-das-empresas-de-mato-grosso-do-sul-agencia-de-noticias-do-governo-de-mato-grosso-do-sul","status":"publish","type":"post","link":"https:\/\/ejornais.com.br\/index.php\/2024\/05\/03\/pequenos-negocios-dominam-934-do-universo-das-empresas-de-mato-grosso-do-sul-agencia-de-noticias-do-governo-de-mato-grosso-do-sul\/","title":{"rendered":"Pequenos neg\u00f3cios dominam 93,4% do universo das empresas de Mato Grosso do Sul \u2013 Ag\u00eancia de Noticias do Governo de Mato Grosso do Sul"},"content":{"rendered":"<p><\/p>\n<div>\n<p>O volume de empresas em Mato Grosso do Sul avan\u00e7ou 4,1% com 305.654 estabelecimentos em mar\u00e7o. Deste montante 285.511 s\u00e3o pequenos neg\u00f3cios, o que equivale a 93,4%. Os dados s\u00e3o do Mapa de Empresas, divulgado pelo Minist\u00e9rio do Empreendedorismo, da Microempresa e da Empresa de Pequeno Porte (MEMP). O levantamento que traz n\u00fameros de Mato Grosso do Sul foi realizado pela Coordenadoria de Competitividade Empresarial da Semadesc (Secretaria de Estado de Meio Ambiente, Desenvolvimento, Ci\u00eancia, Tecnologia e Inova\u00e7\u00e3o). No ano passado, neste mesmo per\u00edodo o Estado registrava 293.522 empresas em opera\u00e7\u00e3o.<\/p>\n<p>O balan\u00e7o foi apresentado na quinta-feira (02) pelo coordenador de Competitividade Augusto de Castro ao titular da Semadesc, Jaime Verruck e ao secret\u00e1rio executivo de desenvolvimento Econ\u00f4mico e Sustentabilidade Rog\u00e9rio Beretta, durante reuni\u00e3o no gabinete da secretaria.<\/p>\n<figure id=\"attachment_475079\" aria-describedby=\"caption-attachment-475079\" style=\"width: 1024px\" class=\"wp-caption aligncenter\"><figcaption id=\"caption-attachment-475079\" class=\"wp-caption-text\"><em>Secret\u00e1rio Jaime Verruck, Rog\u00e9rio Beretta e Augusto de Castro (Foto: Mairinco de Pauda)<\/em><\/figcaption><\/figure>\n<p>Do universo de pequenas empresas, 168.945 (55,2%) s\u00e3o MEI (Microempreendedores individuais), com receita bruta at\u00e9 R$ 81 mil; 96.937 empresas (31,7%) s\u00e3o ME com receita bruta de at\u00e9 R$ 360 mil exceto MEI e 19.629 estabelecimentos ou 6,42% faturaram mais de R$ 360 mil, ou at\u00e9 R$ 4,8 milh\u00f5es.<\/p>\n<p>Campo Grande lidera o ranking de empresas com 124.240 firmas, ou 40,6% do total no Estado. Em seguida est\u00e3o os munic\u00edpios de Dourados, com 30.688 firmas, Tr\u00eas Lagoas com 14.677; Ponta Por\u00e3 de 8.250 e Corumb\u00e1 com 7.603.<\/p>\n<figure id=\"attachment_475081\" aria-describedby=\"caption-attachment-475081\" style=\"width: 300px\" class=\"wp-caption alignright\"><figcaption id=\"caption-attachment-475081\" class=\"wp-caption-text\"><em>Avalia\u00e7\u00e3o da Semadesc mostrou este avan\u00e7o das pequenas empresas (Foto: Mairinco de Pauda)<\/em><\/figcaption><\/figure>\n<p>Entre as atividades o destaque est\u00e1 no setor de com\u00e9rcio varejista e artigos de vestu\u00e1rio com 18.743 firmas; cabeleireiro, manicure e pedicure com 11.876 e obras de alvenaria com 10.055 estabelecimentos.<\/p>\n<p>O titular da Semadesc, Jaime Verruck, avalia o resultado como um reflexo das pol\u00edticas p\u00fablicas do Governo em desburocratizar os procedimentos para constitui\u00e7\u00e3o de empresas. &#8220;O lema do Governo Riedel \u00e9 uma gest\u00e3o digital e redu\u00e7\u00e3o da burocracia. Esses dados mostram que estamos no caminho certo, garantindo mais for\u00e7a dos pequenos neg\u00f3cios no Estado e reconhecendo a import\u00e2ncia destes empreendedores na economia estadual, gerando emprego e renda&#8221;, salientou.<\/p>\n<p>Por isso, ele destaca as a\u00e7\u00f5es do Governo em ampliar as facilidades para os empres\u00e1rios e principalmente os pequenos empreendedores, em a\u00e7\u00f5es como a ado\u00e7\u00e3o da Lei de Liberdade Econ\u00f4mica, o Balc\u00e3o \u00danico MS Agiliza \u2013 Empresas, lan\u00e7ado no ano passado, que diminui os custos e o tempo para abertura de empresas de baixo risco no Estado.<\/p>\n<p><strong>Tempo de abertura<\/strong><\/p>\n<p>O levantamento mostrou que o tempo m\u00e9dio de abertura de empresas no Estado \u00e9 de 12 horas, sendo 9,5 horas de viabilidade locacional (que \u00e9 o deferimento pelos munic\u00edpios) e 2,5 horas para registro pela Jucems. O n\u00famero est\u00e1 abaixo da m\u00e9dia nacional que \u00e9 de mais de 20 horas.<\/p>\n<p>&#8220;O levantamento mostra que a Jucems com sua moderniza\u00e7\u00e3o colocou MS como o 12\u00aa do Pa\u00eds. Temos evolu\u00eddo e hoje temos 2,5 horas para fazer o registro. Nossa meta \u00e9 baixar ainda mais este tempo na Jucems e termos de viabilidade de abertura de firmas, e inserir o Estado no top 10 do Brasil&#8221;, complementou Verruck.<\/p>\n<p>Outro ponto positivo apresentado na reuni\u00e3o foi o posicionamento de MS como 7\u00ba no Brasil em dispensa de alvar\u00e1s e licen\u00e7as dos estados e Distrito Federal.<\/p>\n<p>Desde 2020, o Estado aderiu a Lei da Liberdade Econ\u00f4mica (Lei n\u00ba 13.874\/19) e implementou medidas para desburocratizar o setor, como \u00e9 o caso da libera\u00e7\u00e3o de empresas que desenvolvem atividades consideradas de Baixo Risco (aquelas que por lei est\u00e3o dispensadas de licenciamentos e alvar\u00e1s de localiza\u00e7\u00e3o e funcionamento).<\/p>\n<p>Segundo o ranking, no Estado 612 atividades j\u00e1 s\u00e3o dispensadas de alvar\u00e1s, facilitando a vida dos empreendedores, um \u00edndice que supera a m\u00e9dia nacional.<\/p>\n<p>Entre os munic\u00edpios, MS tem 15 cidades no ranking nacional com menor burocracia, com destaque para Maracaju, onde 536 atividades s\u00e3o consideradas de baixo risco e por isso dispensadas de alvar\u00e1s na hora da sua constitui\u00e7\u00e3o.<\/p>\n<p>De acordo com Verruck, a partir de agora o desafio da coordenadoria da Semadesc, junto com a Jucems \u00e9 elevar o total de munic\u00edpios com ades\u00e3o a Lei para atrair ainda mais empresas. \u201cEstamos fazendo um trabalho junto aos munic\u00edpios de ampliar as cidades que aderem a Lei. Mostramos as prefeituras o quanto isso melhora o desenvolvimento e atra\u00e7\u00e3o de investimentos, Queremos ampliar os munic\u00edpios no ranqueamento, por meio de a\u00e7\u00f5es junto ao legislativo, comunica\u00e7\u00e3o com prefeitos, com as c\u00e2maras municipais para mostrar a eles os ganhos com estas medidas. O custo \u00e9 pequeno para esta estrutura\u00e7\u00e3o, diante do crescimento na abertura de empresas. O MS est\u00e1 bem posicionado e tamb\u00e9m a atua\u00e7\u00e3o dos munic\u00edpios e nossa meta \u00e9 a cobertura da lei nos munic\u00edpios, entregando aos empreendedores os benef\u00edcios que favore\u00e7am e simplifiquem seus neg\u00f3cios\u201d, concluiu.<\/p>\n<p><em>Rosana Siqueira, da Semadesc<br \/><\/em><em>Foto da Capa: Bruno Rezende<\/em><\/p>\n<\/div>\n","protected":false},"excerpt":{"rendered":"<p>O volume de empresas em Mato Grosso do Sul avan\u00e7ou 4,1% com 305.654 estabelecimentos em mar\u00e7o. Deste montante 285.511 s\u00e3o<\/p>\n","protected":false},"author":1,"featured_media":0,"comment_status":"open","ping_status":"open","sticky":false,"template":"","format":"standard","meta":{"colormag_page_container_layout":"default_layout","colormag_page_sidebar_layout":"default_layout","footnotes":""},"categories":[],"tags":[],"class_list":["post-24480","post","type-post","status-publish","format-standard","hentry"],"aioseo_notices":[],"amp_enabled":true,"_links":{"self":[{"href":"https:\/\/ejornais.com.br\/index.php\/wp-json\/wp\/v2\/posts\/24480","targetHints":{"allow":["GET"]}}],"collection":[{"href":"https:\/\/ejornais.com.br\/index.php\/wp-json\/wp\/v2\/posts"}],"about":[{"href":"https:\/\/ejornais.com.br\/index.php\/wp-json\/wp\/v2\/types\/post"}],"author":[{"embeddable":true,"href":"https:\/\/ejornais.com.br\/index.php\/wp-json\/wp\/v2\/users\/1"}],"replies":[{"embeddable":true,"href":"https:\/\/ejornais.com.br\/index.php\/wp-json\/wp\/v2\/comments?post=24480"}],"version-history":[{"count":0,"href":"https:\/\/ejornais.com.br\/index.php\/wp-json\/wp\/v2\/posts\/24480\/revisions"}],"wp:attachment":[{"href":"https:\/\/ejornais.com.br\/index.php\/wp-json\/wp\/v2\/media?parent=24480"}],"wp:term":[{"taxonomy":"category","embeddable":true,"href":"https:\/\/ejornais.com.br\/index.php\/wp-json\/wp\/v2\/categories?post=24480"},{"taxonomy":"post_tag","embeddable":true,"href":"https:\/\/ejornais.com.br\/index.php\/wp-json\/wp\/v2\/tags?post=24480"}],"curies":[{"name":"wp","href":"https:\/\/api.w.org\/{rel}","templated":true}]}}