{"id":24520,"date":"2024-05-04T21:46:35","date_gmt":"2024-05-05T00:46:35","guid":{"rendered":"https:\/\/ejornais.com.br\/index.php\/2024\/05\/04\/ms-tem-mais-de-60-mil-veiculos-com-placas-final-3-agencia-de-noticias-do-governo-de-mato-grosso-do-sul\/"},"modified":"2024-05-04T21:46:35","modified_gmt":"2024-05-05T00:46:35","slug":"ms-tem-mais-de-60-mil-veiculos-com-placas-final-3-agencia-de-noticias-do-governo-de-mato-grosso-do-sul","status":"publish","type":"post","link":"https:\/\/ejornais.com.br\/index.php\/2024\/05\/04\/ms-tem-mais-de-60-mil-veiculos-com-placas-final-3-agencia-de-noticias-do-governo-de-mato-grosso-do-sul\/","title":{"rendered":"MS tem mais de 60 mil ve\u00edculos com placas final 3\u00a0 \u2013 Ag\u00eancia de Noticias do Governo de Mato Grosso do Sul"},"content":{"rendered":"<p><\/p>\n<div id=\"post-475074\">\n<div class=\"text-center\"><\/div>\n<div class=\"entry\">\n<p><span style=\"font-weight: 400;\">Propriet\u00e1rios de 62,5 mil ve\u00edculos com placas terminadas em 3 t\u00eam at\u00e9 o dia 31 de maio para quitar o licenciamento junto ao Detran-MS (Departamento Estadual de Tr\u00e2nsito de Mato Grosso do Sul).\u00a0<\/span><\/p>\n<p><span style=\"font-weight: 400;\">A taxa de licenciamento de 2024 \u00e9 a mesma para todo tipo de ve\u00edculo de R$ 219,34 podendo variar conforme o valor unit\u00e1rio da UFERMS (Unidade Fiscal Estadual de Refer\u00eancia de Mato Grosso do Sul). Se o propriet\u00e1rio do ve\u00edculo pagar fora do prazo, o valor ser\u00e1 atualizado para R$ 284,70.\u00a0\u00a0<\/span><\/p>\n<p><span style=\"font-weight: 400;\">A taxa de licenciamento pode ser paga pelo autoatendimento, no portal de servi\u00e7os Meu Detran ou pelo aplicativo Detran MS. Ou o cidad\u00e3o pode buscar atendimento presencial em uma ag\u00eancia do Detran-MS.<\/span><\/p>\n<p><span style=\"font-weight: 400;\">O Detran-MS alerta que o pagamento da guia n\u00e3o significa que o documento (CRLV) foi emitido, pois h\u00e1 situa\u00e7\u00f5es que bloqueiam a continuidade da emiss\u00e3o, por exemplo, ter registrado uma inten\u00e7\u00e3o de venda ou se existir uma pend\u00eancia de recall. Portanto, \u00e9 fundamental que o propriet\u00e1rio certifique que foi emitido o CRLV, por meio do aplicativo CDT, se o documento for digital, ou v\u00e1 at\u00e9 uma ag\u00eancia do Detran fazer essa confer\u00eancia.<\/span><\/p>\n<p><span style=\"font-weight: 400;\">O porte do documento CRLV (Certificado de Registro e Licenciamento de Ve\u00edculo) \u00e9 obrigat\u00f3rio e deve ser apresentado \u00e0 autoridade de tr\u00e2nsito sempre que solicitado, seja o documento f\u00edsico impresso ou digital por meio da CDT (Carteira Digital de Tr\u00e2nsito).<\/span><\/p>\n<p><span style=\"font-weight: 400;\">Vale lembrar que o motorista flagrado circulando com ve\u00edculo n\u00e3o licenciado comete uma infra\u00e7\u00e3o grav\u00edssima. O art. 230 do C\u00f3digo de Tr\u00e2nsito Brasileiro (CTB) prev\u00ea aplica\u00e7\u00e3o de multa de R$ 293,47 e 7 pontos na carteira, al\u00e9m da medida administrativa de remo\u00e7\u00e3o do ve\u00edculo ao p\u00e1tio at\u00e9 a regulariza\u00e7\u00e3o do documento.<\/span><\/p>\n<p><em><span style=\"font-weight: 400;\">Mireli Obando, Comunica\u00e7\u00e3o Detran-M30<br \/><\/span><\/em><em><span style=\"font-weight: 400;\">Foto: Rachid Waqued<\/span><\/em><\/p>\n<\/div><\/div>\n","protected":false},"excerpt":{"rendered":"<p>Propriet\u00e1rios de 62,5 mil ve\u00edculos com placas terminadas em 3 t\u00eam at\u00e9 o dia 31 de maio para quitar o<\/p>\n","protected":false},"author":1,"featured_media":0,"comment_status":"open","ping_status":"open","sticky":false,"template":"","format":"standard","meta":{"colormag_page_container_layout":"default_layout","colormag_page_sidebar_layout":"default_layout","footnotes":""},"categories":[],"tags":[],"class_list":["post-24520","post","type-post","status-publish","format-standard","hentry"],"aioseo_notices":[],"amp_enabled":true,"_links":{"self":[{"href":"https:\/\/ejornais.com.br\/index.php\/wp-json\/wp\/v2\/posts\/24520","targetHints":{"allow":["GET"]}}],"collection":[{"href":"https:\/\/ejornais.com.br\/index.php\/wp-json\/wp\/v2\/posts"}],"about":[{"href":"https:\/\/ejornais.com.br\/index.php\/wp-json\/wp\/v2\/types\/post"}],"author":[{"embeddable":true,"href":"https:\/\/ejornais.com.br\/index.php\/wp-json\/wp\/v2\/users\/1"}],"replies":[{"embeddable":true,"href":"https:\/\/ejornais.com.br\/index.php\/wp-json\/wp\/v2\/comments?post=24520"}],"version-history":[{"count":0,"href":"https:\/\/ejornais.com.br\/index.php\/wp-json\/wp\/v2\/posts\/24520\/revisions"}],"wp:attachment":[{"href":"https:\/\/ejornais.com.br\/index.php\/wp-json\/wp\/v2\/media?parent=24520"}],"wp:term":[{"taxonomy":"category","embeddable":true,"href":"https:\/\/ejornais.com.br\/index.php\/wp-json\/wp\/v2\/categories?post=24520"},{"taxonomy":"post_tag","embeddable":true,"href":"https:\/\/ejornais.com.br\/index.php\/wp-json\/wp\/v2\/tags?post=24520"}],"curies":[{"name":"wp","href":"https:\/\/api.w.org\/{rel}","templated":true}]}}