{"id":24598,"date":"2024-05-06T11:42:29","date_gmt":"2024-05-06T14:42:29","guid":{"rendered":"https:\/\/ejornais.com.br\/index.php\/2024\/05\/06\/sessao-da-tarde-exibe-hoje-segunda-06-05-na-globo-se-eu-fosse-voce-2\/"},"modified":"2024-05-06T11:42:29","modified_gmt":"2024-05-06T14:42:29","slug":"sessao-da-tarde-exibe-hoje-segunda-06-05-na-globo-se-eu-fosse-voce-2","status":"publish","type":"post","link":"https:\/\/ejornais.com.br\/index.php\/2024\/05\/06\/sessao-da-tarde-exibe-hoje-segunda-06-05-na-globo-se-eu-fosse-voce-2\/","title":{"rendered":"Sess\u00e3o da Tarde exibe hoje, Segunda (06\/05) na Globo &#8216;Se Eu Fosse Voc\u00ea 2&#8217;"},"content":{"rendered":"<p> Por MRNews<br \/>\n<\/p>\n<div>\n<p>COnfira a programa\u00e7\u00e3o da Globo\u00a0 <strong>hoje, 06\/05\/<\/strong><strong>2024 e que horas come\u00e7am os filmes de hoje.\u00a0<\/strong><\/p>\n<p>Segunda-feira, 06\/05\/2024<\/p>\n<p>04:00 Hora Um<\/p>\n<p>06:00 Bom Dia Pra\u00e7a<\/p>\n<p>08:30 Bom Dia Brasil<\/p>\n<p>09:30 Encontro Com Patr\u00edcia Poeta<\/p>\n<p>10:35 Mais Voc\u00ea<\/p>\n<p>11:45 Pra\u00e7a TV \u2013 1\u00aa Edi\u00e7\u00e3o<\/p>\n<p>13:00 Globo Esporte<\/p>\n<p>13:25 Jornal Hoje<\/p>\n<p>14:45 Cheias de Charme<\/p>\n<p>15:25 Sess\u00e3o da Tarde \u2013 Se Eu Fosse Voc\u00ea 2<\/p>\n<p>17:05 Vale a Pena Ver de Novo \u2013 Alma G\u00eamea<\/p>\n<p>18:25 No Rancho Fundo<\/p>\n<p>19:10 Pra\u00e7a TV \u2013 2\u00aa Edi\u00e7\u00e3o<\/p>\n<p>19:40 Fam\u00edlia \u00e9 Tudo<\/p>\n<p>20:30 Jornal Nacional<\/p>\n<p>21:20 Renascer<\/p>\n<p>22:25 Tela Quente \u2013 Velozes &amp; Furiosos: Hobbs &amp; Shaw<\/p>\n<p>00:10 Jornal da Globo<\/p>\n<p>01:00 Conversa com Bial<\/p>\n<p>01:40 Fam\u00edlia \u00e9 Tudo<\/p>\n<p>02:25 Com\u00e9dia Na Madruga I<\/p>\n<p>03:15 Com\u00e9dia Na Madruga II<\/p>\n<p>Segunda-feira, 06\/05\/2024<\/p>\n<p>\u00a0<\/p>\n<h2>Sess\u00e3o da Tarde Se Eu Fosse Voc\u00ea 2<\/h2>\n<p>T\u00edtulo Original: Se Eu Fosse Voc\u00ea 2<\/p>\n<p>Pa\u00eds de Origem: Brasileira<\/p>\n<p>Ano de Produ\u00e7\u00e3o: 2009<\/p>\n<p>Diretor: Daniel Filho<\/p>\n<p>Elenco: Gl\u00f3ria Pires, Tony Ramos, C\u00e1ssio Gabus Mendes, Isabelle Drummond,<\/p>\n<p>Maria Lu\u00edsa Mendon\u00e7a, Maria Gladys<\/p>\n<p>Classe: Com\u00e9dia<\/p>\n<p>Cl\u00e1udio e Helena est\u00e3o prestes a se separar, mas, numa discuss\u00e3o, eles trocam de corpos mais uma vez. Agora eles t\u00eam que viver a vida do outro novamente.<\/p>\n<p>\u00a0<\/p>\n<p>Tela Quente<\/p>\n<p>Velozes &amp; Furiosos: Hobbs &amp; Shaw<\/p>\n<p>T\u00edtulo Original: Fast &amp; Furious Presents: Hobbs &amp; Shaw<\/p>\n<p>Pa\u00eds de Origem: Americana<\/p>\n<p>Ano de Produ\u00e7\u00e3o: 2019<\/p>\n<p>Diretor: David Leitch<\/p>\n<p>Elenco: Dwayne Johnson;Eiza Gonz\u00e1lez;Helen Mirren;Idris Elba;Jason<\/p>\n<p>Statham;Vanessa Kirby<\/p>\n<p>Classe: A\u00e7\u00e3o<\/p>\n<p>Luke e Deckard precisam unir for\u00e7as pra enfrentar Brixton, um homem alterado<\/p>\n<p>geneticamente que deseja obter um v\u00edrus mortal. Eles contam com a ajuda de<\/p>\n<p>Hattie.<\/p>\n<h2>**Sess\u00e3o da Tarde: \u201cSe Eu Fosse Voc\u00ea 2\u2033**<\/h2>\n<p>\u00a0<\/p>\n<p>Na segunda-feira, 06 de Maio de 2024, a Sess\u00e3o da Tarde traz uma divertida com\u00e9dia nacional para alegrar o p\u00fablico: \u201cSe Eu Fosse Voc\u00ea 2\u201d.<\/p>\n<p>\u00a0<\/p>\n<p>**T\u00edtulo Original:** Se Eu Fosse Voc\u00ea 2<\/p>\n<p>**Pa\u00eds de Origem:** Brasil<\/p>\n<p>**Ano de Produ\u00e7\u00e3o:** 2009<\/p>\n<p>**Diretor:** Daniel Filho<\/p>\n<p>**Elenco:** Gl\u00f3ria Pires, Tony Ramos, C\u00e1ssio Gabus Mendes, Isabelle Drummond, Maria Lu\u00edsa Mendon\u00e7a, Maria Gladys<\/p>\n<p>**Classe:** Com\u00e9dia<\/p>\n<p>\u00a0<\/p>\n<p>No filme, somos reintroduzidos ao casal Cl\u00e1udio e Helena, interpretados respectivamente por Tony Ramos e Gl\u00f3ria Pires, que est\u00e3o enfrentando problemas conjugais e considerando a separa\u00e7\u00e3o. Em meio a uma discuss\u00e3o acalorada, algo inusitado acontece: eles trocam de corpos mais uma vez.<\/p>\n<p>\u00a0<\/p>\n<p>Agora, Cl\u00e1udio e Helena precisam lidar com a bizarra situa\u00e7\u00e3o de viver a vida um do outro novamente. Enquanto tentam manter suas identidades e relacionamentos intactos, s\u00e3o confrontados com os desafios e aprendizados que surgem dessa experi\u00eancia \u00fanica. Com doses de humor e reflex\u00e3o, o filme aborda quest\u00f5es sobre relacionamento, empatia e autoconhecimento.<\/p>\n<p>\u00a0<\/p>\n<p>Com um elenco talentoso e uma dire\u00e7\u00e3o habilidosa de Daniel Filho, \u201cSe Eu Fosse Voc\u00ea 2\u201d promete proporcionar momentos de divers\u00e3o e reflex\u00e3o para toda a fam\u00edlia. \u00c9 uma continua\u00e7\u00e3o encantadora que expande o universo criado pelo filme original, oferecendo novas situa\u00e7\u00f5es hil\u00e1rias e emocionantes para os personagens e espectadores.<\/p>\n<p>\u00a0<\/p>\n<p>Prepare-se para rir e se emocionar com as confus\u00f5es e aventuras de Cl\u00e1udio e Helena nesta sequ\u00eancia hil\u00e1ria e envolvente. N\u00e3o perca \u201cSe Eu Fosse Voc\u00ea 2\u201d na Sess\u00e3o da Tarde e embarque em uma jornada de trocas de corpos, amor e autoaceita\u00e7\u00e3o.<\/p>\n<p>\u00a0<\/p>\n<h2>**Tela Quente: \u201cVelozes &amp; Furiosos: Hobbs &amp; Shaw\u201d**<\/h2>\n<p>\u00a0<\/p>\n<p>Al\u00e9m disso, na mesma noite, a Tela Quente apresenta uma eletrizante sess\u00e3o de a\u00e7\u00e3o com \u201cVelozes &amp; Furiosos: Hobbs &amp; Shaw\u201d.<\/p>\n<p>\u00a0<\/p>\n<p>**T\u00edtulo Original:** Fast &amp; Furious Presents: Hobbs &amp; Shaw<\/p>\n<p>**Pa\u00eds de Origem:** Estados Unidos da Am\u00e9rica<\/p>\n<p>**Ano de Produ\u00e7\u00e3o:** 2019<\/p>\n<p>**Diretor:** David Leitch<\/p>\n<p>**Elenco:** Dwayne Johnson, Eiza Gonz\u00e1lez, Helen Mirren, Idris Elba, Jason Statham, Vanessa Kirby<\/p>\n<p>**Classe:** A\u00e7\u00e3o<\/p>\n<p>\u00a0<\/p>\n<p>No filme, acompanhamos Luke Hobbs, interpretado por Dwayne Johnson, e Deckard Shaw, interpretado por Jason Statham, que s\u00e3o for\u00e7ados a unir for\u00e7as para enfrentar um inimigo comum: Brixton, um homem geneticamente aprimorado que est\u00e1 determinado a obter um v\u00edrus mortal que amea\u00e7a a humanidade. Juntos, eles contam com a ajuda de Hattie, interpretada por Vanessa Kirby, para deter os planos malignos de Brixton e salvar o mundo.<\/p>\n<p>\u00a0<\/p>\n<p>Com cenas de a\u00e7\u00e3o de tirar o f\u00f4lego, uma trama repleta de reviravoltas e um elenco de estrelas, \u201cVelozes &amp; Furiosos: Hobbs &amp; Shaw\u201d promete uma noite de adrenalina e entretenimento para os f\u00e3s da franquia e amantes de filmes de a\u00e7\u00e3o. Prepare-se para uma experi\u00eancia cinematogr\u00e1fica emocionante e cheia de velocidade na Tela Quente desta noite.<\/p>\n<\/div>\n","protected":false},"excerpt":{"rendered":"<p>Por MRNews COnfira a programa\u00e7\u00e3o da Globo\u00a0 hoje, 06\/05\/2024 e que horas come\u00e7am os filmes de hoje.\u00a0 Segunda-feira, 06\/05\/2024 04:00<\/p>\n","protected":false},"author":2,"featured_media":0,"comment_status":"open","ping_status":"open","sticky":false,"template":"","format":"standard","meta":{"colormag_page_container_layout":"default_layout","colormag_page_sidebar_layout":"default_layout","footnotes":""},"categories":[1],"tags":[],"class_list":["post-24598","post","type-post","status-publish","format-standard","hentry","category-ejornais"],"aioseo_notices":[],"amp_enabled":true,"_links":{"self":[{"href":"https:\/\/ejornais.com.br\/index.php\/wp-json\/wp\/v2\/posts\/24598","targetHints":{"allow":["GET"]}}],"collection":[{"href":"https:\/\/ejornais.com.br\/index.php\/wp-json\/wp\/v2\/posts"}],"about":[{"href":"https:\/\/ejornais.com.br\/index.php\/wp-json\/wp\/v2\/types\/post"}],"author":[{"embeddable":true,"href":"https:\/\/ejornais.com.br\/index.php\/wp-json\/wp\/v2\/users\/2"}],"replies":[{"embeddable":true,"href":"https:\/\/ejornais.com.br\/index.php\/wp-json\/wp\/v2\/comments?post=24598"}],"version-history":[{"count":0,"href":"https:\/\/ejornais.com.br\/index.php\/wp-json\/wp\/v2\/posts\/24598\/revisions"}],"wp:attachment":[{"href":"https:\/\/ejornais.com.br\/index.php\/wp-json\/wp\/v2\/media?parent=24598"}],"wp:term":[{"taxonomy":"category","embeddable":true,"href":"https:\/\/ejornais.com.br\/index.php\/wp-json\/wp\/v2\/categories?post=24598"},{"taxonomy":"post_tag","embeddable":true,"href":"https:\/\/ejornais.com.br\/index.php\/wp-json\/wp\/v2\/tags?post=24598"}],"curies":[{"name":"wp","href":"https:\/\/api.w.org\/{rel}","templated":true}]}}