{"id":24619,"date":"2024-05-06T15:47:34","date_gmt":"2024-05-06T18:47:34","guid":{"rendered":"https:\/\/ejornais.com.br\/index.php\/2024\/05\/06\/guardas-municipais-prendem-motociclista-com-placa-adulterada-na-zona-oeste-prefeitura-da-cidade-do-rio-de-janeiro\/"},"modified":"2024-05-06T15:47:34","modified_gmt":"2024-05-06T18:47:34","slug":"guardas-municipais-prendem-motociclista-com-placa-adulterada-na-zona-oeste-prefeitura-da-cidade-do-rio-de-janeiro","status":"publish","type":"post","link":"https:\/\/ejornais.com.br\/index.php\/2024\/05\/06\/guardas-municipais-prendem-motociclista-com-placa-adulterada-na-zona-oeste-prefeitura-da-cidade-do-rio-de-janeiro\/","title":{"rendered":"Guardas municipais prendem motociclista com placa adulterada na Zona Oeste &#8211; Prefeitura da Cidade do Rio de Janeiro"},"content":{"rendered":"<p><\/p>\n<div id=\"main\">\n<div class=\"wrapper-breadcrumbs\" wp_automatic_readability=\"36.58064516129\">\n<div class=\"image-post\" wp_automatic_readability=\"33\">\n                     A placa estava amarrada com corda, dificultando a identifica\u00e7\u00e3o do ve\u00edculo &#8211; Prefeitura do Rio                  <\/div>\n<p>Guardas municipais da Unidade de Resgate de Cidadania e Lixo Zero (URC-LX) flagraram, na manh\u00e3 desta segunda-feira (6\/5), um motociclista de 39 anos circulando com a placa amarrada com cordas na Rua C\u00e2ndido Ben\u00edcio, altura da esta\u00e7\u00e3o do BRT Capit\u00e3o Menezes Cortez, na Pra\u00e7a Seca, Zona Oeste do Rio. Ap\u00f3s o flagrante, o ve\u00edculo foi apreendido e levado com o condutor para a 28\u00aa DP (Campinho).<\/p>\n<p>Em seguida, o suspeito foi levado para a 32\u00aa DP (Taquara), onde o caso foi registrado como Adultera\u00e7\u00e3o de Sinal Identificador de Ve\u00edculo Automotor, conforme o Artigo 311\u00a72\u00ba do C\u00f3digo Penal. Al\u00e9m disso, o condutor tamb\u00e9m foi autuado pela infra\u00e7\u00e3o grav\u00edssima, que resultou em multa de R$ 297,43. Na delegacia ficou constatado que o suspeito tinha anota\u00e7\u00f5es por les\u00e3o corporal, porte ilegal de drogas, viol\u00eancia dom\u00e9stica e recepta\u00e7\u00e3o. A a\u00e7\u00e3o contou com apoio de policiais militares e guardas municipais do programa BRT Seguro na condu\u00e7\u00e3o do suspeito com o ve\u00edculo para a delegacia.<\/p>\n<p>Em outra ocorr\u00eancia, guardas do Grupamento de Opera\u00e7\u00f5es com C\u00e3es (GOC) apreenderam, no domingo (5\/5), dois adolescentes, de 15 e 17 anos, suspeitos de tentar furtar pertences de um casal de turistas alem\u00e3es no t\u00fanel que liga Botafogo \u00e0 Avenida Princesa Isabel, em Copacabana, na Zona Sul do Rio. Alertadas por pedestres, as equipes foram at\u00e9 o local, onde conseguiram deter os adolescentes. Os turistas foram levados para a Delegacia de Apoio ao Turista (Deat) e os adolescentes foram encaminhados para a Delegacia de Prote\u00e7\u00e3o \u00e0 Crian\u00e7a e ao Adolescente (DPCA), onde ficaram apreendidos. O caso foi registrado como fato an\u00e1logo ao crime de tentativa de furto.<\/p>\n<p>             <!-- Compartilhe ---><\/p>\n<p>\t\t\t <!-- TAGS --><\/p>\n<section class=\"category-tags\">\n<article class=\"tags\">\n\t\t\t\t\tMarca\u00e7\u00f5es: adulterada furto GM moto Placa turistas<br \/><\/article>\n<\/section>\n<p>            <!-- Mais Not&iacute;cias --><\/p>\n<p>\t\t<!-- Conte&uacute;do SIDEBAR --><\/p><\/div>\n<\/p><\/div>\n","protected":false},"excerpt":{"rendered":"<p>A placa estava amarrada com corda, dificultando a identifica\u00e7\u00e3o do ve\u00edculo &#8211; Prefeitura do Rio Guardas municipais da Unidade de<\/p>\n","protected":false},"author":1,"featured_media":0,"comment_status":"open","ping_status":"open","sticky":false,"template":"","format":"standard","meta":{"colormag_page_container_layout":"default_layout","colormag_page_sidebar_layout":"default_layout","footnotes":""},"categories":[1],"tags":[],"class_list":["post-24619","post","type-post","status-publish","format-standard","hentry","category-ejornais"],"aioseo_notices":[],"amp_enabled":true,"_links":{"self":[{"href":"https:\/\/ejornais.com.br\/index.php\/wp-json\/wp\/v2\/posts\/24619","targetHints":{"allow":["GET"]}}],"collection":[{"href":"https:\/\/ejornais.com.br\/index.php\/wp-json\/wp\/v2\/posts"}],"about":[{"href":"https:\/\/ejornais.com.br\/index.php\/wp-json\/wp\/v2\/types\/post"}],"author":[{"embeddable":true,"href":"https:\/\/ejornais.com.br\/index.php\/wp-json\/wp\/v2\/users\/1"}],"replies":[{"embeddable":true,"href":"https:\/\/ejornais.com.br\/index.php\/wp-json\/wp\/v2\/comments?post=24619"}],"version-history":[{"count":0,"href":"https:\/\/ejornais.com.br\/index.php\/wp-json\/wp\/v2\/posts\/24619\/revisions"}],"wp:attachment":[{"href":"https:\/\/ejornais.com.br\/index.php\/wp-json\/wp\/v2\/media?parent=24619"}],"wp:term":[{"taxonomy":"category","embeddable":true,"href":"https:\/\/ejornais.com.br\/index.php\/wp-json\/wp\/v2\/categories?post=24619"},{"taxonomy":"post_tag","embeddable":true,"href":"https:\/\/ejornais.com.br\/index.php\/wp-json\/wp\/v2\/tags?post=24619"}],"curies":[{"name":"wp","href":"https:\/\/api.w.org\/{rel}","templated":true}]}}