{"id":24631,"date":"2024-05-06T18:35:49","date_gmt":"2024-05-06T21:35:49","guid":{"rendered":"https:\/\/ejornais.com.br\/index.php\/2024\/05\/06\/festival-de-artes-apresenta-seis-atracoes-gratuitas-no-dia-do-trabalhador\/"},"modified":"2024-05-06T18:35:49","modified_gmt":"2024-05-06T21:35:49","slug":"festival-de-artes-apresenta-seis-atracoes-gratuitas-no-dia-do-trabalhador","status":"publish","type":"post","link":"https:\/\/ejornais.com.br\/index.php\/2024\/05\/06\/festival-de-artes-apresenta-seis-atracoes-gratuitas-no-dia-do-trabalhador\/","title":{"rendered":"Festival de Artes apresenta seis atra\u00e7\u00f5es gratuitas no Dia do Trabalhador"},"content":{"rendered":"<p><\/p>\n<div id=\"post_31639\">\n<header>\n<h2>Festival de Artes apresenta seis atra\u00e7\u00f5es gratuitas no Dia do Trabalhador<\/h2>\n<h4>\n                <em><br \/>\n                    <time class=\"text-muted\" datetime=\"30-04-2024\">30 de abril de 2024<\/time><br \/>\n                <\/em><br \/>\n            <\/h4>\n<\/header>\n<section>\n<p style=\"text-align: justify;\">O feriado do Dia do Trabalhador, nesta quarta-feira (1\u00ba), ter\u00e1 circo, artes pl\u00e1sticas, m\u00fasica e cultura popular na Pra\u00e7a Vit\u00f3ria, no bairro da Luz. S\u00e3o as atra\u00e7\u00f5es gratuitas do II Festival de Artes de Nova Igua\u00e7u que entra no segundo m\u00eas de eventos que fomentam a cultura no munic\u00edpio. O Festival de Artes \u00e9 promovido pela Prefeitura de Nova Igua\u00e7u, por meio da Funda\u00e7\u00e3o Educacional e Cultural de Nova Igua\u00e7u (FENIG), com apoio da Secretaria Municipal de Cultura (SEMCULT).<\/p>\n<p style=\"text-align: justify;\">As apresenta\u00e7\u00f5es come\u00e7am \u00e0s 14h com o \u201cCirco Brasil\u201d, espet\u00e1culo variado de acrobacias, palha\u00e7aria, contorcionismo, entre muitas outras riquezas da arte circense. Das 14h \u00e0s 19h, a exposi\u00e7\u00e3o \u201cSal\u201d, da artista visual e artes\u00e3 Carol Nascimento mostrando a suas experi\u00eancias com a representa\u00e7\u00e3o de Iemanj\u00e1, m\u00e3e de todos os orix\u00e1s. \u00c0s 15h, ser\u00e1 a vez da apresenta\u00e7\u00e3o com mistura de teatro e malabarismos divertidos com o espet\u00e1culo \u201cDi Cria\u201d.<\/p>\n<\/p>\n<p style=\"text-align: justify;\">A partir das 16h, a Cultura Tradicional toma conta Pra\u00e7a Vit\u00f3ria com \u201cAs Panambis de Cultura Popular\u201d grupo dedicado aos ritmos do Nordeste com muita dan\u00e7a e percuss\u00e3o. Em seguida, a Roda Abad\u00e1 Capoeira, mostra a riqueza dos elementos de dan\u00e7a, m\u00fasica, arte marcial, jogo e religiosidade. O dia de celebra\u00e7\u00e3o ser\u00e1 encerrado com a m\u00fasica do Sambaixada. Uma roda de samba tradicional e contempor\u00e2nea mostrando as ra\u00edzes do samba na Baixada Fluminense.<\/p>\n<\/p>\n<p style=\"text-align: justify;\">At\u00e9 primeiro de junho, o Festival vai realizar 65 apresenta\u00e7\u00f5es art\u00edsticas gratuitas espalhadas pela cidade, envolvendo 335 artistas locais, al\u00e9m das equipes de produ\u00e7\u00e3o, t\u00e9cnicos e todo entorno dos eventos incluindo artesanato e gastronomia. S\u00e3o cinco modalidades de atra\u00e7\u00f5es: Festival de Teatro, M\u00fasica na Pra\u00e7a, Mostra de Artes Visuais, Sarau Liter\u00e1rio e Encontro de Cultura Tradicional.<\/p>\n<p style=\"text-align: justify;\">A programa\u00e7\u00e3o completa est\u00e1 em fenig.novaiguacu.rj.gov.br.<\/p>\n<\/section><\/div>\n","protected":false},"excerpt":{"rendered":"<p>Festival de Artes apresenta seis atra\u00e7\u00f5es gratuitas no Dia do Trabalhador 30 de abril de 2024 O feriado do Dia<\/p>\n","protected":false},"author":1,"featured_media":0,"comment_status":"open","ping_status":"open","sticky":false,"template":"","format":"standard","meta":{"colormag_page_container_layout":"default_layout","colormag_page_sidebar_layout":"default_layout","footnotes":""},"categories":[1],"tags":[],"class_list":["post-24631","post","type-post","status-publish","format-standard","hentry","category-ejornais"],"aioseo_notices":[],"amp_enabled":true,"_links":{"self":[{"href":"https:\/\/ejornais.com.br\/index.php\/wp-json\/wp\/v2\/posts\/24631","targetHints":{"allow":["GET"]}}],"collection":[{"href":"https:\/\/ejornais.com.br\/index.php\/wp-json\/wp\/v2\/posts"}],"about":[{"href":"https:\/\/ejornais.com.br\/index.php\/wp-json\/wp\/v2\/types\/post"}],"author":[{"embeddable":true,"href":"https:\/\/ejornais.com.br\/index.php\/wp-json\/wp\/v2\/users\/1"}],"replies":[{"embeddable":true,"href":"https:\/\/ejornais.com.br\/index.php\/wp-json\/wp\/v2\/comments?post=24631"}],"version-history":[{"count":0,"href":"https:\/\/ejornais.com.br\/index.php\/wp-json\/wp\/v2\/posts\/24631\/revisions"}],"wp:attachment":[{"href":"https:\/\/ejornais.com.br\/index.php\/wp-json\/wp\/v2\/media?parent=24631"}],"wp:term":[{"taxonomy":"category","embeddable":true,"href":"https:\/\/ejornais.com.br\/index.php\/wp-json\/wp\/v2\/categories?post=24631"},{"taxonomy":"post_tag","embeddable":true,"href":"https:\/\/ejornais.com.br\/index.php\/wp-json\/wp\/v2\/tags?post=24631"}],"curies":[{"name":"wp","href":"https:\/\/api.w.org\/{rel}","templated":true}]}}