{"id":24692,"date":"2024-05-07T15:04:54","date_gmt":"2024-05-07T18:04:54","guid":{"rendered":"https:\/\/ejornais.com.br\/index.php\/2024\/05\/07\/servidores-do-cadunico-participam-de-ciclo-de-capacitacao-e-atualizam-informacoes-para-os-usuarios-cgnoticias\/"},"modified":"2024-05-07T15:04:54","modified_gmt":"2024-05-07T18:04:54","slug":"servidores-do-cadunico-participam-de-ciclo-de-capacitacao-e-atualizam-informacoes-para-os-usuarios-cgnoticias","status":"publish","type":"post","link":"https:\/\/ejornais.com.br\/index.php\/2024\/05\/07\/servidores-do-cadunico-participam-de-ciclo-de-capacitacao-e-atualizam-informacoes-para-os-usuarios-cgnoticias\/","title":{"rendered":"Servidores do Cad\u00danico participam de ciclo de capacita\u00e7\u00e3o e atualizam informa\u00e7\u00f5es para os usu\u00e1rios \u2013 CGNot\u00edcias"},"content":{"rendered":"<p><\/p>\n<div>\n<p>Entrevistadores que atuam no Cadastro \u00danico da Secretaria de Assist\u00eancia Social (SAS) do munic\u00edpio participam at\u00e9 quinta-feira (09), na faculdade Est\u00e1cio de S\u00e1, do segundo ciclo de capacita\u00e7\u00e3o dos entrevistadores do Cad\u00danico.<\/p>\n<p>Cerca de 90 servidores respons\u00e1veis pelo atendimento das fam\u00edlias nos 26 postos de atendimentos distribu\u00eddos nas sete regi\u00f5es est\u00e3o recebendo atualiza\u00e7\u00f5es quanto \u00e0 legisla\u00e7\u00e3o referente aos programas sociais do Governo Federal e orienta\u00e7\u00f5es sobre a rotina de trabalho da fun\u00e7\u00e3o.<\/p>\n<p>Ano passado, 100 profissionais foram capacitados em oficinas peri\u00f3dicas.<\/p>\n<p>Neste segundo ciclo, os servidores foram divididos pelas t\u00e9cnicas da equipe da Ger\u00eancia de Gest\u00e3o do Cadastro \u00danico em tr\u00eas grupos e passam as manh\u00e3s recebendo informa\u00e7\u00f5es e discutindo d\u00favidas mais comuns do dia a dia.<\/p>\n<p>\u201cO objetivo \u00e9 que todos saibam as normativas legais que subsidiam o trabalho junto ao Cad\u00danico, al\u00e9m de padronizar o atendimento prestado \u00e0 popula\u00e7\u00e3o\u201d, pontuou a gerente do Cadastro \u00danico, Viviane Brand\u00e3o.<\/p>\n<p>Vale ressaltar que o cadastramento das fam\u00edlias no Cadastro \u00danico, possibilita o acesso a diversos programas sociais, entre eles Bolsa Fam\u00edlia, Tarifa Social de Energia El\u00e9trica, Benef\u00edcio de Presta\u00e7\u00e3o Continuada, entre outros.<\/p>\n<p>\u201cNosso foco \u00e9 a qualifica\u00e7\u00e3o constante do atendimento \u00e0 popula\u00e7\u00e3o que procura os Cras, Central do Cadastro \u00danico e Centros de Conviv\u00eancia e que necessita acessar os programas sociais vinculados \u00e0 Pol\u00edtica de Assist\u00eancia Social, dessa forma garantimos a exatid\u00e3o das informa\u00e7\u00f5es prestadas pelos usu\u00e1rios e inseridas no sistema pelos servidores, garantindo que as fam\u00edlias realmente vulner\u00e1veis acessem os benef\u00edcios\u201d, disse o superintendente de Prote\u00e7\u00e3o Social B\u00e1sica, Art\u00eamio Versoza.<\/p>\n<\/p>\n<p><strong>Conte\u00fado<\/strong><\/p>\n<p>Durante a capacita\u00e7\u00e3o, os participantes trabalham a\u00e7\u00f5es voltadas ao preenchimento dos formul\u00e1rios de cadastramento, sistemas de informa\u00e7\u00f5es e principalmente o alinhamento do trabalho. As equipes tamb\u00e9m v\u00e3o at\u00e9 \u00e0s unidades acompanhar o trabalho dos entrevistadores, esclarecer d\u00favidas e alinhar as a\u00e7\u00f5es.<\/p>\n<p>Para o auxiliar administrativo e financeiro do Cras Moema, Kleber Ant\u00f4nio Almeida Anuncia\u00e7\u00e3o, o ciclo de capacita\u00e7\u00e3o \u00e9 uma oportunidade de refor\u00e7ar as orienta\u00e7\u00f5es e dar mais seguran\u00e7a aos servidores rec\u00e9m-aprovados no processo seletivo para o cargo.<\/p>\n<p>\u201cEu n\u00e3o tinha muita no\u00e7\u00e3o como era o atendimento, n\u00e3o tinha uma ampla experi\u00eancia, agora j\u00e1 tenho um conhecimento maior e pude esclarecer mais d\u00favidas. Isso nos deixa mais aptos para auxiliar a popula\u00e7\u00e3o\u201d, frisou.<\/p>\n<p>Em 2023, o Governo Federal realizou diversas mudan\u00e7as no Cad\u00danico. Entre as principais, est\u00e3o os novos documentos exigidos para as pessoas com cadastro unipessoal e a altera\u00e7\u00e3o autom\u00e1tica de renda feita quando o Governo Federal considerar necess\u00e1rio ap\u00f3s o cruzamento de dados, apesar de a renda ser autodeclarat\u00f3ria.<\/p>\n<p><strong>O Programa<\/strong><\/p>\n<p>Desde 2003, o Cadastro \u00danico se tornou o principal instrumento para a sele\u00e7\u00e3o e a inclus\u00e3o de fam\u00edlias de baixa renda em programas federais, j\u00e1 que \u00e9 uma ferramenta que retrata a situa\u00e7\u00e3o socioecon\u00f4mica da popula\u00e7\u00e3o, por isso \u00e9 usado obrigatoriamente para a concess\u00e3o dos benef\u00edcios do Programa Bolsa Fam\u00edlia, da Tarifa Social de Energia El\u00e9trica, do Programa Minha Casa Minha Vida, entre outros.<\/p>\n<p>A execu\u00e7\u00e3o do Cadastro \u00danico \u00e9 de responsabilidade compartilhada entre o governo federal, os estados, os munic\u00edpios e o Distrito Federal.<\/p>\n<p>Tamb\u00e9m pode ser utilizado para a sele\u00e7\u00e3o de benefici\u00e1rios de programas ofertados pelos governos estaduais e municipais. Por isso, ele funciona como uma porta de entrada para as fam\u00edlias acessarem diversas pol\u00edticas p\u00fablicas.<\/p>\n<p>\u00a0<\/p>\n<p><em>#pratodosverem A imagem de capa mostra a sala de aula com os servidores. A segunda foto tamb\u00e9m \u00e9 da sala de aula.<\/em><\/p>\n<\/div>\n<p><script async defer async defer src=\"https:\/\/connect.facebook.net\/en_US\/sdk.js?ver=1#xfbml=1&#038;version=v3.2\" id='prefeitura-campogrande-script-facebook-sdk-js'><\/script><\/p>\n","protected":false},"excerpt":{"rendered":"<p>Entrevistadores que atuam no Cadastro \u00danico da Secretaria de Assist\u00eancia Social (SAS) do munic\u00edpio participam at\u00e9 quinta-feira (09), na faculdade<\/p>\n","protected":false},"author":1,"featured_media":0,"comment_status":"open","ping_status":"open","sticky":false,"template":"","format":"standard","meta":{"colormag_page_container_layout":"default_layout","colormag_page_sidebar_layout":"default_layout","footnotes":""},"categories":[],"tags":[],"class_list":["post-24692","post","type-post","status-publish","format-standard","hentry"],"aioseo_notices":[],"aioseo_head":"\n\t\t<!-- All in One SEO 5.0.1.1 - aioseo.com -->\n\t<meta name=\"description\" content=\"Entrevistadores que atuam no Cadastro \u00danico da Secretaria de Assist\u00eancia Social (SAS) do munic\u00edpio participam at\u00e9 quinta-feira (09), na faculdade Est\u00e1cio de S\u00e1, do segundo ciclo de capacita\u00e7\u00e3o dos entrevistadores do Cad\u00danico. Cerca de 90 servidores respons\u00e1veis pelo atendimento das fam\u00edlias nos 26 postos de atendimentos distribu\u00eddos nas sete regi\u00f5es est\u00e3o recebendo atualiza\u00e7\u00f5es quanto \u00e0\" \/>\n\t<meta name=\"robots\" content=\"max-image-preview:large\" \/>\n\t<link rel=\"canonical\" href=\"https:\/\/ejornais.com.br\/index.php\/2024\/05\/07\/servidores-do-cadunico-participam-de-ciclo-de-capacitacao-e-atualizam-informacoes-para-os-usuarios-cgnoticias\/\" \/>\n\t<meta name=\"generator\" content=\"All in One SEO (AIOSEO) 5.0.1.1\" \/>\n\t\t<meta property=\"og:locale\" content=\"pt_BR\" \/>\n\t\t<meta property=\"og:site_name\" content=\"eJornais - Cat\u00e1logo de Jornais no mundo, Not\u00edcias, Blog e Esportes ao vivo\" \/>\n\t\t<meta property=\"og:type\" content=\"article\" \/>\n\t\t<meta property=\"og:title\" content=\"Servidores do Cad\u00danico participam de ciclo de capacita\u00e7\u00e3o e atualizam informa\u00e7\u00f5es para os usu\u00e1rios \u2013 CGNot\u00edcias - eJornais\" \/>\n\t\t<meta property=\"og:description\" content=\"Entrevistadores que atuam no Cadastro \u00danico da Secretaria de Assist\u00eancia Social (SAS) do munic\u00edpio participam at\u00e9 quinta-feira (09), na faculdade Est\u00e1cio de S\u00e1, do segundo ciclo de capacita\u00e7\u00e3o dos entrevistadores do Cad\u00danico. Cerca de 90 servidores respons\u00e1veis pelo atendimento das fam\u00edlias nos 26 postos de atendimentos distribu\u00eddos nas sete regi\u00f5es est\u00e3o recebendo atualiza\u00e7\u00f5es quanto \u00e0\" \/>\n\t\t<meta property=\"og:url\" content=\"https:\/\/ejornais.com.br\/index.php\/2024\/05\/07\/servidores-do-cadunico-participam-de-ciclo-de-capacitacao-e-atualizam-informacoes-para-os-usuarios-cgnoticias\/\" \/>\n\t\t<meta property=\"article:published_time\" content=\"2024-05-07T18:04:54+00:00\" \/>\n\t\t<meta property=\"article:modified_time\" content=\"2024-05-07T18:04:54+00:00\" \/>\n\t\t<meta name=\"twitter:card\" content=\"summary_large_image\" \/>\n\t\t<meta name=\"twitter:title\" content=\"Servidores do Cad\u00danico participam de ciclo de capacita\u00e7\u00e3o e atualizam informa\u00e7\u00f5es para os usu\u00e1rios \u2013 CGNot\u00edcias - eJornais\" \/>\n\t\t<meta name=\"twitter:description\" content=\"Entrevistadores que atuam no Cadastro \u00danico da Secretaria de Assist\u00eancia Social (SAS) do munic\u00edpio participam at\u00e9 quinta-feira (09), na faculdade Est\u00e1cio de S\u00e1, do segundo ciclo de capacita\u00e7\u00e3o dos entrevistadores do Cad\u00danico. Cerca de 90 servidores respons\u00e1veis pelo atendimento das fam\u00edlias nos 26 postos de atendimentos distribu\u00eddos nas sete regi\u00f5es est\u00e3o recebendo atualiza\u00e7\u00f5es quanto \u00e0\" \/>\n\t\t<script type=\"application\/ld+json\" class=\"aioseo-schema\">\n\t\t\t{\"@context\":\"https:\\\/\\\/schema.org\",\"@graph\":[{\"@type\":\"BlogPosting\",\"@id\":\"https:\\\/\\\/ejornais.com.br\\\/index.php\\\/2024\\\/05\\\/07\\\/servidores-do-cadunico-participam-de-ciclo-de-capacitacao-e-atualizam-informacoes-para-os-usuarios-cgnoticias\\\/#blogposting\",\"name\":\"Servidores do Cad\\u00danico participam de ciclo de capacita\\u00e7\\u00e3o e atualizam informa\\u00e7\\u00f5es para os usu\\u00e1rios \\u2013 CGNot\\u00edcias - eJornais\",\"headline\":\"Servidores do Cad\\u00danico participam de ciclo de capacita\\u00e7\\u00e3o e atualizam informa\\u00e7\\u00f5es para os usu\\u00e1rios \\u2013 CGNot\\u00edcias\",\"author\":{\"@id\":\"https:\\\/\\\/ejornais.com.br\\\/index.php\\\/author\\\/#author\"},\"publisher\":{\"@id\":\"https:\\\/\\\/ejornais.com.br\\\/#organization\"},\"datePublished\":\"2024-05-07T15:04:54-03:00\",\"dateModified\":\"2024-05-07T15:04:54-03:00\",\"inLanguage\":\"pt-BR\",\"mainEntityOfPage\":{\"@id\":\"https:\\\/\\\/ejornais.com.br\\\/index.php\\\/2024\\\/05\\\/07\\\/servidores-do-cadunico-participam-de-ciclo-de-capacitacao-e-atualizam-informacoes-para-os-usuarios-cgnoticias\\\/#webpage\"},\"isPartOf\":{\"@id\":\"https:\\\/\\\/ejornais.com.br\\\/index.php\\\/2024\\\/05\\\/07\\\/servidores-do-cadunico-participam-de-ciclo-de-capacitacao-e-atualizam-informacoes-para-os-usuarios-cgnoticias\\\/#webpage\"}},{\"@type\":\"BreadcrumbList\",\"@id\":\"https:\\\/\\\/ejornais.com.br\\\/index.php\\\/2024\\\/05\\\/07\\\/servidores-do-cadunico-participam-de-ciclo-de-capacitacao-e-atualizam-informacoes-para-os-usuarios-cgnoticias\\\/#breadcrumblist\",\"itemListElement\":[{\"@type\":\"ListItem\",\"@id\":\"https:\\\/\\\/ejornais.com.br#listItem\",\"position\":1,\"name\":\"In\\u00edcio\",\"item\":\"https:\\\/\\\/ejornais.com.br\",\"nextItem\":{\"@type\":\"ListItem\",\"@id\":\"https:\\\/\\\/ejornais.com.br\\\/index.php\\\/2024\\\/05\\\/07\\\/servidores-do-cadunico-participam-de-ciclo-de-capacitacao-e-atualizam-informacoes-para-os-usuarios-cgnoticias\\\/#listItem\",\"name\":\"Servidores do Cad\\u00danico participam de ciclo de capacita\\u00e7\\u00e3o e atualizam informa\\u00e7\\u00f5es para os usu\\u00e1rios \\u2013 CGNot\\u00edcias\"}},{\"@type\":\"ListItem\",\"@id\":\"https:\\\/\\\/ejornais.com.br\\\/index.php\\\/2024\\\/05\\\/07\\\/servidores-do-cadunico-participam-de-ciclo-de-capacitacao-e-atualizam-informacoes-para-os-usuarios-cgnoticias\\\/#listItem\",\"position\":2,\"name\":\"Servidores do Cad\\u00danico participam de ciclo de capacita\\u00e7\\u00e3o e atualizam informa\\u00e7\\u00f5es para os usu\\u00e1rios \\u2013 CGNot\\u00edcias\",\"previousItem\":{\"@type\":\"ListItem\",\"@id\":\"https:\\\/\\\/ejornais.com.br#listItem\",\"name\":\"In\\u00edcio\"}}]},{\"@type\":\"Organization\",\"@id\":\"https:\\\/\\\/ejornais.com.br\\\/#organization\",\"name\":\"eJornais\",\"description\":\"Cat\\u00e1logo de Jornais no mundo, Not\\u00edcias, Blog e Esportes ao vivo\",\"url\":\"https:\\\/\\\/ejornais.com.br\\\/\"},{\"@type\":\"Person\",\"@id\":\"https:\\\/\\\/ejornais.com.br\\\/index.php\\\/author\\\/#author\",\"url\":\"https:\\\/\\\/ejornais.com.br\\\/index.php\\\/author\\\/\"},{\"@type\":\"WebPage\",\"@id\":\"https:\\\/\\\/ejornais.com.br\\\/index.php\\\/2024\\\/05\\\/07\\\/servidores-do-cadunico-participam-de-ciclo-de-capacitacao-e-atualizam-informacoes-para-os-usuarios-cgnoticias\\\/#webpage\",\"url\":\"https:\\\/\\\/ejornais.com.br\\\/index.php\\\/2024\\\/05\\\/07\\\/servidores-do-cadunico-participam-de-ciclo-de-capacitacao-e-atualizam-informacoes-para-os-usuarios-cgnoticias\\\/\",\"name\":\"Servidores do Cad\\u00danico participam de ciclo de capacita\\u00e7\\u00e3o e atualizam informa\\u00e7\\u00f5es para os usu\\u00e1rios \\u2013 CGNot\\u00edcias - eJornais\",\"description\":\"Entrevistadores que atuam no Cadastro \\u00danico da Secretaria de Assist\\u00eancia Social (SAS) do munic\\u00edpio participam at\\u00e9 quinta-feira (09), na faculdade Est\\u00e1cio de S\\u00e1, do segundo ciclo de capacita\\u00e7\\u00e3o dos entrevistadores do Cad\\u00danico. Cerca de 90 servidores respons\\u00e1veis pelo atendimento das fam\\u00edlias nos 26 postos de atendimentos distribu\\u00eddos nas sete regi\\u00f5es est\\u00e3o recebendo atualiza\\u00e7\\u00f5es quanto \\u00e0\",\"inLanguage\":\"pt-BR\",\"isPartOf\":{\"@id\":\"https:\\\/\\\/ejornais.com.br\\\/#website\"},\"breadcrumb\":{\"@id\":\"https:\\\/\\\/ejornais.com.br\\\/index.php\\\/2024\\\/05\\\/07\\\/servidores-do-cadunico-participam-de-ciclo-de-capacitacao-e-atualizam-informacoes-para-os-usuarios-cgnoticias\\\/#breadcrumblist\"},\"author\":{\"@id\":\"https:\\\/\\\/ejornais.com.br\\\/index.php\\\/author\\\/#author\"},\"creator\":{\"@id\":\"https:\\\/\\\/ejornais.com.br\\\/index.php\\\/author\\\/#author\"},\"datePublished\":\"2024-05-07T15:04:54-03:00\",\"dateModified\":\"2024-05-07T15:04:54-03:00\"},{\"@type\":\"WebSite\",\"@id\":\"https:\\\/\\\/ejornais.com.br\\\/#website\",\"url\":\"https:\\\/\\\/ejornais.com.br\\\/\",\"name\":\"eJornais\",\"description\":\"Cat\\u00e1logo de Jornais no mundo, Not\\u00edcias, Blog e Esportes ao vivo\",\"inLanguage\":\"pt-BR\",\"publisher\":{\"@id\":\"https:\\\/\\\/ejornais.com.br\\\/#organization\"}}]}\n\t\t<\/script>\n\t\t<!-- All in One SEO -->\n\n","aioseo_head_json":{"title":"Servidores do Cad\u00danico participam de ciclo de capacita\u00e7\u00e3o e atualizam informa\u00e7\u00f5es para os usu\u00e1rios \u2013 CGNot\u00edcias - eJornais","description":"Entrevistadores que atuam no Cadastro \u00danico da Secretaria de Assist\u00eancia Social (SAS) do munic\u00edpio participam at\u00e9 quinta-feira (09), na faculdade Est\u00e1cio de S\u00e1, do segundo ciclo de capacita\u00e7\u00e3o dos entrevistadores do Cad\u00danico. Cerca de 90 servidores respons\u00e1veis pelo atendimento das fam\u00edlias nos 26 postos de atendimentos distribu\u00eddos nas sete regi\u00f5es est\u00e3o recebendo atualiza\u00e7\u00f5es quanto \u00e0","canonical_url":"https:\/\/ejornais.com.br\/index.php\/2024\/05\/07\/servidores-do-cadunico-participam-de-ciclo-de-capacitacao-e-atualizam-informacoes-para-os-usuarios-cgnoticias\/","robots":"max-image-preview:large","keywords":"","webmasterTools":{"miscellaneous":""},"schema":{"@context":"https:\/\/schema.org","@graph":[{"@type":"BlogPosting","@id":"https:\/\/ejornais.com.br\/index.php\/2024\/05\/07\/servidores-do-cadunico-participam-de-ciclo-de-capacitacao-e-atualizam-informacoes-para-os-usuarios-cgnoticias\/#blogposting","name":"Servidores do Cad\u00danico participam de ciclo de capacita\u00e7\u00e3o e atualizam informa\u00e7\u00f5es para os usu\u00e1rios \u2013 CGNot\u00edcias - eJornais","headline":"Servidores do Cad\u00danico participam de ciclo de capacita\u00e7\u00e3o e atualizam informa\u00e7\u00f5es para os usu\u00e1rios \u2013 CGNot\u00edcias","author":{"@id":"https:\/\/ejornais.com.br\/index.php\/author\/#author"},"publisher":{"@id":"https:\/\/ejornais.com.br\/#organization"},"datePublished":"2024-05-07T15:04:54-03:00","dateModified":"2024-05-07T15:04:54-03:00","inLanguage":"pt-BR","mainEntityOfPage":{"@id":"https:\/\/ejornais.com.br\/index.php\/2024\/05\/07\/servidores-do-cadunico-participam-de-ciclo-de-capacitacao-e-atualizam-informacoes-para-os-usuarios-cgnoticias\/#webpage"},"isPartOf":{"@id":"https:\/\/ejornais.com.br\/index.php\/2024\/05\/07\/servidores-do-cadunico-participam-de-ciclo-de-capacitacao-e-atualizam-informacoes-para-os-usuarios-cgnoticias\/#webpage"}},{"@type":"BreadcrumbList","@id":"https:\/\/ejornais.com.br\/index.php\/2024\/05\/07\/servidores-do-cadunico-participam-de-ciclo-de-capacitacao-e-atualizam-informacoes-para-os-usuarios-cgnoticias\/#breadcrumblist","itemListElement":[{"@type":"ListItem","@id":"https:\/\/ejornais.com.br#listItem","position":1,"name":"In\u00edcio","item":"https:\/\/ejornais.com.br","nextItem":{"@type":"ListItem","@id":"https:\/\/ejornais.com.br\/index.php\/2024\/05\/07\/servidores-do-cadunico-participam-de-ciclo-de-capacitacao-e-atualizam-informacoes-para-os-usuarios-cgnoticias\/#listItem","name":"Servidores do Cad\u00danico participam de ciclo de capacita\u00e7\u00e3o e atualizam informa\u00e7\u00f5es para os usu\u00e1rios \u2013 CGNot\u00edcias"}},{"@type":"ListItem","@id":"https:\/\/ejornais.com.br\/index.php\/2024\/05\/07\/servidores-do-cadunico-participam-de-ciclo-de-capacitacao-e-atualizam-informacoes-para-os-usuarios-cgnoticias\/#listItem","position":2,"name":"Servidores do Cad\u00danico participam de ciclo de capacita\u00e7\u00e3o e atualizam informa\u00e7\u00f5es para os usu\u00e1rios \u2013 CGNot\u00edcias","previousItem":{"@type":"ListItem","@id":"https:\/\/ejornais.com.br#listItem","name":"In\u00edcio"}}]},{"@type":"Organization","@id":"https:\/\/ejornais.com.br\/#organization","name":"eJornais","description":"Cat\u00e1logo de Jornais no mundo, Not\u00edcias, Blog e Esportes ao vivo","url":"https:\/\/ejornais.com.br\/"},{"@type":"Person","@id":"https:\/\/ejornais.com.br\/index.php\/author\/#author","url":"https:\/\/ejornais.com.br\/index.php\/author\/"},{"@type":"WebPage","@id":"https:\/\/ejornais.com.br\/index.php\/2024\/05\/07\/servidores-do-cadunico-participam-de-ciclo-de-capacitacao-e-atualizam-informacoes-para-os-usuarios-cgnoticias\/#webpage","url":"https:\/\/ejornais.com.br\/index.php\/2024\/05\/07\/servidores-do-cadunico-participam-de-ciclo-de-capacitacao-e-atualizam-informacoes-para-os-usuarios-cgnoticias\/","name":"Servidores do Cad\u00danico participam de ciclo de capacita\u00e7\u00e3o e atualizam informa\u00e7\u00f5es para os usu\u00e1rios \u2013 CGNot\u00edcias - eJornais","description":"Entrevistadores que atuam no Cadastro \u00danico da Secretaria de Assist\u00eancia Social (SAS) do munic\u00edpio participam at\u00e9 quinta-feira (09), na faculdade Est\u00e1cio de S\u00e1, do segundo ciclo de capacita\u00e7\u00e3o dos entrevistadores do Cad\u00danico. Cerca de 90 servidores respons\u00e1veis pelo atendimento das fam\u00edlias nos 26 postos de atendimentos distribu\u00eddos nas sete regi\u00f5es est\u00e3o recebendo atualiza\u00e7\u00f5es quanto \u00e0","inLanguage":"pt-BR","isPartOf":{"@id":"https:\/\/ejornais.com.br\/#website"},"breadcrumb":{"@id":"https:\/\/ejornais.com.br\/index.php\/2024\/05\/07\/servidores-do-cadunico-participam-de-ciclo-de-capacitacao-e-atualizam-informacoes-para-os-usuarios-cgnoticias\/#breadcrumblist"},"author":{"@id":"https:\/\/ejornais.com.br\/index.php\/author\/#author"},"creator":{"@id":"https:\/\/ejornais.com.br\/index.php\/author\/#author"},"datePublished":"2024-05-07T15:04:54-03:00","dateModified":"2024-05-07T15:04:54-03:00"},{"@type":"WebSite","@id":"https:\/\/ejornais.com.br\/#website","url":"https:\/\/ejornais.com.br\/","name":"eJornais","description":"Cat\u00e1logo de Jornais no mundo, Not\u00edcias, Blog e Esportes ao vivo","inLanguage":"pt-BR","publisher":{"@id":"https:\/\/ejornais.com.br\/#organization"}}]},"og:locale":"pt_BR","og:site_name":"eJornais - Cat\u00e1logo de Jornais no mundo, Not\u00edcias, Blog e Esportes ao vivo","og:type":"article","og:title":"Servidores do Cad\u00danico participam de ciclo de capacita\u00e7\u00e3o e atualizam informa\u00e7\u00f5es para os usu\u00e1rios \u2013 CGNot\u00edcias - eJornais","og:description":"Entrevistadores que atuam no Cadastro \u00danico da Secretaria de Assist\u00eancia Social (SAS) do munic\u00edpio participam at\u00e9 quinta-feira (09), na faculdade Est\u00e1cio de S\u00e1, do segundo ciclo de capacita\u00e7\u00e3o dos entrevistadores do Cad\u00danico. Cerca de 90 servidores respons\u00e1veis pelo atendimento das fam\u00edlias nos 26 postos de atendimentos distribu\u00eddos nas sete regi\u00f5es est\u00e3o recebendo atualiza\u00e7\u00f5es quanto \u00e0","og:url":"https:\/\/ejornais.com.br\/index.php\/2024\/05\/07\/servidores-do-cadunico-participam-de-ciclo-de-capacitacao-e-atualizam-informacoes-para-os-usuarios-cgnoticias\/","article:published_time":"2024-05-07T18:04:54+00:00","article:modified_time":"2024-05-07T18:04:54+00:00","twitter:card":"summary_large_image","twitter:title":"Servidores do Cad\u00danico participam de ciclo de capacita\u00e7\u00e3o e atualizam informa\u00e7\u00f5es para os usu\u00e1rios \u2013 CGNot\u00edcias - eJornais","twitter:description":"Entrevistadores que atuam no Cadastro \u00danico da Secretaria de Assist\u00eancia Social (SAS) do munic\u00edpio participam at\u00e9 quinta-feira (09), na faculdade Est\u00e1cio de S\u00e1, do segundo ciclo de capacita\u00e7\u00e3o dos entrevistadores do Cad\u00danico. Cerca de 90 servidores respons\u00e1veis pelo atendimento das fam\u00edlias nos 26 postos de atendimentos distribu\u00eddos nas sete regi\u00f5es est\u00e3o recebendo atualiza\u00e7\u00f5es quanto \u00e0"},"aioseo_meta_data":{"post_id":"24692","title":null,"description":null,"keywords":null,"keyphrases":null,"primary_term":null,"canonical_url":null,"og_title":null,"og_description":null,"og_object_type":"default","og_image_type":"default","og_image_url":null,"og_image_width":null,"og_image_height":null,"og_image_custom_url":null,"og_image_custom_fields":null,"og_video":null,"og_custom_url":null,"og_article_section":null,"og_article_tags":null,"twitter_use_og":false,"twitter_card":"default","twitter_image_type":"default","twitter_image_url":null,"twitter_image_custom_url":null,"twitter_image_custom_fields":null,"twitter_title":null,"twitter_description":null,"schema":{"blockGraphs":[],"customGraphs":[],"default":{"data":{"Article":[],"Course":[],"Dataset":[],"FAQPage":[],"Movie":[],"Person":[],"Product":[],"ProductReview":[],"Car":[],"Recipe":[],"Service":[],"SoftwareApplication":[],"WebPage":[]},"graphName":"","isEnabled":true},"graphs":[]},"schema_type":"default","schema_type_options":null,"pillar_content":false,"robots_default":true,"robots_noindex":false,"robots_noarchive":false,"robots_nosnippet":false,"robots_nofollow":false,"robots_noimageindex":false,"robots_noodp":false,"robots_notranslate":false,"robots_max_snippet":null,"robots_max_videopreview":null,"robots_max_imagepreview":"large","priority":null,"frequency":null,"local_seo":null,"breadcrumb_settings":null,"limit_modified_date":false,"ai":null,"created":"2024-05-07 18:09:32","updated":"2025-06-05 11:46:37","seo_analyzer_scan_date":null,"focus_keyword":null,"additional_keywords":null,"truseo_locale":null},"aioseo_breadcrumb":"<div class=\"aioseo-breadcrumbs\"><span class=\"aioseo-breadcrumb\">\n\t\t\t<a href=\"https:\/\/ejornais.com.br\" title=\"In\u00edcio\">In\u00edcio<\/a>\n\t\t<\/span><span class=\"aioseo-breadcrumb-separator\">&raquo;<\/span><span class=\"aioseo-breadcrumb\">\n\t\t\tServidores do Cad\u00danico participam de ciclo de capacita\u00e7\u00e3o e atualizam informa\u00e7\u00f5es para os usu\u00e1rios \u2013 CGNot\u00edcias\n\t\t<\/span><\/div>","aioseo_breadcrumb_json":[{"label":"In\u00edcio","link":"https:\/\/ejornais.com.br"},{"label":"Servidores do Cad\u00danico participam de ciclo de capacita\u00e7\u00e3o e atualizam informa\u00e7\u00f5es para os usu\u00e1rios \u2013 CGNot\u00edcias","link":"https:\/\/ejornais.com.br\/index.php\/2024\/05\/07\/servidores-do-cadunico-participam-de-ciclo-de-capacitacao-e-atualizam-informacoes-para-os-usuarios-cgnoticias\/"}],"amp_enabled":true,"_links":{"self":[{"href":"https:\/\/ejornais.com.br\/index.php\/wp-json\/wp\/v2\/posts\/24692","targetHints":{"allow":["GET"]}}],"collection":[{"href":"https:\/\/ejornais.com.br\/index.php\/wp-json\/wp\/v2\/posts"}],"about":[{"href":"https:\/\/ejornais.com.br\/index.php\/wp-json\/wp\/v2\/types\/post"}],"author":[{"embeddable":true,"href":"https:\/\/ejornais.com.br\/index.php\/wp-json\/wp\/v2\/users\/1"}],"replies":[{"embeddable":true,"href":"https:\/\/ejornais.com.br\/index.php\/wp-json\/wp\/v2\/comments?post=24692"}],"version-history":[{"count":0,"href":"https:\/\/ejornais.com.br\/index.php\/wp-json\/wp\/v2\/posts\/24692\/revisions"}],"wp:attachment":[{"href":"https:\/\/ejornais.com.br\/index.php\/wp-json\/wp\/v2\/media?parent=24692"}],"wp:term":[{"taxonomy":"category","embeddable":true,"href":"https:\/\/ejornais.com.br\/index.php\/wp-json\/wp\/v2\/categories?post=24692"},{"taxonomy":"post_tag","embeddable":true,"href":"https:\/\/ejornais.com.br\/index.php\/wp-json\/wp\/v2\/tags?post=24692"}],"curies":[{"name":"wp","href":"https:\/\/api.w.org\/{rel}","templated":true}]}}