{"id":24747,"date":"2024-05-08T09:13:41","date_gmt":"2024-05-08T12:13:41","guid":{"rendered":"https:\/\/ejornais.com.br\/index.php\/2024\/05\/08\/governo-de-sp-lanca-guia-turistico-com-imagens-do-cristo-no-estado\/"},"modified":"2024-05-08T09:13:41","modified_gmt":"2024-05-08T12:13:41","slug":"governo-de-sp-lanca-guia-turistico-com-imagens-do-cristo-no-estado","status":"publish","type":"post","link":"https:\/\/ejornais.com.br\/index.php\/2024\/05\/08\/governo-de-sp-lanca-guia-turistico-com-imagens-do-cristo-no-estado\/","title":{"rendered":"Governo de SP lan\u00e7a guia tur\u00edstico com imagens do Cristo no Estado"},"content":{"rendered":"<p><img decoding=\"async\" src=\"https:\/\/www.saopaulo.sp.gov.br\/wp-content\/uploads\/2024\/05\/8162.jpeg\" \/><\/p>\n<div id=\"\">&#13;<br \/>\n                                <!-- Title -->&#13;<br \/>\n                                &#13;<br \/>\n&#13;<br \/>\n                                <!-- Excerpt -->&#13;<\/p>\n<p class=\"excerpt\">Material foi produzido ap\u00f3s levantamento feito em 2023 que identificou 66 est\u00e1tuas nos munic\u00edpios paulistas<\/p>\n<p>&#13;<br \/>\n&#13;<br \/>\n                                &#13;\n                            <\/p><\/div>\n<div id=\"\">&#13;<\/p>\n<figure id=\"attachment_5879014\" style=\"width: 100%;max-width: 749px\" class=\"wp-caption alignnone\"><figcaption class=\"wp-caption-text\">Cristo Redentor, no Rio de Janeiro<\/figcaption><\/figure>\n<p>A Secretaria de Turismo e Viagens do Estado de S\u00e3o Paulo (Setur-SP) lan\u00e7ou o guia com imagens do Cristo no estado. O material foi produzido ap\u00f3s levantamento feito pela pasta em 2023, que identificou 66 est\u00e1tuas nos munic\u00edpios paulistas.<\/p>\n<p>O guia do Cristo em S\u00e3o Paulo re\u00fane os monumentos que refletem a influ\u00eancia cultural e religiosa na regi\u00e3o. Enquanto o Cristo Redentor \u00e9 um \u00edcone mundialmente conhecido, as representa\u00e7\u00f5es do Cristo em S\u00e3o Paulo mostram a devo\u00e7\u00e3o e a identidade cat\u00f3lica predominante no estado.<\/p>\n<p>Em S\u00e3o Paulo, as est\u00e1tuas n\u00e3o apenas adornam paisagens urbanas e naturais, mas tamb\u00e9m servem como pontos de encontro, reflex\u00e3o e contempla\u00e7\u00e3o para os habitantes locais e visitantes.<\/p>\n<p>\u201cTemos um estado rico e diverso. Estamos olhando para cada rota paulista e elevando suas voca\u00e7\u00f5es e valorizando os atrativos\u201d, afirma Roberto de Lucena, secret\u00e1rio de Turismo e Viagens do Estado de SP.<\/p>\n<p>O Santu\u00e1rio Nacional de Aparecida, em Aparecida, o Templo de Salom\u00e3o e a Marcha para Jesus correspondem a mais de 10 milh\u00f5es de visitantes. A Marcha foi inclu\u00edda no Guinness Book como uma das maiores do mundo. No Rio, anualmente, cerca de 2,5 milh\u00f5es de visitantes conhecem o monumento, de acordo com dados da administra\u00e7\u00e3o.<\/p>\n<p><strong>O Guia com imagens do Cristo<\/strong><\/p>\n<p>Uma das est\u00e1tuas mais imponentes \u00e9 o Cristo de Sert\u00e3ozinho, localizado no Morro do Vanzela, uma antiga pedreira na entrada da cidade. Com impressionantes 57 metros de altura, somado ao pedestal, \u00e9 um dos maiores monumentos do Cristo do pa\u00eds.<\/p>\n<p>Em Gar\u00e7a, o monumento com aproximadamente 20 metros de altura leva a assinatura do artista pl\u00e1stico Ad\u00e9lio Sarro. A est\u00e1tua foi uma doa\u00e7\u00e3o da Fam\u00edlia de Ant\u00f4nio Marang\u00e3o para o munic\u00edpio.<\/p>\n<p>Outra est\u00e1tua que integra a lista \u00e9 a de Peru\u00edbe, com seus mais de 20 metros de altura, que est\u00e1 instalada em um morro \u00e0s margens da Rodovia Anhanguera. Lugar excelente para observa\u00e7\u00e3o de p\u00e1ssaros, passeios com a fam\u00edlia, caminhada e contempla\u00e7\u00e3o do c\u00e9u noturno, al\u00e9m do melhor p\u00f4r do sol da cidade.<\/p>\n<p><strong>O mapa completo est\u00e1 dispon\u00edvel no site da Setur-SP \u2013 clique aqui.<\/strong><\/p>\n<p><strong>Mais conectividade a\u00e9rea<\/strong><\/p>\n<p>A escolha de S\u00e3o Jos\u00e9 dos Campos para o lan\u00e7amento da publica\u00e7\u00e3o \u00e9 uma a\u00e7\u00e3o cujo objetivo \u00e9 promover o turismo da f\u00e9 e a rec\u00e9m-lan\u00e7ada rota de voo comercial que liga o Rio de Janeiro a S\u00e3o Paulo, por meio dos aeroportos Prof. Urbano Stumpf, de S\u00e3o Jos\u00e9 dos Campos (SP), no Vale do Para\u00edba, e Gale\u00e3o, no Rio de Janeiro.<\/p>\n<p>Segundo balan\u00e7o divulgado pela concession\u00e1ria, neste primeiro m\u00eas, 3.100 passageiros foram transportados e a ponte a\u00e9rea tamb\u00e9m registrou uma m\u00e9dia de 70% de ocupa\u00e7\u00e3o.<\/p>\n<p>A retomada dos voos pelo aeroporto \u00e9, al\u00e9m de estrat\u00e9gica para o desenvolvimento regional, uma contrapartida \u00e0 redu\u00e7\u00e3o do ICMS sobre o combust\u00edvel de aeronaves, assinada pelo Governo de S\u00e3o Paulo. A medida representa tamb\u00e9m um avan\u00e7o na conectividade a\u00e9rea e refor\u00e7a o fluxo tur\u00edstico religioso.<\/p>\n<p>Siga o canal \u201cGoverno de S\u00e3o Paulo\u201d no WhatsApp:<br \/>https:\/\/bit.ly\/govspnozap<\/p>\n<\/p><\/div>\n","protected":false},"excerpt":{"rendered":"<p>&#13; &#13; &#13; &#13; &#13; Material foi produzido ap\u00f3s levantamento feito em 2023 que identificou 66 est\u00e1tuas nos munic\u00edpios paulistas<\/p>\n","protected":false},"author":1,"featured_media":0,"comment_status":"open","ping_status":"open","sticky":false,"template":"","format":"standard","meta":{"colormag_page_container_layout":"default_layout","colormag_page_sidebar_layout":"default_layout","footnotes":""},"categories":[1],"tags":[],"class_list":["post-24747","post","type-post","status-publish","format-standard","hentry","category-ejornais"],"aioseo_notices":[],"amp_enabled":true,"_links":{"self":[{"href":"https:\/\/ejornais.com.br\/index.php\/wp-json\/wp\/v2\/posts\/24747","targetHints":{"allow":["GET"]}}],"collection":[{"href":"https:\/\/ejornais.com.br\/index.php\/wp-json\/wp\/v2\/posts"}],"about":[{"href":"https:\/\/ejornais.com.br\/index.php\/wp-json\/wp\/v2\/types\/post"}],"author":[{"embeddable":true,"href":"https:\/\/ejornais.com.br\/index.php\/wp-json\/wp\/v2\/users\/1"}],"replies":[{"embeddable":true,"href":"https:\/\/ejornais.com.br\/index.php\/wp-json\/wp\/v2\/comments?post=24747"}],"version-history":[{"count":0,"href":"https:\/\/ejornais.com.br\/index.php\/wp-json\/wp\/v2\/posts\/24747\/revisions"}],"wp:attachment":[{"href":"https:\/\/ejornais.com.br\/index.php\/wp-json\/wp\/v2\/media?parent=24747"}],"wp:term":[{"taxonomy":"category","embeddable":true,"href":"https:\/\/ejornais.com.br\/index.php\/wp-json\/wp\/v2\/categories?post=24747"},{"taxonomy":"post_tag","embeddable":true,"href":"https:\/\/ejornais.com.br\/index.php\/wp-json\/wp\/v2\/tags?post=24747"}],"curies":[{"name":"wp","href":"https:\/\/api.w.org\/{rel}","templated":true}]}}