{"id":24794,"date":"2024-05-08T21:57:49","date_gmt":"2024-05-09T00:57:49","guid":{"rendered":"https:\/\/ejornais.com.br\/index.php\/2024\/05\/08\/prefeitura-divulga-lista-de-inscritos-para-o-cadastro-reserva-de-trabalhadores-no-primt-cgnoticias\/"},"modified":"2024-05-08T21:57:49","modified_gmt":"2024-05-09T00:57:49","slug":"prefeitura-divulga-lista-de-inscritos-para-o-cadastro-reserva-de-trabalhadores-no-primt-cgnoticias","status":"publish","type":"post","link":"https:\/\/ejornais.com.br\/index.php\/2024\/05\/08\/prefeitura-divulga-lista-de-inscritos-para-o-cadastro-reserva-de-trabalhadores-no-primt-cgnoticias\/","title":{"rendered":"Prefeitura divulga lista de inscritos para o cadastro reserva de trabalhadores no Primt \u2013 CGNot\u00edcias"},"content":{"rendered":"<p><\/p>\n<div>\n<p>A Prefeitura de Campo Grande, por meio da Funsat (Funda\u00e7\u00e3o Social do Trabalho), divulga a lista dos inscritos para o cadastro reserva de trabalhadores desempregados no Primt, dos interessados em prestar servi\u00e7os na Administra\u00e7\u00e3o Municipal, bem como estabelece o prazo de 02 (dois) dias \u00fateis, contados da data de publica\u00e7\u00e3o do Edital Funsat n. 02\/2024-02, para entrar com recursos.<\/p>\n<p>Confira todos os nomes no Diogrande desta quarta-feira (8) por meio seguinte link: https:\/\/diogrande.campogrande.ms.gov.br\/download_edicao\/eyJjb2RpZ29kaWEiOiI5MjIxIn0%3D.pdf.<\/p>\n<p>\u00a0<\/p>\n<p><em>#pratodosverem A imagem de capa mostra a fachada da Prefeitura.\u00a0<\/em><\/p>\n<\/div>\n<p><script async defer async defer src=\"https:\/\/connect.facebook.net\/en_US\/sdk.js?ver=1#xfbml=1&#038;version=v3.2\" id='prefeitura-campogrande-script-facebook-sdk-js'><\/script><\/p>\n","protected":false},"excerpt":{"rendered":"<p>A Prefeitura de Campo Grande, por meio da Funsat (Funda\u00e7\u00e3o Social do Trabalho), divulga a lista dos inscritos para o<\/p>\n","protected":false},"author":1,"featured_media":0,"comment_status":"open","ping_status":"open","sticky":false,"template":"","format":"standard","meta":{"colormag_page_container_layout":"default_layout","colormag_page_sidebar_layout":"default_layout","footnotes":""},"categories":[],"tags":[],"class_list":["post-24794","post","type-post","status-publish","format-standard","hentry"],"aioseo_notices":[],"amp_enabled":true,"_links":{"self":[{"href":"https:\/\/ejornais.com.br\/index.php\/wp-json\/wp\/v2\/posts\/24794","targetHints":{"allow":["GET"]}}],"collection":[{"href":"https:\/\/ejornais.com.br\/index.php\/wp-json\/wp\/v2\/posts"}],"about":[{"href":"https:\/\/ejornais.com.br\/index.php\/wp-json\/wp\/v2\/types\/post"}],"author":[{"embeddable":true,"href":"https:\/\/ejornais.com.br\/index.php\/wp-json\/wp\/v2\/users\/1"}],"replies":[{"embeddable":true,"href":"https:\/\/ejornais.com.br\/index.php\/wp-json\/wp\/v2\/comments?post=24794"}],"version-history":[{"count":0,"href":"https:\/\/ejornais.com.br\/index.php\/wp-json\/wp\/v2\/posts\/24794\/revisions"}],"wp:attachment":[{"href":"https:\/\/ejornais.com.br\/index.php\/wp-json\/wp\/v2\/media?parent=24794"}],"wp:term":[{"taxonomy":"category","embeddable":true,"href":"https:\/\/ejornais.com.br\/index.php\/wp-json\/wp\/v2\/categories?post=24794"},{"taxonomy":"post_tag","embeddable":true,"href":"https:\/\/ejornais.com.br\/index.php\/wp-json\/wp\/v2\/tags?post=24794"}],"curies":[{"name":"wp","href":"https:\/\/api.w.org\/{rel}","templated":true}]}}