{"id":24882,"date":"2024-05-10T15:53:24","date_gmt":"2024-05-10T18:53:24","guid":{"rendered":"https:\/\/ejornais.com.br\/index.php\/2024\/05\/10\/sp-faz-maior-nomeacao-da-historia-da-policia-civil-com-mais-de-4-mil-policiais\/"},"modified":"2024-05-10T15:53:24","modified_gmt":"2024-05-10T18:53:24","slug":"sp-faz-maior-nomeacao-da-historia-da-policia-civil-com-mais-de-4-mil-policiais","status":"publish","type":"post","link":"https:\/\/ejornais.com.br\/index.php\/2024\/05\/10\/sp-faz-maior-nomeacao-da-historia-da-policia-civil-com-mais-de-4-mil-policiais\/","title":{"rendered":"SP faz maior nomea\u00e7\u00e3o da hist\u00f3ria da Pol\u00edcia Civil com mais de 4 mil policiais"},"content":{"rendered":"<p><img decoding=\"async\" src=\"https:\/\/www.saopaulo.sp.gov.br\/wp-content\/uploads\/2024\/05\/53710812187_a8ea409cf6_k.jpg\" \/><\/p>\n<div id=\"\">&#13;<\/p>\n<figure id=\"attachment_5882358\" style=\"width: 100%;max-width: 2048px\" class=\"wp-caption alignnone caption-hide\"><\/figure>\n<p>O Governo de SP avan\u00e7a no compromisso de recompor o efetivo da Pol\u00edcia Civil no Estado, valorizar a institui\u00e7\u00e3o, promover a seguran\u00e7a e combater o crime em S\u00e3o Paulo. Nesta sexta-feira (10), o governador Tarc\u00edsio de Freitas empossou 4.017 novos policiais civis aprovados em concursos p\u00fablicos para diferentes carreiras, na maior nomea\u00e7\u00e3o da hist\u00f3ria da corpora\u00e7\u00e3o.<\/p>\n<p>\u201cN\u00f3s teremos sucesso no restabelecimento da seguran\u00e7a caminhando em cima de alguns pilares. A valoriza\u00e7\u00e3o das carreiras, e no ano passado n\u00f3s conseguimos dar um primeiro aumento para os nossos policiais e estamos trabalhando para melhorar o plano de carreira. Segundo, a recomposi\u00e7\u00e3o do efetivo, e \u00e9 por isso que a gente est\u00e1 celebrando hoje o maior ingresso na corpora\u00e7\u00e3o de todos os tempos\u201d, afirmou o governador.<\/p>\n<p>\u201cE n\u00e3o vai parar por a\u00ed, pois temos outro concurso em andamento e a gente est\u00e1 falando em esse ano incorporar na pol\u00edcia civil 7. 500 policiais. E o terceiro \u00e9 o investimento pesado em tecnologia, e n\u00f3s vamos buscar o que existe de mais moderno para melhorar o tempo de resposta da investiga\u00e7\u00e3o, combater o crime e proteger a popula\u00e7\u00e3o\u201d, acrescentou.<\/p>\n<figure id=\"attachment_5882362\" style=\"width: 100%;max-width: 2048px\" class=\"wp-caption alignnone caption-hide\"><\/figure>\n<p>A cerim\u00f4nia de posse dos novos policiais aconteceu no Gin\u00e1sio Poliesportivo do Ibirapuera \u2013 \u201cMauro Pinheiro\u201d e contou com a presen\u00e7a do secret\u00e1rio da Seguran\u00e7a P\u00fablica, Guilherme Derrite, do secret\u00e1rio da Casa Civil, Arthur Lima, parlamentares federais, estaduais, delegados-gerais e demais autoridades ligadas \u00e0s For\u00e7as de Seguran\u00e7a do Estado, al\u00e9m de familiares dos empossados e membros da sociedade civil.<\/p>\n<p>Ao todo, foram convocados para a posse 2.208 escriv\u00e3es, 1.260 investigadores, 353 delegados e 196 m\u00e9dicos-legistas, aprovados em concurso em 2022. Para avan\u00e7ar na retomada do quadro deficit\u00e1rio de policiais na institui\u00e7\u00e3o nos \u00faltimos anos, o atual governo convocou mais 1.080 remanescentes aprovados, 37% a mais que o previsto em edital, totalizando os 4.017 novos agentes.<\/p>\n<p>\u201cA seguran\u00e7a p\u00fablica \u00e9 em S\u00e3o Paulo e no Brasil a principal demanda da popula\u00e7\u00e3o. Uma pol\u00edtica que se faz necess\u00e1rio entregas de resultados cada vez melhores. E o nosso primeiro ano de gest\u00e3o \u00e9 marcado por entregas. Tivemos a maior redu\u00e7\u00e3o de homic\u00eddios da hist\u00f3ria, a maior apreens\u00e3o de drogas, o maior n\u00famero de pris\u00f5es. Imagina o que vamos entregar para a sociedade com esses valorosos homens e mulheres que est\u00e3o tomando posse hoje\u201d, afirmou o secret\u00e1rio Guilherme Derrite.<\/p>\n<p>A nomea\u00e7\u00e3o dos aprovados foi publicada no \u00faltimo dia 3 de maio no Di\u00e1rio Oficial do Estado. Todos os nomeados passar\u00e3o por uma etapa de forma\u00e7\u00e3o da Academia de Pol\u00edcia Civil (Acadepol) de uma semana. Depois ser\u00e3o divididos e designados para as Unidades de Ensino Policial (UEPs) na Grande S\u00e3o Paulo e no interior, at\u00e9 a formatura, quando refor\u00e7ar\u00e3o o efetivo das delegacias de todas as regi\u00f5es do Estado.<\/p>\n<figure id=\"attachment_5882363\" style=\"width: 100%;max-width: 2048px\" class=\"wp-caption alignnone caption-hide\"><\/figure>\n<p>Os cursos de escriv\u00e3o, investigador e m\u00e9dico legista ter\u00e3o dura\u00e7\u00e3o m\u00e9dia de tr\u00eas meses. J\u00e1 os futuros delegados passar\u00e3o por cinco meses e meio de aulas. Durante o per\u00edodo os alunos passam por um est\u00e1gio nas unidades policiais. O est\u00e1gio probat\u00f3rio de aptid\u00e3o ao cargo dura tr\u00eas anos.<\/p>\n<p>Esta tamb\u00e9m \u00e9 a primeira turma de delegados e m\u00e9dicos legistas que receber\u00e3o o t\u00edtulo de especialistas nas \u00e1reas de direitos humanos e medicina legal, respectivamente. Antes, o curso de forma\u00e7\u00e3o para essas \u00e1reas era t\u00e9cnico-profissional, que segue para as carreiras de escriv\u00e3es e investigadores.<\/p>\n<p><strong>Mais de 7 mil novos policiais<\/strong><\/p>\n<p>Al\u00e9m dos mais de 4 mil novos policiais convocados, a atual gest\u00e3o lan\u00e7ou editais para preencher 3,5 mil vagas para a Pol\u00edcia Civil e T\u00e9cnico-Cient\u00edfica. Os concursos seguem em andamento com vagas para carreiras de delegado, investigadores, escriv\u00e3es, al\u00e9m de m\u00e9dicos-legistas e peritos criminais.<\/p>\n<p>Com mais essa iniciativa a atual gest\u00e3o garante 7,5 mil novos policiais refor\u00e7ando o atual quadro de profissionais no estado de S\u00e3o Paulo, o que representa um aumento de cerca de 30% no efetivo da corpora\u00e7\u00e3o. A medida reduz mais que a metade o d\u00e9ficit da institui\u00e7\u00e3o acumulado em anos anteriores.<\/p>\n<p><strong>Perda da posse<\/strong><\/p>\n<p>Os aprovados que n\u00e3o conseguiram comparecer ao evento poder\u00e3o solicitar a prorroga\u00e7\u00e3o da posse pelos pr\u00f3ximos 15 dias, prazo estipulado por lei. O pedido ser\u00e1 avaliado pela institui\u00e7\u00e3o. Ap\u00f3s o per\u00edodo, os nomeados ser\u00e3o considerados desistentes e ter\u00e3o suas nomea\u00e7\u00f5es canceladas.<\/p>\n<\/p><\/div>\n","protected":false},"excerpt":{"rendered":"<p>&#13; O Governo de SP avan\u00e7a no compromisso de recompor o efetivo da Pol\u00edcia Civil no Estado, valorizar a institui\u00e7\u00e3o,<\/p>\n","protected":false},"author":1,"featured_media":0,"comment_status":"","ping_status":"","sticky":false,"template":"","format":"standard","meta":{"colormag_page_container_layout":"default_layout","colormag_page_sidebar_layout":"default_layout","footnotes":""},"categories":[1],"tags":[],"class_list":["post-24882","post","type-post","status-publish","format-standard","hentry","category-ejornais"],"aioseo_notices":[],"aioseo_head":"\n\t\t<!-- All in One SEO 5.0.1.1 - aioseo.com -->\n\t<meta name=\"description\" content=\"O Governo de SP avan\u00e7a no compromisso de recompor o efetivo da Pol\u00edcia Civil no Estado, valorizar a institui\u00e7\u00e3o, promover a seguran\u00e7a e combater o crime em S\u00e3o Paulo. Nesta sexta-feira (10), o governador Tarc\u00edsio de Freitas empossou 4.017 novos policiais civis aprovados em concursos p\u00fablicos para diferentes carreiras, na maior nomea\u00e7\u00e3o da hist\u00f3ria\" \/>\n\t<meta name=\"robots\" content=\"max-image-preview:large\" \/>\n\t<link rel=\"canonical\" href=\"https:\/\/ejornais.com.br\/index.php\/2024\/05\/10\/sp-faz-maior-nomeacao-da-historia-da-policia-civil-com-mais-de-4-mil-policiais\/\" \/>\n\t<meta name=\"generator\" content=\"All in One SEO (AIOSEO) 5.0.1.1\" \/>\n\t\t<meta property=\"og:locale\" content=\"pt_BR\" \/>\n\t\t<meta property=\"og:site_name\" content=\"eJornais - Cat\u00e1logo de Jornais no mundo, Not\u00edcias, Blog e Esportes ao vivo\" \/>\n\t\t<meta property=\"og:type\" content=\"article\" \/>\n\t\t<meta property=\"og:title\" content=\"SP faz maior nomea\u00e7\u00e3o da hist\u00f3ria da Pol\u00edcia Civil com mais de 4 mil policiais - eJornais\" \/>\n\t\t<meta property=\"og:description\" content=\"O Governo de SP avan\u00e7a no compromisso de recompor o efetivo da Pol\u00edcia Civil no Estado, valorizar a institui\u00e7\u00e3o, promover a seguran\u00e7a e combater o crime em S\u00e3o Paulo. Nesta sexta-feira (10), o governador Tarc\u00edsio de Freitas empossou 4.017 novos policiais civis aprovados em concursos p\u00fablicos para diferentes carreiras, na maior nomea\u00e7\u00e3o da hist\u00f3ria\" \/>\n\t\t<meta property=\"og:url\" content=\"https:\/\/ejornais.com.br\/index.php\/2024\/05\/10\/sp-faz-maior-nomeacao-da-historia-da-policia-civil-com-mais-de-4-mil-policiais\/\" \/>\n\t\t<meta property=\"article:published_time\" content=\"2024-05-10T18:53:24+00:00\" \/>\n\t\t<meta property=\"article:modified_time\" content=\"2024-05-10T18:53:24+00:00\" \/>\n\t\t<meta name=\"twitter:card\" content=\"summary_large_image\" \/>\n\t\t<meta name=\"twitter:title\" content=\"SP faz maior nomea\u00e7\u00e3o da hist\u00f3ria da Pol\u00edcia Civil com mais de 4 mil policiais - eJornais\" \/>\n\t\t<meta name=\"twitter:description\" content=\"O Governo de SP avan\u00e7a no compromisso de recompor o efetivo da Pol\u00edcia Civil no Estado, valorizar a institui\u00e7\u00e3o, promover a seguran\u00e7a e combater o crime em S\u00e3o Paulo. Nesta sexta-feira (10), o governador Tarc\u00edsio de Freitas empossou 4.017 novos policiais civis aprovados em concursos p\u00fablicos para diferentes carreiras, na maior nomea\u00e7\u00e3o da hist\u00f3ria\" \/>\n\t\t<script type=\"application\/ld+json\" class=\"aioseo-schema\">\n\t\t\t{\"@context\":\"https:\\\/\\\/schema.org\",\"@graph\":[{\"@type\":\"BlogPosting\",\"@id\":\"https:\\\/\\\/ejornais.com.br\\\/index.php\\\/2024\\\/05\\\/10\\\/sp-faz-maior-nomeacao-da-historia-da-policia-civil-com-mais-de-4-mil-policiais\\\/#blogposting\",\"name\":\"SP faz maior nomea\\u00e7\\u00e3o da hist\\u00f3ria da Pol\\u00edcia Civil com mais de 4 mil policiais - eJornais\",\"headline\":\"SP faz maior nomea\\u00e7\\u00e3o da hist\\u00f3ria da Pol\\u00edcia Civil com mais de 4 mil policiais\",\"author\":{\"@id\":\"https:\\\/\\\/ejornais.com.br\\\/index.php\\\/author\\\/#author\"},\"publisher\":{\"@id\":\"https:\\\/\\\/ejornais.com.br\\\/#organization\"},\"image\":{\"@type\":\"ImageObject\",\"url\":\"https:\\\/\\\/www.saopaulo.sp.gov.br\\\/wp-content\\\/uploads\\\/2024\\\/05\\\/53710812187_a8ea409cf6_k.jpg\",\"@id\":\"https:\\\/\\\/ejornais.com.br\\\/index.php\\\/2024\\\/05\\\/10\\\/sp-faz-maior-nomeacao-da-historia-da-policia-civil-com-mais-de-4-mil-policiais\\\/#articleImage\"},\"datePublished\":\"2024-05-10T15:53:24-03:00\",\"dateModified\":\"2024-05-10T15:53:24-03:00\",\"inLanguage\":\"pt-BR\",\"mainEntityOfPage\":{\"@id\":\"https:\\\/\\\/ejornais.com.br\\\/index.php\\\/2024\\\/05\\\/10\\\/sp-faz-maior-nomeacao-da-historia-da-policia-civil-com-mais-de-4-mil-policiais\\\/#webpage\"},\"isPartOf\":{\"@id\":\"https:\\\/\\\/ejornais.com.br\\\/index.php\\\/2024\\\/05\\\/10\\\/sp-faz-maior-nomeacao-da-historia-da-policia-civil-com-mais-de-4-mil-policiais\\\/#webpage\"},\"articleSection\":\"Cat\\u00e1logo de Jornais\"},{\"@type\":\"BreadcrumbList\",\"@id\":\"https:\\\/\\\/ejornais.com.br\\\/index.php\\\/2024\\\/05\\\/10\\\/sp-faz-maior-nomeacao-da-historia-da-policia-civil-com-mais-de-4-mil-policiais\\\/#breadcrumblist\",\"itemListElement\":[{\"@type\":\"ListItem\",\"@id\":\"https:\\\/\\\/ejornais.com.br#listItem\",\"position\":1,\"name\":\"In\\u00edcio\",\"item\":\"https:\\\/\\\/ejornais.com.br\",\"nextItem\":{\"@type\":\"ListItem\",\"@id\":\"https:\\\/\\\/ejornais.com.br\\\/index.php\\\/category\\\/ejornais\\\/#listItem\",\"name\":\"Cat\\u00e1logo de Jornais\"}},{\"@type\":\"ListItem\",\"@id\":\"https:\\\/\\\/ejornais.com.br\\\/index.php\\\/category\\\/ejornais\\\/#listItem\",\"position\":2,\"name\":\"Cat\\u00e1logo de Jornais\",\"item\":\"https:\\\/\\\/ejornais.com.br\\\/index.php\\\/category\\\/ejornais\\\/\",\"nextItem\":{\"@type\":\"ListItem\",\"@id\":\"https:\\\/\\\/ejornais.com.br\\\/index.php\\\/2024\\\/05\\\/10\\\/sp-faz-maior-nomeacao-da-historia-da-policia-civil-com-mais-de-4-mil-policiais\\\/#listItem\",\"name\":\"SP faz maior nomea\\u00e7\\u00e3o da hist\\u00f3ria da Pol\\u00edcia Civil com mais de 4 mil policiais\"},\"previousItem\":{\"@type\":\"ListItem\",\"@id\":\"https:\\\/\\\/ejornais.com.br#listItem\",\"name\":\"In\\u00edcio\"}},{\"@type\":\"ListItem\",\"@id\":\"https:\\\/\\\/ejornais.com.br\\\/index.php\\\/2024\\\/05\\\/10\\\/sp-faz-maior-nomeacao-da-historia-da-policia-civil-com-mais-de-4-mil-policiais\\\/#listItem\",\"position\":3,\"name\":\"SP faz maior nomea\\u00e7\\u00e3o da hist\\u00f3ria da Pol\\u00edcia Civil com mais de 4 mil policiais\",\"previousItem\":{\"@type\":\"ListItem\",\"@id\":\"https:\\\/\\\/ejornais.com.br\\\/index.php\\\/category\\\/ejornais\\\/#listItem\",\"name\":\"Cat\\u00e1logo de Jornais\"}}]},{\"@type\":\"Organization\",\"@id\":\"https:\\\/\\\/ejornais.com.br\\\/#organization\",\"name\":\"eJornais\",\"description\":\"Cat\\u00e1logo de Jornais no mundo, Not\\u00edcias, Blog e Esportes ao vivo\",\"url\":\"https:\\\/\\\/ejornais.com.br\\\/\"},{\"@type\":\"Person\",\"@id\":\"https:\\\/\\\/ejornais.com.br\\\/index.php\\\/author\\\/#author\",\"url\":\"https:\\\/\\\/ejornais.com.br\\\/index.php\\\/author\\\/\"},{\"@type\":\"WebPage\",\"@id\":\"https:\\\/\\\/ejornais.com.br\\\/index.php\\\/2024\\\/05\\\/10\\\/sp-faz-maior-nomeacao-da-historia-da-policia-civil-com-mais-de-4-mil-policiais\\\/#webpage\",\"url\":\"https:\\\/\\\/ejornais.com.br\\\/index.php\\\/2024\\\/05\\\/10\\\/sp-faz-maior-nomeacao-da-historia-da-policia-civil-com-mais-de-4-mil-policiais\\\/\",\"name\":\"SP faz maior nomea\\u00e7\\u00e3o da hist\\u00f3ria da Pol\\u00edcia Civil com mais de 4 mil policiais - eJornais\",\"description\":\"O Governo de SP avan\\u00e7a no compromisso de recompor o efetivo da Pol\\u00edcia Civil no Estado, valorizar a institui\\u00e7\\u00e3o, promover a seguran\\u00e7a e combater o crime em S\\u00e3o Paulo. Nesta sexta-feira (10), o governador Tarc\\u00edsio de Freitas empossou 4.017 novos policiais civis aprovados em concursos p\\u00fablicos para diferentes carreiras, na maior nomea\\u00e7\\u00e3o da hist\\u00f3ria\",\"inLanguage\":\"pt-BR\",\"isPartOf\":{\"@id\":\"https:\\\/\\\/ejornais.com.br\\\/#website\"},\"breadcrumb\":{\"@id\":\"https:\\\/\\\/ejornais.com.br\\\/index.php\\\/2024\\\/05\\\/10\\\/sp-faz-maior-nomeacao-da-historia-da-policia-civil-com-mais-de-4-mil-policiais\\\/#breadcrumblist\"},\"author\":{\"@id\":\"https:\\\/\\\/ejornais.com.br\\\/index.php\\\/author\\\/#author\"},\"creator\":{\"@id\":\"https:\\\/\\\/ejornais.com.br\\\/index.php\\\/author\\\/#author\"},\"datePublished\":\"2024-05-10T15:53:24-03:00\",\"dateModified\":\"2024-05-10T15:53:24-03:00\"},{\"@type\":\"WebSite\",\"@id\":\"https:\\\/\\\/ejornais.com.br\\\/#website\",\"url\":\"https:\\\/\\\/ejornais.com.br\\\/\",\"name\":\"eJornais\",\"description\":\"Cat\\u00e1logo de Jornais no mundo, Not\\u00edcias, Blog e Esportes ao vivo\",\"inLanguage\":\"pt-BR\",\"publisher\":{\"@id\":\"https:\\\/\\\/ejornais.com.br\\\/#organization\"}}]}\n\t\t<\/script>\n\t\t<!-- All in One SEO -->\n\n","aioseo_head_json":{"title":"SP faz maior nomea\u00e7\u00e3o da hist\u00f3ria da Pol\u00edcia Civil com mais de 4 mil policiais - eJornais","description":"O Governo de SP avan\u00e7a no compromisso de recompor o efetivo da Pol\u00edcia Civil no Estado, valorizar a institui\u00e7\u00e3o, promover a seguran\u00e7a e combater o crime em S\u00e3o Paulo. Nesta sexta-feira (10), o governador Tarc\u00edsio de Freitas empossou 4.017 novos policiais civis aprovados em concursos p\u00fablicos para diferentes carreiras, na maior nomea\u00e7\u00e3o da hist\u00f3ria","canonical_url":"https:\/\/ejornais.com.br\/index.php\/2024\/05\/10\/sp-faz-maior-nomeacao-da-historia-da-policia-civil-com-mais-de-4-mil-policiais\/","robots":"max-image-preview:large","keywords":"","webmasterTools":{"miscellaneous":""},"schema":{"@context":"https:\/\/schema.org","@graph":[{"@type":"BlogPosting","@id":"https:\/\/ejornais.com.br\/index.php\/2024\/05\/10\/sp-faz-maior-nomeacao-da-historia-da-policia-civil-com-mais-de-4-mil-policiais\/#blogposting","name":"SP faz maior nomea\u00e7\u00e3o da hist\u00f3ria da Pol\u00edcia Civil com mais de 4 mil policiais - eJornais","headline":"SP faz maior nomea\u00e7\u00e3o da hist\u00f3ria da Pol\u00edcia Civil com mais de 4 mil policiais","author":{"@id":"https:\/\/ejornais.com.br\/index.php\/author\/#author"},"publisher":{"@id":"https:\/\/ejornais.com.br\/#organization"},"image":{"@type":"ImageObject","url":"https:\/\/www.saopaulo.sp.gov.br\/wp-content\/uploads\/2024\/05\/53710812187_a8ea409cf6_k.jpg","@id":"https:\/\/ejornais.com.br\/index.php\/2024\/05\/10\/sp-faz-maior-nomeacao-da-historia-da-policia-civil-com-mais-de-4-mil-policiais\/#articleImage"},"datePublished":"2024-05-10T15:53:24-03:00","dateModified":"2024-05-10T15:53:24-03:00","inLanguage":"pt-BR","mainEntityOfPage":{"@id":"https:\/\/ejornais.com.br\/index.php\/2024\/05\/10\/sp-faz-maior-nomeacao-da-historia-da-policia-civil-com-mais-de-4-mil-policiais\/#webpage"},"isPartOf":{"@id":"https:\/\/ejornais.com.br\/index.php\/2024\/05\/10\/sp-faz-maior-nomeacao-da-historia-da-policia-civil-com-mais-de-4-mil-policiais\/#webpage"},"articleSection":"Cat\u00e1logo de Jornais"},{"@type":"BreadcrumbList","@id":"https:\/\/ejornais.com.br\/index.php\/2024\/05\/10\/sp-faz-maior-nomeacao-da-historia-da-policia-civil-com-mais-de-4-mil-policiais\/#breadcrumblist","itemListElement":[{"@type":"ListItem","@id":"https:\/\/ejornais.com.br#listItem","position":1,"name":"In\u00edcio","item":"https:\/\/ejornais.com.br","nextItem":{"@type":"ListItem","@id":"https:\/\/ejornais.com.br\/index.php\/category\/ejornais\/#listItem","name":"Cat\u00e1logo de Jornais"}},{"@type":"ListItem","@id":"https:\/\/ejornais.com.br\/index.php\/category\/ejornais\/#listItem","position":2,"name":"Cat\u00e1logo de Jornais","item":"https:\/\/ejornais.com.br\/index.php\/category\/ejornais\/","nextItem":{"@type":"ListItem","@id":"https:\/\/ejornais.com.br\/index.php\/2024\/05\/10\/sp-faz-maior-nomeacao-da-historia-da-policia-civil-com-mais-de-4-mil-policiais\/#listItem","name":"SP faz maior nomea\u00e7\u00e3o da hist\u00f3ria da Pol\u00edcia Civil com mais de 4 mil policiais"},"previousItem":{"@type":"ListItem","@id":"https:\/\/ejornais.com.br#listItem","name":"In\u00edcio"}},{"@type":"ListItem","@id":"https:\/\/ejornais.com.br\/index.php\/2024\/05\/10\/sp-faz-maior-nomeacao-da-historia-da-policia-civil-com-mais-de-4-mil-policiais\/#listItem","position":3,"name":"SP faz maior nomea\u00e7\u00e3o da hist\u00f3ria da Pol\u00edcia Civil com mais de 4 mil policiais","previousItem":{"@type":"ListItem","@id":"https:\/\/ejornais.com.br\/index.php\/category\/ejornais\/#listItem","name":"Cat\u00e1logo de Jornais"}}]},{"@type":"Organization","@id":"https:\/\/ejornais.com.br\/#organization","name":"eJornais","description":"Cat\u00e1logo de Jornais no mundo, Not\u00edcias, Blog e Esportes ao vivo","url":"https:\/\/ejornais.com.br\/"},{"@type":"Person","@id":"https:\/\/ejornais.com.br\/index.php\/author\/#author","url":"https:\/\/ejornais.com.br\/index.php\/author\/"},{"@type":"WebPage","@id":"https:\/\/ejornais.com.br\/index.php\/2024\/05\/10\/sp-faz-maior-nomeacao-da-historia-da-policia-civil-com-mais-de-4-mil-policiais\/#webpage","url":"https:\/\/ejornais.com.br\/index.php\/2024\/05\/10\/sp-faz-maior-nomeacao-da-historia-da-policia-civil-com-mais-de-4-mil-policiais\/","name":"SP faz maior nomea\u00e7\u00e3o da hist\u00f3ria da Pol\u00edcia Civil com mais de 4 mil policiais - eJornais","description":"O Governo de SP avan\u00e7a no compromisso de recompor o efetivo da Pol\u00edcia Civil no Estado, valorizar a institui\u00e7\u00e3o, promover a seguran\u00e7a e combater o crime em S\u00e3o Paulo. Nesta sexta-feira (10), o governador Tarc\u00edsio de Freitas empossou 4.017 novos policiais civis aprovados em concursos p\u00fablicos para diferentes carreiras, na maior nomea\u00e7\u00e3o da hist\u00f3ria","inLanguage":"pt-BR","isPartOf":{"@id":"https:\/\/ejornais.com.br\/#website"},"breadcrumb":{"@id":"https:\/\/ejornais.com.br\/index.php\/2024\/05\/10\/sp-faz-maior-nomeacao-da-historia-da-policia-civil-com-mais-de-4-mil-policiais\/#breadcrumblist"},"author":{"@id":"https:\/\/ejornais.com.br\/index.php\/author\/#author"},"creator":{"@id":"https:\/\/ejornais.com.br\/index.php\/author\/#author"},"datePublished":"2024-05-10T15:53:24-03:00","dateModified":"2024-05-10T15:53:24-03:00"},{"@type":"WebSite","@id":"https:\/\/ejornais.com.br\/#website","url":"https:\/\/ejornais.com.br\/","name":"eJornais","description":"Cat\u00e1logo de Jornais no mundo, Not\u00edcias, Blog e Esportes ao vivo","inLanguage":"pt-BR","publisher":{"@id":"https:\/\/ejornais.com.br\/#organization"}}]},"og:locale":"pt_BR","og:site_name":"eJornais - Cat\u00e1logo de Jornais no mundo, Not\u00edcias, Blog e Esportes ao vivo","og:type":"article","og:title":"SP faz maior nomea\u00e7\u00e3o da hist\u00f3ria da Pol\u00edcia Civil com mais de 4 mil policiais - eJornais","og:description":"O Governo de SP avan\u00e7a no compromisso de recompor o efetivo da Pol\u00edcia Civil no Estado, valorizar a institui\u00e7\u00e3o, promover a seguran\u00e7a e combater o crime em S\u00e3o Paulo. Nesta sexta-feira (10), o governador Tarc\u00edsio de Freitas empossou 4.017 novos policiais civis aprovados em concursos p\u00fablicos para diferentes carreiras, na maior nomea\u00e7\u00e3o da hist\u00f3ria","og:url":"https:\/\/ejornais.com.br\/index.php\/2024\/05\/10\/sp-faz-maior-nomeacao-da-historia-da-policia-civil-com-mais-de-4-mil-policiais\/","article:published_time":"2024-05-10T18:53:24+00:00","article:modified_time":"2024-05-10T18:53:24+00:00","twitter:card":"summary_large_image","twitter:title":"SP faz maior nomea\u00e7\u00e3o da hist\u00f3ria da Pol\u00edcia Civil com mais de 4 mil policiais - eJornais","twitter:description":"O Governo de SP avan\u00e7a no compromisso de recompor o efetivo da Pol\u00edcia Civil no Estado, valorizar a institui\u00e7\u00e3o, promover a seguran\u00e7a e combater o crime em S\u00e3o Paulo. Nesta sexta-feira (10), o governador Tarc\u00edsio de Freitas empossou 4.017 novos policiais civis aprovados em concursos p\u00fablicos para diferentes carreiras, na maior nomea\u00e7\u00e3o da hist\u00f3ria"},"aioseo_meta_data":{"post_id":"24882","title":null,"description":null,"keywords":null,"keyphrases":null,"primary_term":null,"canonical_url":null,"og_title":null,"og_description":null,"og_object_type":"default","og_image_type":"default","og_image_url":null,"og_image_width":null,"og_image_height":null,"og_image_custom_url":null,"og_image_custom_fields":null,"og_video":null,"og_custom_url":null,"og_article_section":null,"og_article_tags":null,"twitter_use_og":false,"twitter_card":"default","twitter_image_type":"default","twitter_image_url":null,"twitter_image_custom_url":null,"twitter_image_custom_fields":null,"twitter_title":null,"twitter_description":null,"schema":{"blockGraphs":[],"customGraphs":[],"default":{"data":{"Article":[],"Course":[],"Dataset":[],"FAQPage":[],"Movie":[],"Person":[],"Product":[],"ProductReview":[],"Car":[],"Recipe":[],"Service":[],"SoftwareApplication":[],"WebPage":[]},"graphName":"","isEnabled":true},"graphs":[]},"schema_type":"default","schema_type_options":null,"pillar_content":false,"robots_default":true,"robots_noindex":false,"robots_noarchive":false,"robots_nosnippet":false,"robots_nofollow":false,"robots_noimageindex":false,"robots_noodp":false,"robots_notranslate":false,"robots_max_snippet":null,"robots_max_videopreview":null,"robots_max_imagepreview":"large","priority":null,"frequency":null,"local_seo":null,"breadcrumb_settings":null,"limit_modified_date":false,"ai":null,"created":"2024-05-10 18:54:58","updated":"2025-06-05 12:03:36","seo_analyzer_scan_date":null,"focus_keyword":null,"additional_keywords":null,"truseo_locale":null},"aioseo_breadcrumb":"<div class=\"aioseo-breadcrumbs\"><span class=\"aioseo-breadcrumb\">\n\t\t\t<a href=\"https:\/\/ejornais.com.br\" title=\"In\u00edcio\">In\u00edcio<\/a>\n\t\t<\/span><span class=\"aioseo-breadcrumb-separator\">&raquo;<\/span><span class=\"aioseo-breadcrumb\">\n\t\t\t<a href=\"https:\/\/ejornais.com.br\/index.php\/category\/ejornais\/\" title=\"Cat\u00e1logo de Jornais\">Cat\u00e1logo de Jornais<\/a>\n\t\t<\/span><span class=\"aioseo-breadcrumb-separator\">&raquo;<\/span><span class=\"aioseo-breadcrumb\">\n\t\t\tSP faz maior nomea\u00e7\u00e3o da hist\u00f3ria da Pol\u00edcia Civil com mais de 4 mil policiais\n\t\t<\/span><\/div>","aioseo_breadcrumb_json":[{"label":"In\u00edcio","link":"https:\/\/ejornais.com.br"},{"label":"Cat\u00e1logo de Jornais","link":"https:\/\/ejornais.com.br\/index.php\/category\/ejornais\/"},{"label":"SP faz maior nomea\u00e7\u00e3o da hist\u00f3ria da Pol\u00edcia Civil com mais de 4 mil policiais","link":"https:\/\/ejornais.com.br\/index.php\/2024\/05\/10\/sp-faz-maior-nomeacao-da-historia-da-policia-civil-com-mais-de-4-mil-policiais\/"}],"amp_enabled":true,"_links":{"self":[{"href":"https:\/\/ejornais.com.br\/index.php\/wp-json\/wp\/v2\/posts\/24882","targetHints":{"allow":["GET"]}}],"collection":[{"href":"https:\/\/ejornais.com.br\/index.php\/wp-json\/wp\/v2\/posts"}],"about":[{"href":"https:\/\/ejornais.com.br\/index.php\/wp-json\/wp\/v2\/types\/post"}],"author":[{"embeddable":true,"href":"https:\/\/ejornais.com.br\/index.php\/wp-json\/wp\/v2\/users\/1"}],"replies":[{"embeddable":true,"href":"https:\/\/ejornais.com.br\/index.php\/wp-json\/wp\/v2\/comments?post=24882"}],"version-history":[{"count":0,"href":"https:\/\/ejornais.com.br\/index.php\/wp-json\/wp\/v2\/posts\/24882\/revisions"}],"wp:attachment":[{"href":"https:\/\/ejornais.com.br\/index.php\/wp-json\/wp\/v2\/media?parent=24882"}],"wp:term":[{"taxonomy":"category","embeddable":true,"href":"https:\/\/ejornais.com.br\/index.php\/wp-json\/wp\/v2\/categories?post=24882"},{"taxonomy":"post_tag","embeddable":true,"href":"https:\/\/ejornais.com.br\/index.php\/wp-json\/wp\/v2\/tags?post=24882"}],"curies":[{"name":"wp","href":"https:\/\/api.w.org\/{rel}","templated":true}]}}