{"id":24896,"date":"2024-05-10T20:12:53","date_gmt":"2024-05-10T23:12:53","guid":{"rendered":"https:\/\/ejornais.com.br\/index.php\/2024\/05\/10\/artesanato-tirou-mae-da-depressao-e-inspira-filha-a-presentear-professora-cgnoticias\/"},"modified":"2024-05-10T20:12:53","modified_gmt":"2024-05-10T23:12:53","slug":"artesanato-tirou-mae-da-depressao-e-inspira-filha-a-presentear-professora-cgnoticias","status":"publish","type":"post","link":"https:\/\/ejornais.com.br\/index.php\/2024\/05\/10\/artesanato-tirou-mae-da-depressao-e-inspira-filha-a-presentear-professora-cgnoticias\/","title":{"rendered":"Artesanato tirou m\u00e3e da depress\u00e3o e inspira filha a presentear professora \u2013 CGNot\u00edcias"},"content":{"rendered":"<p><\/p>\n<div>\n<p>Os motivos s\u00e3o diferentes, mas o artesanato sempre foi inspira\u00e7\u00e3o de vida e alegria na fam\u00edlia de Danyelli Pereira. Filha de artes\u00e3o, ela conta que cresceu vendo o pai trabalhar com as m\u00e3os e dar vida a materiais como os ossos de animais. \u201cEu sou filha de artes\u00e3o, cresci nesse meio e sempre gostei. Hoje fa\u00e7o como terapia, eu tive depress\u00e3o e o artesanato para mim \u00e9 uma forma de me distrair, de relaxar os pensamentos e n\u00e3o entrar em desespero\u201d, revela.<\/p>\n<p>Ela e a filha Maria Isis Pereira Lima participaram, na \u00faltima quinta-feira (9) da Oficina de Confec\u00e7\u00e3o de Mandalas Sustent\u00e1veis, que foi ministrada na Incubadora Z\u00e9 Pereira \u2013 que est\u00e1 localizada na Rua Eug\u00eanio Per\u00f3n, 676. Na tarde de quarta-feira (8) aconteceu o curso de Confec\u00e7\u00e3o de Flor de D\u00e1lia de Papel na Incubadora M\u00e1rio Covas \u2013 que est\u00e1 localizada Rua Leandro da Silva Salina, 668.<\/p>\n<\/p>\n<p>Diferentemente da m\u00e3e, Maria Isis quis aprender a atividade para poder presentear a professora no Dia das M\u00e3es. \u201cEu tenho uma professora que gosta muito deste trabalho e eu estava pensando em fazer para dar de presente. Vou chegar em casa, pegar um monte de rolinho e fazer para ela\u201d.<\/p>\n<p>Os cursos fazem parte da programa\u00e7\u00e3o de capacita\u00e7\u00f5es e forma\u00e7\u00f5es que s\u00e3o realizadas pela Prefeitura de Campo Grande. Nos \u00faltimos dois anos, cerca de 350 cursos, oficinas e palestras nas mais diversas \u00e1reas do conhecimento foram realizadas pelas secretarias municipais. A Secretaria Municipal de Inova\u00e7\u00e3o, Desenvolvimento Econ\u00f4mico e Agroneg\u00f3cio (Sidagro) tem como um dos seus focos o empreendedorismo, para que a popula\u00e7\u00e3o possa transformar sonhos em realidade.<\/p>\n<\/p>\n<p>\u201cA oficina \u00e9 preparada com muito carinho, totalmente m\u00e3o na massa, para que as mulheres possam explorar seus talentos manuais e descubram novas perspectivas para fazer uma renda extra\u201d, diz a servidora Jane Clara Arguello, que ministrou a oficina.<\/p>\n<p>Para a prefeita Adriane, as capacita\u00e7\u00f5es s\u00e3o um caminho de forma\u00e7\u00e3o profissional e gera\u00e7\u00e3o de renda nas comunidades. \u201cAo investir em capacita\u00e7\u00e3o, a Prefeitura de Campo Grande impulsiona o progresso, capacitando os cidad\u00e3os para que se tornem agentes ativos na constru\u00e7\u00e3o de um futuro mais pr\u00f3spero\u201d, afirma.<\/p>\n<p>Para mais informa\u00e7\u00f5es sobre os cursos e palestras de capacita\u00e7\u00e3o oferecidos na Sidagro, ligue para 4042-0497.<\/p>\n<p>#pratodosverem <em>A mat\u00e9ria tem tr\u00eas fotos: em todas s\u00e3o mulheres desenvolvendo produtos em oficinas de artesanato.<\/em><\/p>\n<\/div>\n<p><script async defer async defer src=\"https:\/\/connect.facebook.net\/en_US\/sdk.js?ver=1#xfbml=1&#038;version=v3.2\" id='prefeitura-campogrande-script-facebook-sdk-js'><\/script><\/p>\n","protected":false},"excerpt":{"rendered":"<p>Os motivos s\u00e3o diferentes, mas o artesanato sempre foi inspira\u00e7\u00e3o de vida e alegria na fam\u00edlia de Danyelli Pereira. Filha<\/p>\n","protected":false},"author":1,"featured_media":0,"comment_status":"","ping_status":"","sticky":false,"template":"","format":"standard","meta":{"colormag_page_container_layout":"default_layout","colormag_page_sidebar_layout":"default_layout","footnotes":""},"categories":[],"tags":[],"class_list":["post-24896","post","type-post","status-publish","format-standard","hentry"],"aioseo_notices":[],"amp_enabled":true,"_links":{"self":[{"href":"https:\/\/ejornais.com.br\/index.php\/wp-json\/wp\/v2\/posts\/24896","targetHints":{"allow":["GET"]}}],"collection":[{"href":"https:\/\/ejornais.com.br\/index.php\/wp-json\/wp\/v2\/posts"}],"about":[{"href":"https:\/\/ejornais.com.br\/index.php\/wp-json\/wp\/v2\/types\/post"}],"author":[{"embeddable":true,"href":"https:\/\/ejornais.com.br\/index.php\/wp-json\/wp\/v2\/users\/1"}],"replies":[{"embeddable":true,"href":"https:\/\/ejornais.com.br\/index.php\/wp-json\/wp\/v2\/comments?post=24896"}],"version-history":[{"count":0,"href":"https:\/\/ejornais.com.br\/index.php\/wp-json\/wp\/v2\/posts\/24896\/revisions"}],"wp:attachment":[{"href":"https:\/\/ejornais.com.br\/index.php\/wp-json\/wp\/v2\/media?parent=24896"}],"wp:term":[{"taxonomy":"category","embeddable":true,"href":"https:\/\/ejornais.com.br\/index.php\/wp-json\/wp\/v2\/categories?post=24896"},{"taxonomy":"post_tag","embeddable":true,"href":"https:\/\/ejornais.com.br\/index.php\/wp-json\/wp\/v2\/tags?post=24896"}],"curies":[{"name":"wp","href":"https:\/\/api.w.org\/{rel}","templated":true}]}}