{"id":24910,"date":"2024-05-11T05:55:34","date_gmt":"2024-05-11T08:55:34","guid":{"rendered":"https:\/\/ejornais.com.br\/index.php\/2024\/05\/11\/tiro-de-guerra-de-sorocaba-envia-quase-100-voluntarios-para-ajudar-o-fundo-social-de-solidariedade-na-destinacao-de-donativos-ao-rs\/"},"modified":"2024-05-11T05:55:34","modified_gmt":"2024-05-11T08:55:34","slug":"tiro-de-guerra-de-sorocaba-envia-quase-100-voluntarios-para-ajudar-o-fundo-social-de-solidariedade-na-destinacao-de-donativos-ao-rs","status":"publish","type":"post","link":"https:\/\/ejornais.com.br\/index.php\/2024\/05\/11\/tiro-de-guerra-de-sorocaba-envia-quase-100-voluntarios-para-ajudar-o-fundo-social-de-solidariedade-na-destinacao-de-donativos-ao-rs\/","title":{"rendered":"Tiro de Guerra de Sorocaba envia quase 100 volunt\u00e1rios para ajudar o Fundo Social de Solidariedade na destina\u00e7\u00e3o de donativos ao RS"},"content":{"rendered":"<p><\/p>\n<div wp_automatic_readability=\"74\">\n<p>Na manh\u00e3 desta sexta-feira (10), a partir das 7h, a equipe de funcion\u00e1rios do Fundo Social de Solidariedade de Sorocaba (FSS) foi refor\u00e7ada pela participa\u00e7\u00e3o de mais 95 volunt\u00e1rios, atiradores do Tiro de Guerra, que foram at\u00e9 o Espa\u00e7o Solid\u00e1rio para ajudar na triagem e embarque das mercadorias arrecadadas nos caminh\u00f5es que seguiram, ainda hoje, com destino ao Rio Grande do Sul.<\/p>\n<p>Os Atiradores de Tiro de Guerra s\u00e3o civis militarmente instru\u00eddos. S\u00e3o jovens que cumprem o servi\u00e7o Militar obrigat\u00f3rio no Tiro de Guerra, de segunda \u00e0 s\u00e1bado, das 06h \u00e0s 08h da manh\u00e3, conciliando assim seu servi\u00e7o militar com sua rotina de cidad\u00e3o comum, sendo que a grande maioria deles se dedicada tamb\u00e9m ao trabalho e aos estudos. Nesta ocasi\u00e3o e sob a orienta\u00e7\u00e3o do Sargento De Lima, Chefe da Instru\u00e7\u00e3o, e do Sargento Giovani, Instrutor, todos os participantes trocaram o per\u00edodo de instru\u00e7\u00f5es militares para atuar como volunt\u00e1rios junto ao Fundo Social. A iniciativa contribuiu para agilizar o carregamento dos caminh\u00f5es e carretas que partiram, no in\u00edcio da tarde, com destino \u00e0 Regi\u00e3o Sul do Pa\u00eds.<\/p>\n<p>O Tiro de Guerra \u00e9 um parceiro e a participa\u00e7\u00e3o dos volunt\u00e1rios vem contribuir com a\u00e7\u00e3o comunit\u00e1ria que est\u00e1 sendo empreendida pelo Fundo Social do munic\u00edpio. Aprender a agir em situa\u00e7\u00f5es de Defesa Civil, como calamidades e outros casos de necess\u00e1rio apoio \u00e0 sociedade faz parte do treinamento oferecido a esses jovens, que s\u00e3o civis militarmente instru\u00eddos. A ocasi\u00e3o, portanto, foi prop\u00edcia n\u00e3o apenas para eles desempenharem as fun\u00e7\u00f5es para as quais s\u00e3o treinados, mas tamb\u00e9m para contribuir, de forma muito positiva e efetiva, com a sociedade civil, ajudando a levar um pouco de conforto \u00e0s v\u00edtimas das chuvas no estado sulista.<\/p>\n<p>Al\u00e9m disso, se houver necessidade de participar outras vezes, todos se mostraram dispostos a voltar a colaborar.<\/p>\n<p><!-- Root element of PhotoSwipe. Must have class pswp. --><\/p>\n<p>\u00a0<\/p>\n<\/p><\/div>\n","protected":false},"excerpt":{"rendered":"<p>Na manh\u00e3 desta sexta-feira (10), a partir das 7h, a equipe de funcion\u00e1rios do Fundo Social de Solidariedade de Sorocaba<\/p>\n","protected":false},"author":1,"featured_media":0,"comment_status":"","ping_status":"","sticky":false,"template":"","format":"standard","meta":{"colormag_page_container_layout":"default_layout","colormag_page_sidebar_layout":"default_layout","footnotes":""},"categories":[1],"tags":[],"class_list":["post-24910","post","type-post","status-publish","format-standard","hentry","category-ejornais"],"aioseo_notices":[],"amp_enabled":true,"_links":{"self":[{"href":"https:\/\/ejornais.com.br\/index.php\/wp-json\/wp\/v2\/posts\/24910","targetHints":{"allow":["GET"]}}],"collection":[{"href":"https:\/\/ejornais.com.br\/index.php\/wp-json\/wp\/v2\/posts"}],"about":[{"href":"https:\/\/ejornais.com.br\/index.php\/wp-json\/wp\/v2\/types\/post"}],"author":[{"embeddable":true,"href":"https:\/\/ejornais.com.br\/index.php\/wp-json\/wp\/v2\/users\/1"}],"replies":[{"embeddable":true,"href":"https:\/\/ejornais.com.br\/index.php\/wp-json\/wp\/v2\/comments?post=24910"}],"version-history":[{"count":0,"href":"https:\/\/ejornais.com.br\/index.php\/wp-json\/wp\/v2\/posts\/24910\/revisions"}],"wp:attachment":[{"href":"https:\/\/ejornais.com.br\/index.php\/wp-json\/wp\/v2\/media?parent=24910"}],"wp:term":[{"taxonomy":"category","embeddable":true,"href":"https:\/\/ejornais.com.br\/index.php\/wp-json\/wp\/v2\/categories?post=24910"},{"taxonomy":"post_tag","embeddable":true,"href":"https:\/\/ejornais.com.br\/index.php\/wp-json\/wp\/v2\/tags?post=24910"}],"curies":[{"name":"wp","href":"https:\/\/api.w.org\/{rel}","templated":true}]}}