{"id":24911,"date":"2024-05-11T06:01:31","date_gmt":"2024-05-11T09:01:31","guid":{"rendered":"https:\/\/ejornais.com.br\/index.php\/2024\/05\/11\/conquista-da-casa-propria-torna-dia-das-maes-mais-que-especial-para-beneficiaria-do-bonus-moradia\/"},"modified":"2024-05-11T06:01:31","modified_gmt":"2024-05-11T09:01:31","slug":"conquista-da-casa-propria-torna-dia-das-maes-mais-que-especial-para-beneficiaria-do-bonus-moradia","status":"publish","type":"post","link":"https:\/\/ejornais.com.br\/index.php\/2024\/05\/11\/conquista-da-casa-propria-torna-dia-das-maes-mais-que-especial-para-beneficiaria-do-bonus-moradia\/","title":{"rendered":"Conquista da casa pr\u00f3pria torna Dia das M\u00e3es mais que especial para benefici\u00e1ria do B\u00f4nus Moradia"},"content":{"rendered":"<p><\/p>\n<div>\n<p>Celebrar o Dia da M\u00e3es j\u00e1 est\u00e1 na rotina de Let\u00edcia Sabino de Souza, de 30 anos, h\u00e1 algum tempo. Contudo, neste ano a comemora\u00e7\u00e3o passa a ser ainda mais especial. Morando nos fundos da casa de sua m\u00e3e, Let\u00edcia aguarda ansiosamente pela conclus\u00e3o do seu primeiro im\u00f3vel, conquistado por meio do Programa B\u00f4nus Moradia.<\/p>\n<p>O projeto, que tem como objetivo auxiliar na compra da casa pr\u00f3pria, faz parte dos programas financiados pelo FGTS utilizados em Mato Grosso do Sul, em parceria com o Governo do Estado, munic\u00edpios, Governo Federal, empresas do ramo de constru\u00e7\u00e3o civil e organiza\u00e7\u00f5es da sociedade civil.<\/p>\n<p>O valor dos empreendimentos varia conforme a popula\u00e7\u00e3o municipal e as regras de financiamento.<\/p>\n<p>Na manh\u00e3 de sexta-feira (10), Let\u00edcia foi at\u00e9 a Agehab (Ag\u00eancia de Habita\u00e7\u00e3o Popular de Mato Grosso do Sul) para assinar o subs\u00eddio e contou o quanto essa conquista se faz mais importante perto da celebra\u00e7\u00e3o do Dia das M\u00e3es.<\/p>\n<p>&#8220;Essa assinatura no dia de hoje, perto desta data t\u00e3o especial que \u00e9 o Dia das M\u00e3es, representa o novo, uma nova expectativa para o futuro. Representa que somos capazes mesmo diante das dificuldades, e ter essa alegria de celebrar esta conquista ao lado da minha filha \u00e9 muito gratificante&#8221;, conclui Let\u00edcia.<\/p>\n<p>Atualmente ela mora nos fundos da casa de sua m\u00e3e. O lugar foi cedido para que ela pudesse ter seu espa\u00e7o com sua filha, Yasmin Sabino, de 10 anos. &#8220;Se fosse pela minha m\u00e3e, seguiria morando nos fundos de sua casa, mas nada paga ter conquistado o que \u00e9 meu, para poder fornecer o melhor para minha filha&#8221;.<\/p>\n<p>Com previs\u00e3o de entrega para dezembro, Let\u00edcia comemora que rotina n\u00e3o ir\u00e1 mudar, pois sua nova moradia ser\u00e1 no mesmo bairro que mora atualmente, no Centen\u00e1rio. &#8220;O que fiquei mais contente \u00e9 saber que vou continuar perto do meu trabalho, da minha m\u00e3e e tamb\u00e9m do col\u00e9gio da minha filha&#8221;, conclui a benefici\u00e1ria com o cora\u00e7\u00e3o grato pela conquista.<\/p>\n<p>O programa foi lan\u00e7ado em 2023, com subs\u00eddios que variam de R$ 6 mil \u00e0 R$ 25 mil. Para participar \u00e9 necess\u00e1rio que o cidad\u00e3o esteja cadastrado no banco de inscritos da Agehab e que tenha renda familiar de R$ 1,5 mil at\u00e9 R$ 7.050. Outro fator determinante \u00e9 o benefici\u00e1rio n\u00e3o possuir im\u00f3vel em algum outro programa habitacional.<\/p>\n<p><em>Edyelk dos Santos, Comunica\u00e7\u00e3o Agehab<\/em><br \/><em>Foto: Divulga\u00e7\u00e3o<\/em><\/p>\n<\/div>\n","protected":false},"excerpt":{"rendered":"<p>Celebrar o Dia da M\u00e3es j\u00e1 est\u00e1 na rotina de Let\u00edcia Sabino de Souza, de 30 anos, h\u00e1 algum tempo.<\/p>\n","protected":false},"author":1,"featured_media":0,"comment_status":"","ping_status":"","sticky":false,"template":"","format":"standard","meta":{"colormag_page_container_layout":"default_layout","colormag_page_sidebar_layout":"default_layout","footnotes":""},"categories":[],"tags":[],"class_list":["post-24911","post","type-post","status-publish","format-standard","hentry"],"aioseo_notices":[],"amp_enabled":true,"_links":{"self":[{"href":"https:\/\/ejornais.com.br\/index.php\/wp-json\/wp\/v2\/posts\/24911","targetHints":{"allow":["GET"]}}],"collection":[{"href":"https:\/\/ejornais.com.br\/index.php\/wp-json\/wp\/v2\/posts"}],"about":[{"href":"https:\/\/ejornais.com.br\/index.php\/wp-json\/wp\/v2\/types\/post"}],"author":[{"embeddable":true,"href":"https:\/\/ejornais.com.br\/index.php\/wp-json\/wp\/v2\/users\/1"}],"replies":[{"embeddable":true,"href":"https:\/\/ejornais.com.br\/index.php\/wp-json\/wp\/v2\/comments?post=24911"}],"version-history":[{"count":0,"href":"https:\/\/ejornais.com.br\/index.php\/wp-json\/wp\/v2\/posts\/24911\/revisions"}],"wp:attachment":[{"href":"https:\/\/ejornais.com.br\/index.php\/wp-json\/wp\/v2\/media?parent=24911"}],"wp:term":[{"taxonomy":"category","embeddable":true,"href":"https:\/\/ejornais.com.br\/index.php\/wp-json\/wp\/v2\/categories?post=24911"},{"taxonomy":"post_tag","embeddable":true,"href":"https:\/\/ejornais.com.br\/index.php\/wp-json\/wp\/v2\/tags?post=24911"}],"curies":[{"name":"wp","href":"https:\/\/api.w.org\/{rel}","templated":true}]}}