{"id":24915,"date":"2024-05-11T07:25:14","date_gmt":"2024-05-11T10:25:14","guid":{"rendered":"https:\/\/ejornais.com.br\/index.php\/2024\/05\/11\/numero-de-empresas-abertas-cresce-29-em-abril-em-mato-grosso-do-sul-com-mais-de-mil-estabelecimentos\/"},"modified":"2024-05-11T07:25:14","modified_gmt":"2024-05-11T10:25:14","slug":"numero-de-empresas-abertas-cresce-29-em-abril-em-mato-grosso-do-sul-com-mais-de-mil-estabelecimentos","status":"publish","type":"post","link":"https:\/\/ejornais.com.br\/index.php\/2024\/05\/11\/numero-de-empresas-abertas-cresce-29-em-abril-em-mato-grosso-do-sul-com-mais-de-mil-estabelecimentos\/","title":{"rendered":"N\u00famero de empresas abertas cresce 29% em abril em Mato Grosso do Sul com mais de mil estabelecimentos"},"content":{"rendered":"<p><\/p>\n<div>\n<p>O n\u00famero de empresas abertas em Mato Grosso do Sul cresceu 29,7% em abril, diante do mesmo per\u00edodo do ano passado, totalizando 1.037 estabelecimentos no m\u00eas. No mesmo per\u00edodo de 2023, este volume era de 800 empresas.<\/p>\n<p>No acumulado do ano at\u00e9 abril foram criadas 3.872 firmas, alta de 11% diante do no passado. Os dados s\u00e3o da Jucems (Junta Comercial do Estado de Mato Grosso do Sul), \u00f3rg\u00e3o vinculado \u00e0 Semadesc (Secretaria de Meio Ambiente, Desenvolvimento, Ci\u00eancia, Tecnologia e Inova\u00e7\u00e3o).<\/p>\n<p>Entre as empresas abertas, o destaque ficou com o setor de Servi\u00e7os com 750 do total, seguido por com\u00e9rcio com 244 e ind\u00fastria com 44 estabelecimentos. No balan\u00e7o do ano foram 2.752 firmas no segmento de servi\u00e7os; 965 no com\u00e9rcio e 155 na ind\u00fastria.<\/p>\n<p>No ranking dos munic\u00edpios Campo Grande lidera a abertura com 481 empresas no total em abril, seguida por Dourados 135, Tr\u00eas Lagoas com 39 e Ponta Por\u00e3 com 34.<\/p>\n<p><strong>Ambiente positivo e agilidade<\/strong><\/p>\n<p>Na avalia\u00e7\u00e3o do presidente da Jucems, Nivaldo Domingos da Rocha, o desempenho foi motivado pelo PIB positivo e a pol\u00edtica de simplifica\u00e7\u00e3o e agilidade implantada pela Junta Comercial.<\/p>\n<p>&#8220;Com estas a\u00e7\u00f5es o Estado atingiu a m\u00e9dia de 2,5 horas para o registro de empresas na Jucems. Com essa aproxima\u00e7\u00e3o do Governo, por meio da Semadesc, da Junta Comercial e o SEBRAE estamos chegando aos munic\u00edpios trazendo o registro de formaliza\u00e7\u00e3o para 12 horas em m\u00e9dia, para se legalizar uma empresa. Isso est\u00e1 refletindo positivamente nos n\u00fameros. Estamos a\u00ed com a m\u00e9dia de crescimento, de m\u00e9dia de 11% em rela\u00e7\u00e3o a 2023 que \u00e9 positivo para o Governo do Estado&#8221;, salienta.<\/p>\n<p>O titular da Semadesc, Jaime Verruck destacou que o resultado \u00e9 fruto das pol\u00edticas voltadas para desburocratizar a vida dos empres\u00e1rios no Estado. &#8220;Este \u00e9 mais um recorde batido gra\u00e7as ao ambiente positivo de neg\u00f3cios do Estado, as a\u00e7\u00f5es e pol\u00edticas p\u00fablicas que buscam uma gest\u00e3o mais eficiente e digital que \u00e9 a meta do Governo&#8221;, finalizou Verruck.<\/p>\n<p><em>Rosana Siqueira, Comunica\u00e7\u00e3o Semadesc<br \/><\/em><em>Foto: Bruno Rezende<\/em><\/p>\n<\/div>\n","protected":false},"excerpt":{"rendered":"<p>O n\u00famero de empresas abertas em Mato Grosso do Sul cresceu 29,7% em abril, diante do mesmo per\u00edodo do ano<\/p>\n","protected":false},"author":1,"featured_media":0,"comment_status":"","ping_status":"","sticky":false,"template":"","format":"standard","meta":{"colormag_page_container_layout":"default_layout","colormag_page_sidebar_layout":"default_layout","footnotes":""},"categories":[],"tags":[],"class_list":["post-24915","post","type-post","status-publish","format-standard","hentry"],"aioseo_notices":[],"amp_enabled":true,"_links":{"self":[{"href":"https:\/\/ejornais.com.br\/index.php\/wp-json\/wp\/v2\/posts\/24915","targetHints":{"allow":["GET"]}}],"collection":[{"href":"https:\/\/ejornais.com.br\/index.php\/wp-json\/wp\/v2\/posts"}],"about":[{"href":"https:\/\/ejornais.com.br\/index.php\/wp-json\/wp\/v2\/types\/post"}],"author":[{"embeddable":true,"href":"https:\/\/ejornais.com.br\/index.php\/wp-json\/wp\/v2\/users\/1"}],"replies":[{"embeddable":true,"href":"https:\/\/ejornais.com.br\/index.php\/wp-json\/wp\/v2\/comments?post=24915"}],"version-history":[{"count":0,"href":"https:\/\/ejornais.com.br\/index.php\/wp-json\/wp\/v2\/posts\/24915\/revisions"}],"wp:attachment":[{"href":"https:\/\/ejornais.com.br\/index.php\/wp-json\/wp\/v2\/media?parent=24915"}],"wp:term":[{"taxonomy":"category","embeddable":true,"href":"https:\/\/ejornais.com.br\/index.php\/wp-json\/wp\/v2\/categories?post=24915"},{"taxonomy":"post_tag","embeddable":true,"href":"https:\/\/ejornais.com.br\/index.php\/wp-json\/wp\/v2\/tags?post=24915"}],"curies":[{"name":"wp","href":"https:\/\/api.w.org\/{rel}","templated":true}]}}