{"id":24945,"date":"2024-05-11T22:12:41","date_gmt":"2024-05-12T01:12:41","guid":{"rendered":"https:\/\/ejornais.com.br\/index.php\/2024\/05\/11\/agencia-minas-gerais-empreendedorismo-traz-liberdade-e-empodera-maes-no-vale-do-jequitinhonha\/"},"modified":"2024-05-11T22:12:41","modified_gmt":"2024-05-12T01:12:41","slug":"agencia-minas-gerais-empreendedorismo-traz-liberdade-e-empodera-maes-no-vale-do-jequitinhonha","status":"publish","type":"post","link":"https:\/\/ejornais.com.br\/index.php\/2024\/05\/11\/agencia-minas-gerais-empreendedorismo-traz-liberdade-e-empodera-maes-no-vale-do-jequitinhonha\/","title":{"rendered":"Ag\u00eancia Minas Gerais | Empreendedorismo traz liberdade e empodera m\u00e3es no Vale do Jequitinhonha"},"content":{"rendered":"<p><\/p>\n<div>\n<p>Maternar e empreender, ao mesmo tempo, pode parecer imposs\u00edvel \u00e0 primeira vista. Mas, contrariando as expectativas, as duas atividades em conjunto podem significar a liberdade do exerc\u00edcio pleno da maternidade e financeira. No caso das m\u00e3es do Vale do Jequitinhonha, isso pode ir al\u00e9m, trazendo um empoderamento at\u00e9 ent\u00e3o desconhecido de muitas mulheres na regi\u00e3o.<\/p>\n<p>M\u00e3es muito jovens, muitas precisaram \u201cse virar\u201d para ajudar no sustento da fam\u00edlia. E foi no maternar que encontraram a inspira\u00e7\u00e3o para o empreendedorismo, impulsionado tamb\u00e9m pelo Governo de Minas. Com a pol\u00edtica p\u00fablica do Projeto Vale do L\u00edtio, conduzida pela Secretaria de Estado de Desenvolvimento Econ\u00f4mico de Minas Gerais (Sede-MG), muitos investimentos privados em minera\u00e7\u00e3o foram atra\u00eddos para a regi\u00e3o, movimentando cadeias produtivas, pequenos e grandes neg\u00f3cios e a economia local.<\/p>\n<figure class=\"image\" style=\"float:left\">&#13;<figcaption><em><sup>Andreia com a filha \/ Reprodu\u00e7\u00e3o<\/sup><\/em><\/figcaption>&#13;<br \/>\n<\/figure>\n<p><strong>L\u00edtio impulsiona nova realidade<\/strong><\/p>\n<p>A chegada dos novos atores em Ara\u00e7ua\u00ed, no Vale do Jequitinhonha, mudou a realidade de in\u00fameras m\u00e3es e mulheres. Uma delas, a da doceira Andreia Gomes da Concei\u00e7\u00e3o, 34 anos. Passando por uma fase dif\u00edcil e com tr\u00eas filhos, em 2020 a mineira, que se tornou m\u00e3e aos 16 anos, come\u00e7ou a produzir geleias para vender. A ideia veio a partir do exemplo da av\u00f3, que fazia o que ela achava, quando crian\u00e7a, ser \u201ccreme\u201d de abacaxi.\u00a0<\/p>\n<p>O neg\u00f3cio, por\u00e9m, s\u00f3 deslanchou h\u00e1 pouco mais de um ano, quando conseguiu acesso a cr\u00e9dito por meio de um programa social de uma mineradora da regi\u00e3o. \u201cMuita coisa mudou (com o Vale do L\u00edtio). Muitas m\u00e3es de fam\u00edlia que n\u00e3o conseguiam levar o sustento pra casa, hoje conseguem. Eram muitas pessoas desacreditadas, que tinham sonhos travados e, com esses investimentos, hoje t\u00eam um olhar diferente. Muitas pessoas voltaram a estudar e veem que podem ir muito al\u00e9m\u201d, destaca Andreia, para quem o projeto social foi um divisor de \u00e1guas e agora inspira\u00e7\u00e3o para o seu primeiro livro.<\/p>\n<p>A secret\u00e1ria-adjunta de Desenvolvimento Econ\u00f4mico e tamb\u00e9m m\u00e3e, Kathleen Garcia, destaca a import\u00e2ncia que o Governo de Minas tem em fomentar o empreendedorismo feminino na regi\u00e3o.<\/p>\n<p>\u201cO empreendedorismo no Vale do Jequitinhonha vem tomando forma devido \u00e0 for\u00e7a de mulheres e m\u00e3es que escolheram lutar diante das dificuldades que sempre existiram em uma regi\u00e3o extremamente carente de recursos. Com as a\u00e7\u00f5es promovidas por meio do Projeto do Vale do L\u00edtio, a gest\u00e3o do governador Romeu Zema cumpre a miss\u00e3o de gerar oportunidades para essas m\u00e3es e mulheres. Oportunidades que tornam sonhos realidade\u201d, afirma Kathleen Garcia.<\/p>\n<p><strong>Maternidade alimenta inspira\u00e7\u00e3o<\/strong><\/p>\n<p>A hist\u00f3ria de Andreia retrata a de muitas m\u00e3es empreendedoras n\u00e3o s\u00f3 da regi\u00e3o, mas de Minas como um todo, onde 67% abriram o pr\u00f3prio neg\u00f3cio ap\u00f3s terem filhos. O dado do Servi\u00e7o Brasileiro de Apoio \u00e0s Micro e Pequenas Empresas de Minas Gerais (Sebrae Minas) chama ainda mais aten\u00e7\u00e3o quando aponta que 62% dessas m\u00e3es tiveram o primeiro filho antes dos 25 anos.\u00a0<\/p>\n<figure class=\"image\" style=\"float:right\">&#13;<figcaption><em><sup>Geralda Aparecida com a filha \/ Arquivo pessoal<\/sup><\/em><\/figcaption>&#13;<br \/>\n<\/figure>\n<p>\u00c9 o caso da microempreendedora e servente escolar Geralda Aparecida de Aguilar, 52 anos. Tamb\u00e9m de Ara\u00e7ua\u00ed, \u201cCida\u201d se tornou m\u00e3e aos 23 anos e foi personalizando o caderno escolar do filho mais velho que descobriu o caminho do empreendedorismo. \u201cDesde que o meu primeiro filho foi para a escola, eu gostava muito de bordar as capas dos cadernos dele. E assim continuei fazendo com os cadernos das minhas outras duas filhas, al\u00e9m de cartazes para a escola\u201d, lembra.\u00a0<\/p>\n<p>Especialista em artigos de papelaria personalizados, como cadernos e agendas, sacolas, lembrancinhas para anivers\u00e1rio, al\u00e9m de convites de casamento, Cida viu os neg\u00f3cios come\u00e7arem a decolar com a chegada de novas empresas no munic\u00edpio. \u201cEu n\u00e3o tinha empolga\u00e7\u00e3o, mas, com o Vale do L\u00edtio, as empresas chegaram com tudo. Minhas vendas aumentaram 100%. J\u00e1 recebi at\u00e9 encomenda de fora do estado e do pa\u00eds. As feiras que s\u00e3o realizadas tamb\u00e9m possibilitam que a gente conhe\u00e7a outras pessoas. Me sinto extremamente motivada\u201d, conta.<\/p>\n<p>D\u00e9borah Constantino, analista t\u00e9cnica do Sebrae Minas na regional Jequitinhonha e Mucuri, explica que as mulheres acabam se tornando empreendedoras ap\u00f3s a maternidade muitas vezes por causa da necessidade de conciliar o maternar com os afazeres de casa e a busca por uma renda.\u00a0<\/p>\n<p><strong>Livre pra viver<\/strong><\/p>\n<p>\u201cOutro fator \u00e9 a necessidade de liberdade que a mulher precisa ter, e ela busca isso atrav\u00e9s do empreendedorismo, que acaba servindo como ferramenta de liberdade da mulher. Estando em uma rela\u00e7\u00e3o abusiva, por exemplo, quando ela tem a renda pr\u00f3pria, possui mais recursos para se retirar daquela situa\u00e7\u00e3o junto com seus filhos\u201d, avalia.<\/p>\n<p>Lislene da Paix\u00e3o Pereira, de 58 anos, outra moradora de Ara\u00e7ua\u00ed, j\u00e1 tinha o empreendedorismo como paix\u00e3o desde antes da maternidade, mas o nascimento de seus filhos fortaleceu sua veia empreendedora, juntamente com o desejo de conciliar o trabalho com o maternar.\u00a0<\/p>\n<p>\u201cA minha hist\u00f3ria \u00e9 uma hist\u00f3ria de muita batalha. E, quando a gente batalha e corre atr\u00e1s, a gente cresce na vida trabalhando. Sou filha de um pedreiro e uma auxiliar de servi\u00e7o gerais, e meus pais me criaram trabalhando. E \u00e9 isso que transmito aos meus filhos\u201d, diz.\u00a0\u00a0\u00a0<\/p>\n<p>Como artes\u00e3 e funcion\u00e1ria p\u00fablica, Lislene confeccionou o pr\u00f3prio enxoval para receber a primeira filha. E os elogios recebidos pelo capricho com o enxoval e pedidos de encomendas foram o incentivo que precisava.\u00a0\u00a0\u00a0<\/p>\n<p>Com o progresso no Vale do Jequitinhonha, o empreendedorismo e o artesanato t\u00eam transformado a realidade da artes\u00e3 e sua fam\u00edlia. Ela conseguiu ajudar a filha, agora advogada, a concluir a faculdade de Direito, enquanto seu filho de 17 anos est\u00e1 prestes a se formar.\u00a0\u00a0<\/p>\n<p>\u00a0<\/p>\n<\/p><\/div>\n","protected":false},"excerpt":{"rendered":"<p>Maternar e empreender, ao mesmo tempo, pode parecer imposs\u00edvel \u00e0 primeira vista. Mas, contrariando as expectativas, as duas atividades em<\/p>\n","protected":false},"author":1,"featured_media":0,"comment_status":"","ping_status":"","sticky":false,"template":"","format":"standard","meta":{"colormag_page_container_layout":"default_layout","colormag_page_sidebar_layout":"default_layout","footnotes":""},"categories":[1],"tags":[],"class_list":["post-24945","post","type-post","status-publish","format-standard","hentry","category-ejornais"],"aioseo_notices":[],"amp_enabled":true,"_links":{"self":[{"href":"https:\/\/ejornais.com.br\/index.php\/wp-json\/wp\/v2\/posts\/24945","targetHints":{"allow":["GET"]}}],"collection":[{"href":"https:\/\/ejornais.com.br\/index.php\/wp-json\/wp\/v2\/posts"}],"about":[{"href":"https:\/\/ejornais.com.br\/index.php\/wp-json\/wp\/v2\/types\/post"}],"author":[{"embeddable":true,"href":"https:\/\/ejornais.com.br\/index.php\/wp-json\/wp\/v2\/users\/1"}],"replies":[{"embeddable":true,"href":"https:\/\/ejornais.com.br\/index.php\/wp-json\/wp\/v2\/comments?post=24945"}],"version-history":[{"count":0,"href":"https:\/\/ejornais.com.br\/index.php\/wp-json\/wp\/v2\/posts\/24945\/revisions"}],"wp:attachment":[{"href":"https:\/\/ejornais.com.br\/index.php\/wp-json\/wp\/v2\/media?parent=24945"}],"wp:term":[{"taxonomy":"category","embeddable":true,"href":"https:\/\/ejornais.com.br\/index.php\/wp-json\/wp\/v2\/categories?post=24945"},{"taxonomy":"post_tag","embeddable":true,"href":"https:\/\/ejornais.com.br\/index.php\/wp-json\/wp\/v2\/tags?post=24945"}],"curies":[{"name":"wp","href":"https:\/\/api.w.org\/{rel}","templated":true}]}}