{"id":25059,"date":"2024-05-13T14:54:26","date_gmt":"2024-05-13T17:54:26","guid":{"rendered":"https:\/\/ejornais.com.br\/index.php\/2024\/05\/13\/agencia-minas-gerais-advocacia-geral-do-estado-publica-edital-para-processo-seletivo-de-estagio-de-pos-graduacao-em-direito\/"},"modified":"2024-05-13T14:54:26","modified_gmt":"2024-05-13T17:54:26","slug":"agencia-minas-gerais-advocacia-geral-do-estado-publica-edital-para-processo-seletivo-de-estagio-de-pos-graduacao-em-direito","status":"publish","type":"post","link":"https:\/\/ejornais.com.br\/index.php\/2024\/05\/13\/agencia-minas-gerais-advocacia-geral-do-estado-publica-edital-para-processo-seletivo-de-estagio-de-pos-graduacao-em-direito\/","title":{"rendered":"Ag\u00eancia Minas Gerais | Advocacia-Geral do Estado\u00a0publica edital para processo seletivo\u00a0de est\u00e1gio de p\u00f3s-gradua\u00e7\u00e3o em Direito\u00a0"},"content":{"rendered":"<p><\/p>\n<div>\n<p>A\u00a0Advocacia-Geral do Estado de Minas Gerais (AGE-MG)\u00a0publicou o segundo edital em 2024 para processo seletivo de est\u00e1gio em p\u00f3s-gradua\u00e7\u00e3o (stricto ou lato sensu) em Direito. Todas as 16 vagas s\u00e3o para as unidades do \u00f3rg\u00e3o no interior de Minas.<\/p>\n<p>As inscri\u00e7\u00f5es poder\u00e3o ser feitas de 13 a 17\/5\u00a0por meio de link disponibilizado no site da institui\u00e7\u00e3o.<\/p>\n<p>A carga hor\u00e1ria semanal \u00e9 30 horas. O valor mensal da bolsa \u00e9 de R$ 1.850,00. O aux\u00edlio de transporte mensal \u00e9 de at\u00e9 R$ 220,50.<\/p>\n<p>Cada uma das oito Advocacias Regionais do Estado receber\u00e1 dois estagi\u00e1rios. As respectivas unidades da AGE-MG est\u00e3o nos munic\u00edpios de Divin\u00f3polis, Governador Valadares, Ipatinga, Juiz de Fora, Montes Claros, Uberaba, Uberl\u00e2ndia e Varginha.<\/p>\n<p>Das 16 vagas, 10% ser\u00e3o destinadas a pessoas com defici\u00eancia e outras 10% aos candidatos autodeclarados negros, totalizando 20%.<\/p>\n<p>\u00a0<\/p>\n<\/p><\/div>\n","protected":false},"excerpt":{"rendered":"<p>A\u00a0Advocacia-Geral do Estado de Minas Gerais (AGE-MG)\u00a0publicou o segundo edital em 2024 para processo seletivo de est\u00e1gio em p\u00f3s-gradua\u00e7\u00e3o (stricto<\/p>\n","protected":false},"author":1,"featured_media":0,"comment_status":"","ping_status":"","sticky":false,"template":"","format":"standard","meta":{"colormag_page_container_layout":"default_layout","colormag_page_sidebar_layout":"default_layout","footnotes":""},"categories":[1],"tags":[],"class_list":["post-25059","post","type-post","status-publish","format-standard","hentry","category-ejornais"],"aioseo_notices":[],"amp_enabled":true,"_links":{"self":[{"href":"https:\/\/ejornais.com.br\/index.php\/wp-json\/wp\/v2\/posts\/25059","targetHints":{"allow":["GET"]}}],"collection":[{"href":"https:\/\/ejornais.com.br\/index.php\/wp-json\/wp\/v2\/posts"}],"about":[{"href":"https:\/\/ejornais.com.br\/index.php\/wp-json\/wp\/v2\/types\/post"}],"author":[{"embeddable":true,"href":"https:\/\/ejornais.com.br\/index.php\/wp-json\/wp\/v2\/users\/1"}],"replies":[{"embeddable":true,"href":"https:\/\/ejornais.com.br\/index.php\/wp-json\/wp\/v2\/comments?post=25059"}],"version-history":[{"count":0,"href":"https:\/\/ejornais.com.br\/index.php\/wp-json\/wp\/v2\/posts\/25059\/revisions"}],"wp:attachment":[{"href":"https:\/\/ejornais.com.br\/index.php\/wp-json\/wp\/v2\/media?parent=25059"}],"wp:term":[{"taxonomy":"category","embeddable":true,"href":"https:\/\/ejornais.com.br\/index.php\/wp-json\/wp\/v2\/categories?post=25059"},{"taxonomy":"post_tag","embeddable":true,"href":"https:\/\/ejornais.com.br\/index.php\/wp-json\/wp\/v2\/tags?post=25059"}],"curies":[{"name":"wp","href":"https:\/\/api.w.org\/{rel}","templated":true}]}}