{"id":25391,"date":"2024-05-17T22:37:49","date_gmt":"2024-05-18T01:37:49","guid":{"rendered":"https:\/\/ejornais.com.br\/index.php\/2024\/05\/17\/este-foi-o-valor-enorme-gasto-no-casamento-de-monique-evans-e-caca-werneck\/"},"modified":"2024-05-17T22:37:49","modified_gmt":"2024-05-18T01:37:49","slug":"este-foi-o-valor-enorme-gasto-no-casamento-de-monique-evans-e-caca-werneck","status":"publish","type":"post","link":"https:\/\/ejornais.com.br\/index.php\/2024\/05\/17\/este-foi-o-valor-enorme-gasto-no-casamento-de-monique-evans-e-caca-werneck\/","title":{"rendered":"Este foi o valor enorme gasto no casamento de Monique Evans e Cac\u00e1 Werneck"},"content":{"rendered":"<p> Por MRNews<br \/>\n<\/p>\n<div>\n<h3>Monique Evans e Cac\u00e1 Werneck: Detalhes do Luxuoso Casamento no Rio de Janeiro<\/h3>\n<p>Monique Evans e Cac\u00e1 Werneck, que mant\u00eam um relacionamento de quase dez anos, est\u00e3o prestes a oficializar sua uni\u00e3o em um casamento luxuoso. A cerim\u00f4nia est\u00e1 marcada para esta quinta-feira, 16 de maio de 2024, no s\u00edtio \u2018Al\u00e9m do Sonho Eventos\u2019, no Rio de Janeiro. O casal investiu aproximadamente R$ 800 mil para garantir que o evento seja memor\u00e1vel.<\/p>\n<h3>Expans\u00e3o da Lista de Convidados<\/h3>\n<p>Inicialmente, o casamento foi planejado para 150 pessoas, mas a lista de convidados foi ampliada para 230. Essa mudan\u00e7a de \u00faltima hora exigiu a expans\u00e3o do espa\u00e7o e a inclus\u00e3o de mais mesas e ilhas de buffet para acomodar todos os presentes. Al\u00e9m disso, o open bar foi refor\u00e7ado para atender ao maior n\u00famero de convidados.<\/p>\n<h3>Decora\u00e7\u00e3o de Luxo<\/h3>\n<p>A decora\u00e7\u00e3o do evento promete ser um dos pontos altos, misturando elementos r\u00fasticos e modernos. M\u00f3veis em tons de branco, limo e verde foram escolhidos para harmonizar com o ambiente rural do s\u00edtio, criando uma atmosfera sofisticada e acolhedora.<\/p>\n<h3>Festa e Comemora\u00e7\u00e3o<\/h3>\n<p>Monique Evans e Cac\u00e1 Werneck garantiram que a festa ser\u00e1 grandiosa, com muita comida e bebida. Diversas personalidades influentes est\u00e3o entre os convidados, prometendo tornar a celebra\u00e7\u00e3o ainda mais especial. O evento est\u00e1 sendo muito aguardado por amigos, familiares e seguidores do casal, que celebrar\u00e3o uma d\u00e9cada de amor e cumplicidade.<\/p>\n<h3>Monique Evans nas Redes Sociais<\/h3>\n<p>Nas redes sociais, Monique Evans compartilhou sua ansiedade e a emo\u00e7\u00e3o de viver esse momento especial. Ela tamb\u00e9m fez um comunicado pedindo compreens\u00e3o quanto \u00e0 lista de convidados, enfatizando que n\u00e3o ser\u00e1 poss\u00edvel incluir novos nomes de \u00faltima hora.<\/p>\n<h3>Conclus\u00e3o<\/h3>\n<p>O casamento de Monique Evans e Cac\u00e1 Werneck promete ser um dos eventos mais comentados do ano, refletindo o amor e a dedica\u00e7\u00e3o do casal ao longo de quase uma d\u00e9cada. Com um investimento significativo e uma prepara\u00e7\u00e3o cuidadosa, a cerim\u00f4nia e a festa t\u00eam tudo para ser inesquec\u00edveis.<\/p>\n<p>\u00a0<\/p>\n<h3>Renascer: O Encontro Doloroso Entre Buba e Sua M\u00e3e<\/h3>\n<p>Nos pr\u00f3ximos cap\u00edtulos de \u201cRenascer\u201d, os telespectadores se preparam para uma cena carregada de emo\u00e7\u00e3o e complexidade, que promete ser um dos momentos mais impactantes da novela. O encontro entre Meire, interpretada por Malu Galli, e sua filha Buba, vivida por Gabriela Medeiros, est\u00e1 prestes a trazer \u00e0 tona profundas quest\u00f5es familiares e emocionais.<\/p>\n<h4>O Reencontro<\/h4>\n<p>Ap\u00f3s retornar \u00e0 sua cidade natal com Jos\u00e9 Augusto (Renan Monteiro), Buba decide enfrentar seu passado e visita a casa de seus pais. Esse momento ser\u00e1 carregado de tens\u00e3o e expectativa, especialmente para Buba, que anseia por um reconhecimento e aceita\u00e7\u00e3o que teme n\u00e3o encontrar. Ao chegar na casa, Buba se aproxima com cautela, mas Meire, sua m\u00e3e, n\u00e3o a reconhece de imediato. Quando Buba se identifica, a rea\u00e7\u00e3o de Meire \u00e9 de choque e nega\u00e7\u00e3o, uma resposta que revela a dificuldade da personagem em lidar com a transi\u00e7\u00e3o de g\u00eanero de sua filha.<\/p>\n<h4>Conflito e Rejei\u00e7\u00e3o<\/h4>\n<p>\u00a0<\/p>\n<p>A tens\u00e3o atinge seu \u00e1pice quando Meire, ainda em estado de nega\u00e7\u00e3o, pergunta: \u201cO que aconteceu com voc\u00ea, filho?\u201d. Buba, firme, corrige a m\u00e3e: \u201cFilha\u2026 N\u00e3o filho. Eu me chamo Buba\u2026 Sou eu\u2026 Sua filha\u201d. A incapacidade de Meire de aceitar essa realidade se intensifica quando ela, temendo a rea\u00e7\u00e3o do marido, Humberto, menciona o nome de batismo de Buba, Beto, enfatizando o conflito interno e a rejei\u00e7\u00e3o familiar que Buba enfrenta.<\/p>\n<p>Meire, em sua ang\u00fastia, chega ao ponto de oferecer dinheiro para que Buba v\u00e1 embora, tentando resolver a situa\u00e7\u00e3o de forma pr\u00e1tica, mas dolorosamente insens\u00edvel: \u201cVai embora\u2026 Por favor\u2026 Vai embora. O que voc\u00ea precisa? Dinheiro? O qu\u00ea?\u201d. Este gesto demonstra a profundidade da rejei\u00e7\u00e3o e a incapacidade de Meire de lidar com a realidade da filha.<\/p>\n<h4>A Dor de Buba<\/h4>\n<p>\u00a0<\/p>\n<p>A rejei\u00e7\u00e3o de sua m\u00e3e deixa Buba devastada. Gabriela Medeiros, em uma performance intensa, transmite a dor de Buba, que se sente como um \u201ctrapo\u201d ap\u00f3s o confronto. Desolada, Buba decide que n\u00e3o voltar\u00e1 para a fazenda, expressando seu desespero: \u201cEu n\u00e3o vou voltar pra fazenda\u2026 N\u00e3o tenho nada meu l\u00e1\u2026 Nem l\u00e1 nem aqui. Eu n\u00e3o devia ter vindo\u201d. Este momento encapsula a sensa\u00e7\u00e3o de isolamento e desespero que a personagem enfrenta, sendo rejeitada tanto por sua fam\u00edlia quanto pela sociedade ao seu redor.<\/p>\n<h4>A Import\u00e2ncia da Cena<\/h4>\n<p>\u00a0<\/p>\n<p>Este epis\u00f3dio, de n\u00famero 100, marca um ponto de virada na trama de \u201cRenascer\u201d. A inclus\u00e3o da tem\u00e1tica da transexualidade, tratada de forma direta e sens\u00edvel, \u00e9 in\u00e9dita na hist\u00f3ria da novela, que n\u00e3o abordou esse tema em sua vers\u00e3o original de 1993. O autor Bruno Luperi cria uma narrativa que n\u00e3o apenas exp\u00f5e a dor e a luta de Buba, mas tamb\u00e9m abre espa\u00e7o para a reden\u00e7\u00e3o e o perd\u00e3o, \u00e0 medida que Meire eventualmente busca se reconciliar com sua filha.<\/p>\n<h4>A Recep\u00e7\u00e3o do P\u00fablico<\/h4>\n<p>Nos bastidores, a atua\u00e7\u00e3o de Malu Galli como Meire tem sido amplamente elogiada. Sua interpreta\u00e7\u00e3o da dor, confus\u00e3o e eventual remorso de uma m\u00e3e que luta para aceitar a realidade de sua filha adiciona uma camada de profundidade \u00e0 personagem. Este arco narrativo oferece uma oportunidade para discuss\u00f5es significativas sobre aceita\u00e7\u00e3o, identidade e a complexidade das rela\u00e7\u00f5es familiares.<\/p>\n<p>\u201cRenascer\u201d continua a surpreender e emocionar seus telespectadores ao abordar temas contempor\u00e2neos e relevantes com sensibilidade e profundidade. O encontro entre Buba e sua m\u00e3e n\u00e3o \u00e9 apenas um momento de tens\u00e3o dram\u00e1tica, mas tamb\u00e9m um ponto de reflex\u00e3o sobre a import\u00e2ncia da aceita\u00e7\u00e3o e do amor incondicional. \u00c0 medida que a trama avan\u00e7a, a expectativa \u00e9 de que esses temas sejam explorados de maneira ainda mais rica, trazendo \u00e0 tona discuss\u00f5es importantes para o p\u00fablico.<\/p>\n<p>Os pr\u00f3ximos cap\u00edtulos prometem continuar a explorar essas din\u00e2micas familiares, e os espectadores estar\u00e3o atentos para ver como os personagens evoluir\u00e3o e se reconciliar\u00e3o com seus passados e entre si.<\/p>\n<h3>Renascer: Eg\u00eddio Cai em Armadilha ao Tentar Conquistar Joana<\/h3>\n<p>Os pr\u00f3ximos cap\u00edtulos de *Renascer* prometem fortes emo\u00e7\u00f5es e reviravoltas, especialmente envolvendo os personagens Eg\u00eddio (Vladimir Brichta), Joana (Alice Carvalho), e Dona Patroa (Camila Morgado). O vil\u00e3o Eg\u00eddio, conhecido por suas a\u00e7\u00f5es inescrupulosas, ver\u00e1 seu plano de ass\u00e9dio contra Joana virar contra ele de maneira surpreendente.<\/p>\n<h4>O Desespero de Joana<\/h4>\n<p>A trama se intensifica quando Dona Patroa, ap\u00f3s um per\u00edodo de reflex\u00e3o, retorna \u00e0 fazenda desejando participar mais ativamente dos acontecimentos. Em uma conversa sincera com Joana, Dona Patroa descobre a proposta indecente que Eg\u00eddio fez \u00e0 esposa de Ti\u00e3o Galinha (Irandhir Santos). Joana revela que foi pressionada a trabalhar na ro\u00e7a para ajudar a pagar uma d\u00edvida que Ti\u00e3o tem com Eg\u00eddio. O coronel chegou ao ponto de sugerir que Joana se deitasse com ele como forma de quitar o d\u00e9bito.<\/p>\n<p>\u201cEle prop\u00f4s, sim senhora. E, se eu contar para Ti\u00e3o esse atrevimento de seu marido, Dona Patroa, a senhora vai ficar vi\u00fava. Ou eu\u2026 E agora?\u201d, desabafa Joana, deixando clara a gravidade da situa\u00e7\u00e3o e a fortuna que Eg\u00eddio prometeu em troca de uma noite de sexo.<\/p>\n<h4>A Rea\u00e7\u00e3o de Dona Patroa<\/h4>\n<p>Indignada e decidida a proteger Joana, Dona Patroa elabora um plano audacioso. Juntas, elas arquitetam uma armadilha para desmascarar Eg\u00eddio e liberar Joana e Ti\u00e3o de suas manipula\u00e7\u00f5es. O plano envolve Joana fingindo aceitar a proposta de Eg\u00eddio, garantindo que ele pague antecipadamente pela suposta noite de amor.<\/p>\n<h4>A Armadilha<\/h4>\n<p>Segundo o site Na Telinha, Eg\u00eddio, sem suspeitar de nada, cai na armadilha. Ele paga uma quantia significativa acreditando que ter\u00e1 uma noite com Joana. No entanto, Ti\u00e3o, ciente do plano, prepara-se para surpreender Eg\u00eddio no momento do encontro. O vil\u00e3o acaba \u201ccom as cal\u00e7as na m\u00e3o\u201d, sem a noite que esperava e desprovido de seu dinheiro.<\/p>\n<h4>A Liberta\u00e7\u00e3o de Joana e Ti\u00e3o<\/h4>\n<p>Com o dinheiro em m\u00e3os, Joana e Ti\u00e3o planejam escapar das garras de Eg\u00eddio, garantindo um novo come\u00e7o longe das manipula\u00e7\u00f5es do coronel. Esse desfecho n\u00e3o apenas exp\u00f5e as vilanias de Eg\u00eddio, mas tamb\u00e9m destaca a coragem e a uni\u00e3o de Joana, Ti\u00e3o e Dona Patroa na luta contra a opress\u00e3o.<\/p>\n<p>Os telespectadores de *Renascer* podem esperar um desenrolar intenso e emocionante, com justi\u00e7a sendo feita de maneira engenhosa e satisfat\u00f3ria.<\/p>\n<p>\u00a0<\/p>\n<p>\u00a0<\/p>\n<\/div>\n","protected":false},"excerpt":{"rendered":"<p>Por MRNews Monique Evans e Cac\u00e1 Werneck: Detalhes do Luxuoso Casamento no Rio de Janeiro Monique Evans e Cac\u00e1 Werneck,<\/p>\n","protected":false},"author":2,"featured_media":0,"comment_status":"","ping_status":"","sticky":false,"template":"","format":"standard","meta":{"colormag_page_container_layout":"default_layout","colormag_page_sidebar_layout":"default_layout","footnotes":""},"categories":[1],"tags":[],"class_list":["post-25391","post","type-post","status-publish","format-standard","hentry","category-ejornais"],"aioseo_notices":[],"aioseo_head":"\n\t\t<!-- All in One SEO 5.0.1.1 - aioseo.com -->\n\t<meta name=\"description\" content=\"Por MRNews Monique Evans e Cac\u00e1 Werneck: Detalhes do Luxuoso Casamento no Rio de Janeiro Monique Evans e Cac\u00e1 Werneck, que mant\u00eam um relacionamento de quase dez anos, est\u00e3o prestes a oficializar sua uni\u00e3o em um casamento luxuoso. A cerim\u00f4nia est\u00e1 marcada para esta quinta-feira, 16 de maio de 2024, no s\u00edtio \u2018Al\u00e9m do Sonho\" \/>\n\t<meta name=\"robots\" content=\"max-image-preview:large\" \/>\n\t<meta name=\"author\" content=\"admin1\"\/>\n\t<link rel=\"canonical\" href=\"https:\/\/ejornais.com.br\/index.php\/2024\/05\/17\/este-foi-o-valor-enorme-gasto-no-casamento-de-monique-evans-e-caca-werneck\/\" \/>\n\t<meta name=\"generator\" content=\"All in One SEO (AIOSEO) 5.0.1.1\" \/>\n\t\t<meta property=\"og:locale\" content=\"pt_BR\" \/>\n\t\t<meta property=\"og:site_name\" content=\"eJornais - Cat\u00e1logo de Jornais no mundo, Not\u00edcias, Blog e Esportes ao vivo\" \/>\n\t\t<meta property=\"og:type\" content=\"article\" \/>\n\t\t<meta property=\"og:title\" content=\"Este foi o valor enorme gasto no casamento de Monique Evans e Cac\u00e1 Werneck - eJornais\" \/>\n\t\t<meta property=\"og:description\" content=\"Por MRNews Monique Evans e Cac\u00e1 Werneck: Detalhes do Luxuoso Casamento no Rio de Janeiro Monique Evans e Cac\u00e1 Werneck, que mant\u00eam um relacionamento de quase dez anos, est\u00e3o prestes a oficializar sua uni\u00e3o em um casamento luxuoso. A cerim\u00f4nia est\u00e1 marcada para esta quinta-feira, 16 de maio de 2024, no s\u00edtio \u2018Al\u00e9m do Sonho\" \/>\n\t\t<meta property=\"og:url\" content=\"https:\/\/ejornais.com.br\/index.php\/2024\/05\/17\/este-foi-o-valor-enorme-gasto-no-casamento-de-monique-evans-e-caca-werneck\/\" \/>\n\t\t<meta property=\"article:published_time\" content=\"2024-05-18T01:37:49+00:00\" \/>\n\t\t<meta property=\"article:modified_time\" content=\"2024-05-18T01:37:49+00:00\" \/>\n\t\t<meta name=\"twitter:card\" content=\"summary_large_image\" \/>\n\t\t<meta name=\"twitter:title\" content=\"Este foi o valor enorme gasto no casamento de Monique Evans e Cac\u00e1 Werneck - eJornais\" \/>\n\t\t<meta name=\"twitter:description\" content=\"Por MRNews Monique Evans e Cac\u00e1 Werneck: Detalhes do Luxuoso Casamento no Rio de Janeiro Monique Evans e Cac\u00e1 Werneck, que mant\u00eam um relacionamento de quase dez anos, est\u00e3o prestes a oficializar sua uni\u00e3o em um casamento luxuoso. A cerim\u00f4nia est\u00e1 marcada para esta quinta-feira, 16 de maio de 2024, no s\u00edtio \u2018Al\u00e9m do Sonho\" \/>\n\t\t<script type=\"application\/ld+json\" class=\"aioseo-schema\">\n\t\t\t{\"@context\":\"https:\\\/\\\/schema.org\",\"@graph\":[{\"@type\":\"BlogPosting\",\"@id\":\"https:\\\/\\\/ejornais.com.br\\\/index.php\\\/2024\\\/05\\\/17\\\/este-foi-o-valor-enorme-gasto-no-casamento-de-monique-evans-e-caca-werneck\\\/#blogposting\",\"name\":\"Este foi o valor enorme gasto no casamento de Monique Evans e Cac\\u00e1 Werneck - eJornais\",\"headline\":\"Este foi o valor enorme gasto no casamento de Monique Evans e Cac\\u00e1 Werneck\",\"author\":{\"@id\":\"https:\\\/\\\/ejornais.com.br\\\/index.php\\\/author\\\/admin1\\\/#author\"},\"publisher\":{\"@id\":\"https:\\\/\\\/ejornais.com.br\\\/#organization\"},\"datePublished\":\"2024-05-17T22:37:49-03:00\",\"dateModified\":\"2024-05-17T22:37:49-03:00\",\"inLanguage\":\"pt-BR\",\"mainEntityOfPage\":{\"@id\":\"https:\\\/\\\/ejornais.com.br\\\/index.php\\\/2024\\\/05\\\/17\\\/este-foi-o-valor-enorme-gasto-no-casamento-de-monique-evans-e-caca-werneck\\\/#webpage\"},\"isPartOf\":{\"@id\":\"https:\\\/\\\/ejornais.com.br\\\/index.php\\\/2024\\\/05\\\/17\\\/este-foi-o-valor-enorme-gasto-no-casamento-de-monique-evans-e-caca-werneck\\\/#webpage\"},\"articleSection\":\"Cat\\u00e1logo de Jornais\"},{\"@type\":\"BreadcrumbList\",\"@id\":\"https:\\\/\\\/ejornais.com.br\\\/index.php\\\/2024\\\/05\\\/17\\\/este-foi-o-valor-enorme-gasto-no-casamento-de-monique-evans-e-caca-werneck\\\/#breadcrumblist\",\"itemListElement\":[{\"@type\":\"ListItem\",\"@id\":\"https:\\\/\\\/ejornais.com.br#listItem\",\"position\":1,\"name\":\"In\\u00edcio\",\"item\":\"https:\\\/\\\/ejornais.com.br\",\"nextItem\":{\"@type\":\"ListItem\",\"@id\":\"https:\\\/\\\/ejornais.com.br\\\/index.php\\\/category\\\/ejornais\\\/#listItem\",\"name\":\"Cat\\u00e1logo de Jornais\"}},{\"@type\":\"ListItem\",\"@id\":\"https:\\\/\\\/ejornais.com.br\\\/index.php\\\/category\\\/ejornais\\\/#listItem\",\"position\":2,\"name\":\"Cat\\u00e1logo de Jornais\",\"item\":\"https:\\\/\\\/ejornais.com.br\\\/index.php\\\/category\\\/ejornais\\\/\",\"nextItem\":{\"@type\":\"ListItem\",\"@id\":\"https:\\\/\\\/ejornais.com.br\\\/index.php\\\/2024\\\/05\\\/17\\\/este-foi-o-valor-enorme-gasto-no-casamento-de-monique-evans-e-caca-werneck\\\/#listItem\",\"name\":\"Este foi o valor enorme gasto no casamento de Monique Evans e Cac\\u00e1 Werneck\"},\"previousItem\":{\"@type\":\"ListItem\",\"@id\":\"https:\\\/\\\/ejornais.com.br#listItem\",\"name\":\"In\\u00edcio\"}},{\"@type\":\"ListItem\",\"@id\":\"https:\\\/\\\/ejornais.com.br\\\/index.php\\\/2024\\\/05\\\/17\\\/este-foi-o-valor-enorme-gasto-no-casamento-de-monique-evans-e-caca-werneck\\\/#listItem\",\"position\":3,\"name\":\"Este foi o valor enorme gasto no casamento de Monique Evans e Cac\\u00e1 Werneck\",\"previousItem\":{\"@type\":\"ListItem\",\"@id\":\"https:\\\/\\\/ejornais.com.br\\\/index.php\\\/category\\\/ejornais\\\/#listItem\",\"name\":\"Cat\\u00e1logo de Jornais\"}}]},{\"@type\":\"Organization\",\"@id\":\"https:\\\/\\\/ejornais.com.br\\\/#organization\",\"name\":\"eJornais\",\"description\":\"Cat\\u00e1logo de Jornais no mundo, Not\\u00edcias, Blog e Esportes ao vivo\",\"url\":\"https:\\\/\\\/ejornais.com.br\\\/\"},{\"@type\":\"Person\",\"@id\":\"https:\\\/\\\/ejornais.com.br\\\/index.php\\\/author\\\/admin1\\\/#author\",\"url\":\"https:\\\/\\\/ejornais.com.br\\\/index.php\\\/author\\\/admin1\\\/\",\"name\":\"admin1\",\"image\":{\"@type\":\"ImageObject\",\"@id\":\"https:\\\/\\\/ejornais.com.br\\\/index.php\\\/2024\\\/05\\\/17\\\/este-foi-o-valor-enorme-gasto-no-casamento-de-monique-evans-e-caca-werneck\\\/#authorImage\",\"url\":\"https:\\\/\\\/secure.gravatar.com\\\/avatar\\\/04084e6d73c042b8646e7c17b494073bf0ede3ea13c7105cfc45cbbbc28385a4?s=96&d=mm&r=g\",\"width\":96,\"height\":96,\"caption\":\"admin1\"}},{\"@type\":\"WebPage\",\"@id\":\"https:\\\/\\\/ejornais.com.br\\\/index.php\\\/2024\\\/05\\\/17\\\/este-foi-o-valor-enorme-gasto-no-casamento-de-monique-evans-e-caca-werneck\\\/#webpage\",\"url\":\"https:\\\/\\\/ejornais.com.br\\\/index.php\\\/2024\\\/05\\\/17\\\/este-foi-o-valor-enorme-gasto-no-casamento-de-monique-evans-e-caca-werneck\\\/\",\"name\":\"Este foi o valor enorme gasto no casamento de Monique Evans e Cac\\u00e1 Werneck - eJornais\",\"description\":\"Por MRNews Monique Evans e Cac\\u00e1 Werneck: Detalhes do Luxuoso Casamento no Rio de Janeiro Monique Evans e Cac\\u00e1 Werneck, que mant\\u00eam um relacionamento de quase dez anos, est\\u00e3o prestes a oficializar sua uni\\u00e3o em um casamento luxuoso. A cerim\\u00f4nia est\\u00e1 marcada para esta quinta-feira, 16 de maio de 2024, no s\\u00edtio \\u2018Al\\u00e9m do Sonho\",\"inLanguage\":\"pt-BR\",\"isPartOf\":{\"@id\":\"https:\\\/\\\/ejornais.com.br\\\/#website\"},\"breadcrumb\":{\"@id\":\"https:\\\/\\\/ejornais.com.br\\\/index.php\\\/2024\\\/05\\\/17\\\/este-foi-o-valor-enorme-gasto-no-casamento-de-monique-evans-e-caca-werneck\\\/#breadcrumblist\"},\"author\":{\"@id\":\"https:\\\/\\\/ejornais.com.br\\\/index.php\\\/author\\\/admin1\\\/#author\"},\"creator\":{\"@id\":\"https:\\\/\\\/ejornais.com.br\\\/index.php\\\/author\\\/admin1\\\/#author\"},\"datePublished\":\"2024-05-17T22:37:49-03:00\",\"dateModified\":\"2024-05-17T22:37:49-03:00\"},{\"@type\":\"WebSite\",\"@id\":\"https:\\\/\\\/ejornais.com.br\\\/#website\",\"url\":\"https:\\\/\\\/ejornais.com.br\\\/\",\"name\":\"eJornais\",\"description\":\"Cat\\u00e1logo de Jornais no mundo, Not\\u00edcias, Blog e Esportes ao vivo\",\"inLanguage\":\"pt-BR\",\"publisher\":{\"@id\":\"https:\\\/\\\/ejornais.com.br\\\/#organization\"}}]}\n\t\t<\/script>\n\t\t<!-- All in One SEO -->\n\n","aioseo_head_json":{"title":"Este foi o valor enorme gasto no casamento de Monique Evans e Cac\u00e1 Werneck - eJornais","description":"Por MRNews Monique Evans e Cac\u00e1 Werneck: Detalhes do Luxuoso Casamento no Rio de Janeiro Monique Evans e Cac\u00e1 Werneck, que mant\u00eam um relacionamento de quase dez anos, est\u00e3o prestes a oficializar sua uni\u00e3o em um casamento luxuoso. A cerim\u00f4nia est\u00e1 marcada para esta quinta-feira, 16 de maio de 2024, no s\u00edtio \u2018Al\u00e9m do Sonho","canonical_url":"https:\/\/ejornais.com.br\/index.php\/2024\/05\/17\/este-foi-o-valor-enorme-gasto-no-casamento-de-monique-evans-e-caca-werneck\/","robots":"max-image-preview:large","keywords":"","webmasterTools":{"miscellaneous":""},"schema":{"@context":"https:\/\/schema.org","@graph":[{"@type":"BlogPosting","@id":"https:\/\/ejornais.com.br\/index.php\/2024\/05\/17\/este-foi-o-valor-enorme-gasto-no-casamento-de-monique-evans-e-caca-werneck\/#blogposting","name":"Este foi o valor enorme gasto no casamento de Monique Evans e Cac\u00e1 Werneck - eJornais","headline":"Este foi o valor enorme gasto no casamento de Monique Evans e Cac\u00e1 Werneck","author":{"@id":"https:\/\/ejornais.com.br\/index.php\/author\/admin1\/#author"},"publisher":{"@id":"https:\/\/ejornais.com.br\/#organization"},"datePublished":"2024-05-17T22:37:49-03:00","dateModified":"2024-05-17T22:37:49-03:00","inLanguage":"pt-BR","mainEntityOfPage":{"@id":"https:\/\/ejornais.com.br\/index.php\/2024\/05\/17\/este-foi-o-valor-enorme-gasto-no-casamento-de-monique-evans-e-caca-werneck\/#webpage"},"isPartOf":{"@id":"https:\/\/ejornais.com.br\/index.php\/2024\/05\/17\/este-foi-o-valor-enorme-gasto-no-casamento-de-monique-evans-e-caca-werneck\/#webpage"},"articleSection":"Cat\u00e1logo de Jornais"},{"@type":"BreadcrumbList","@id":"https:\/\/ejornais.com.br\/index.php\/2024\/05\/17\/este-foi-o-valor-enorme-gasto-no-casamento-de-monique-evans-e-caca-werneck\/#breadcrumblist","itemListElement":[{"@type":"ListItem","@id":"https:\/\/ejornais.com.br#listItem","position":1,"name":"In\u00edcio","item":"https:\/\/ejornais.com.br","nextItem":{"@type":"ListItem","@id":"https:\/\/ejornais.com.br\/index.php\/category\/ejornais\/#listItem","name":"Cat\u00e1logo de Jornais"}},{"@type":"ListItem","@id":"https:\/\/ejornais.com.br\/index.php\/category\/ejornais\/#listItem","position":2,"name":"Cat\u00e1logo de Jornais","item":"https:\/\/ejornais.com.br\/index.php\/category\/ejornais\/","nextItem":{"@type":"ListItem","@id":"https:\/\/ejornais.com.br\/index.php\/2024\/05\/17\/este-foi-o-valor-enorme-gasto-no-casamento-de-monique-evans-e-caca-werneck\/#listItem","name":"Este foi o valor enorme gasto no casamento de Monique Evans e Cac\u00e1 Werneck"},"previousItem":{"@type":"ListItem","@id":"https:\/\/ejornais.com.br#listItem","name":"In\u00edcio"}},{"@type":"ListItem","@id":"https:\/\/ejornais.com.br\/index.php\/2024\/05\/17\/este-foi-o-valor-enorme-gasto-no-casamento-de-monique-evans-e-caca-werneck\/#listItem","position":3,"name":"Este foi o valor enorme gasto no casamento de Monique Evans e Cac\u00e1 Werneck","previousItem":{"@type":"ListItem","@id":"https:\/\/ejornais.com.br\/index.php\/category\/ejornais\/#listItem","name":"Cat\u00e1logo de Jornais"}}]},{"@type":"Organization","@id":"https:\/\/ejornais.com.br\/#organization","name":"eJornais","description":"Cat\u00e1logo de Jornais no mundo, Not\u00edcias, Blog e Esportes ao vivo","url":"https:\/\/ejornais.com.br\/"},{"@type":"Person","@id":"https:\/\/ejornais.com.br\/index.php\/author\/admin1\/#author","url":"https:\/\/ejornais.com.br\/index.php\/author\/admin1\/","name":"admin1","image":{"@type":"ImageObject","@id":"https:\/\/ejornais.com.br\/index.php\/2024\/05\/17\/este-foi-o-valor-enorme-gasto-no-casamento-de-monique-evans-e-caca-werneck\/#authorImage","url":"https:\/\/secure.gravatar.com\/avatar\/04084e6d73c042b8646e7c17b494073bf0ede3ea13c7105cfc45cbbbc28385a4?s=96&d=mm&r=g","width":96,"height":96,"caption":"admin1"}},{"@type":"WebPage","@id":"https:\/\/ejornais.com.br\/index.php\/2024\/05\/17\/este-foi-o-valor-enorme-gasto-no-casamento-de-monique-evans-e-caca-werneck\/#webpage","url":"https:\/\/ejornais.com.br\/index.php\/2024\/05\/17\/este-foi-o-valor-enorme-gasto-no-casamento-de-monique-evans-e-caca-werneck\/","name":"Este foi o valor enorme gasto no casamento de Monique Evans e Cac\u00e1 Werneck - eJornais","description":"Por MRNews Monique Evans e Cac\u00e1 Werneck: Detalhes do Luxuoso Casamento no Rio de Janeiro Monique Evans e Cac\u00e1 Werneck, que mant\u00eam um relacionamento de quase dez anos, est\u00e3o prestes a oficializar sua uni\u00e3o em um casamento luxuoso. A cerim\u00f4nia est\u00e1 marcada para esta quinta-feira, 16 de maio de 2024, no s\u00edtio \u2018Al\u00e9m do Sonho","inLanguage":"pt-BR","isPartOf":{"@id":"https:\/\/ejornais.com.br\/#website"},"breadcrumb":{"@id":"https:\/\/ejornais.com.br\/index.php\/2024\/05\/17\/este-foi-o-valor-enorme-gasto-no-casamento-de-monique-evans-e-caca-werneck\/#breadcrumblist"},"author":{"@id":"https:\/\/ejornais.com.br\/index.php\/author\/admin1\/#author"},"creator":{"@id":"https:\/\/ejornais.com.br\/index.php\/author\/admin1\/#author"},"datePublished":"2024-05-17T22:37:49-03:00","dateModified":"2024-05-17T22:37:49-03:00"},{"@type":"WebSite","@id":"https:\/\/ejornais.com.br\/#website","url":"https:\/\/ejornais.com.br\/","name":"eJornais","description":"Cat\u00e1logo de Jornais no mundo, Not\u00edcias, Blog e Esportes ao vivo","inLanguage":"pt-BR","publisher":{"@id":"https:\/\/ejornais.com.br\/#organization"}}]},"og:locale":"pt_BR","og:site_name":"eJornais - Cat\u00e1logo de Jornais no mundo, Not\u00edcias, Blog e Esportes ao vivo","og:type":"article","og:title":"Este foi o valor enorme gasto no casamento de Monique Evans e Cac\u00e1 Werneck - eJornais","og:description":"Por MRNews Monique Evans e Cac\u00e1 Werneck: Detalhes do Luxuoso Casamento no Rio de Janeiro Monique Evans e Cac\u00e1 Werneck, que mant\u00eam um relacionamento de quase dez anos, est\u00e3o prestes a oficializar sua uni\u00e3o em um casamento luxuoso. A cerim\u00f4nia est\u00e1 marcada para esta quinta-feira, 16 de maio de 2024, no s\u00edtio \u2018Al\u00e9m do Sonho","og:url":"https:\/\/ejornais.com.br\/index.php\/2024\/05\/17\/este-foi-o-valor-enorme-gasto-no-casamento-de-monique-evans-e-caca-werneck\/","article:published_time":"2024-05-18T01:37:49+00:00","article:modified_time":"2024-05-18T01:37:49+00:00","twitter:card":"summary_large_image","twitter:title":"Este foi o valor enorme gasto no casamento de Monique Evans e Cac\u00e1 Werneck - eJornais","twitter:description":"Por MRNews Monique Evans e Cac\u00e1 Werneck: Detalhes do Luxuoso Casamento no Rio de Janeiro Monique Evans e Cac\u00e1 Werneck, que mant\u00eam um relacionamento de quase dez anos, est\u00e3o prestes a oficializar sua uni\u00e3o em um casamento luxuoso. A cerim\u00f4nia est\u00e1 marcada para esta quinta-feira, 16 de maio de 2024, no s\u00edtio \u2018Al\u00e9m do Sonho"},"aioseo_meta_data":{"post_id":"25391","title":null,"description":null,"keywords":null,"keyphrases":null,"primary_term":null,"canonical_url":null,"og_title":null,"og_description":null,"og_object_type":"default","og_image_type":"default","og_image_url":null,"og_image_width":null,"og_image_height":null,"og_image_custom_url":null,"og_image_custom_fields":null,"og_video":null,"og_custom_url":null,"og_article_section":null,"og_article_tags":null,"twitter_use_og":false,"twitter_card":"default","twitter_image_type":"default","twitter_image_url":null,"twitter_image_custom_url":null,"twitter_image_custom_fields":null,"twitter_title":null,"twitter_description":null,"schema":{"blockGraphs":[],"customGraphs":[],"default":{"data":{"Article":[],"Course":[],"Dataset":[],"FAQPage":[],"Movie":[],"Person":[],"Product":[],"ProductReview":[],"Car":[],"Recipe":[],"Service":[],"SoftwareApplication":[],"WebPage":[]},"graphName":"","isEnabled":true},"graphs":[]},"schema_type":"default","schema_type_options":null,"pillar_content":false,"robots_default":true,"robots_noindex":false,"robots_noarchive":false,"robots_nosnippet":false,"robots_nofollow":false,"robots_noimageindex":false,"robots_noodp":false,"robots_notranslate":false,"robots_max_snippet":null,"robots_max_videopreview":null,"robots_max_imagepreview":"large","priority":null,"frequency":null,"local_seo":null,"breadcrumb_settings":null,"limit_modified_date":false,"ai":null,"created":"2024-05-18 01:40:42","updated":"2025-06-05 12:50:05","seo_analyzer_scan_date":null,"focus_keyword":null,"additional_keywords":null,"truseo_locale":null},"aioseo_breadcrumb":"<div class=\"aioseo-breadcrumbs\"><span class=\"aioseo-breadcrumb\">\n\t\t\t<a href=\"https:\/\/ejornais.com.br\" title=\"In\u00edcio\">In\u00edcio<\/a>\n\t\t<\/span><span class=\"aioseo-breadcrumb-separator\">&raquo;<\/span><span class=\"aioseo-breadcrumb\">\n\t\t\t<a href=\"https:\/\/ejornais.com.br\/index.php\/category\/ejornais\/\" title=\"Cat\u00e1logo de Jornais\">Cat\u00e1logo de Jornais<\/a>\n\t\t<\/span><span class=\"aioseo-breadcrumb-separator\">&raquo;<\/span><span class=\"aioseo-breadcrumb\">\n\t\t\tEste foi o valor enorme gasto no casamento de Monique Evans e Cac\u00e1 Werneck\n\t\t<\/span><\/div>","aioseo_breadcrumb_json":[{"label":"In\u00edcio","link":"https:\/\/ejornais.com.br"},{"label":"Cat\u00e1logo de Jornais","link":"https:\/\/ejornais.com.br\/index.php\/category\/ejornais\/"},{"label":"Este foi o valor enorme gasto no casamento de Monique Evans e Cac\u00e1 Werneck","link":"https:\/\/ejornais.com.br\/index.php\/2024\/05\/17\/este-foi-o-valor-enorme-gasto-no-casamento-de-monique-evans-e-caca-werneck\/"}],"amp_enabled":true,"_links":{"self":[{"href":"https:\/\/ejornais.com.br\/index.php\/wp-json\/wp\/v2\/posts\/25391","targetHints":{"allow":["GET"]}}],"collection":[{"href":"https:\/\/ejornais.com.br\/index.php\/wp-json\/wp\/v2\/posts"}],"about":[{"href":"https:\/\/ejornais.com.br\/index.php\/wp-json\/wp\/v2\/types\/post"}],"author":[{"embeddable":true,"href":"https:\/\/ejornais.com.br\/index.php\/wp-json\/wp\/v2\/users\/2"}],"replies":[{"embeddable":true,"href":"https:\/\/ejornais.com.br\/index.php\/wp-json\/wp\/v2\/comments?post=25391"}],"version-history":[{"count":0,"href":"https:\/\/ejornais.com.br\/index.php\/wp-json\/wp\/v2\/posts\/25391\/revisions"}],"wp:attachment":[{"href":"https:\/\/ejornais.com.br\/index.php\/wp-json\/wp\/v2\/media?parent=25391"}],"wp:term":[{"taxonomy":"category","embeddable":true,"href":"https:\/\/ejornais.com.br\/index.php\/wp-json\/wp\/v2\/categories?post=25391"},{"taxonomy":"post_tag","embeddable":true,"href":"https:\/\/ejornais.com.br\/index.php\/wp-json\/wp\/v2\/tags?post=25391"}],"curies":[{"name":"wp","href":"https:\/\/api.w.org\/{rel}","templated":true}]}}