{"id":25431,"date":"2024-05-18T17:04:08","date_gmt":"2024-05-18T20:04:08","guid":{"rendered":"https:\/\/ejornais.com.br\/index.php\/2024\/05\/18\/treinao-solidario-realizado-no-paco-municipal-arrecada-mais-de-15-toneladas-de-alimentos-em-prol-do-rs-agencia-de-noticias\/"},"modified":"2024-05-18T17:04:08","modified_gmt":"2024-05-18T20:04:08","slug":"treinao-solidario-realizado-no-paco-municipal-arrecada-mais-de-15-toneladas-de-alimentos-em-prol-do-rs-agencia-de-noticias","status":"publish","type":"post","link":"https:\/\/ejornais.com.br\/index.php\/2024\/05\/18\/treinao-solidario-realizado-no-paco-municipal-arrecada-mais-de-15-toneladas-de-alimentos-em-prol-do-rs-agencia-de-noticias\/","title":{"rendered":"\u201cTrein\u00e3o Solid\u00e1rio\u201d realizado no Pa\u00e7o Municipal arrecada mais de 15 toneladas de alimentos em prol do RS \u2013 Ag\u00eancia de Not\u00edcias"},"content":{"rendered":"<p><\/p>\n<div wp_automatic_readability=\"88\">\n<p><em>Fotos: Renata Giron<\/em><\/p>\n<p style=\"text-align: center;\"><span style=\"font-family: Arial, sans-serif;\"><span style=\"font-size: medium;\"><span style=\"color: #1b1b1b;\"><i>\u00c1gua, produtos de higiene e de limpeza, entre outros itens, tamb\u00e9m foram arrecadados e entregues ao Fundo Social de Solidariedade. Evento reuniu aproximadamente 1.500 participantes<\/i><\/span><span style=\"color: #1b1b1b;\"><br \/><\/span><\/span><\/span><\/p>\n<p style=\"text-align: left;\">\nUma a\u00e7\u00e3o beneficente foi realizada na manh\u00e3 deste s\u00e1bado (18), no entorno do Pa\u00e7o Municipal, no Alto da Boa Vista, e contou com a participa\u00e7\u00e3o de cerca de 1.500 pessoas. O Trein\u00e3o Solid\u00e1rio, como foi chamado, foi realizado por um grupo de organiza\u00e7\u00f5es da iniciativa privada, com apoio da Prefeitura, por meio da Secretaria de Esporte e Qualidade de Vida (Sequav), e reuniu a Comunidade Fitness com o prop\u00f3sito de arrecadar alimentos, \u00e1gua e outros itens de primeira necessidade para a popula\u00e7\u00e3o do Rio Grande do Sul (RS), estado atingido por fortes chuvas e inunda\u00e7\u00f5es.<\/p>\n<p>J\u00e1, a partir das 8h da manh\u00e3, o p\u00fablico come\u00e7ou a chegar, trazendo suas doa\u00e7\u00f5es. Ao todo foram arrecadadas, segundo a organiza\u00e7\u00e3o do evento, mais de 15 toneladas de alimentos, al\u00e9m de \u00e1gua e outros itens, entregues ao Fundo Social, que vai providenciar o envio at\u00e9 o RS.<\/p>\n<p>Foi solicitada a cada participante do evento, a doa\u00e7\u00e3o de 1kg de alimento ou outros produtos, tais como os de higiene e limpeza, \u00e1gua e cobertores.<\/p>\n<p>As academias e outras organiza\u00e7\u00f5es participantes do evento instalaram boxes no local e organizaram seus grupos de alunos, ajudando na orienta\u00e7\u00e3o das atividades f\u00edsicas realizadas.<\/p>\n<p>O Trein\u00e3o Solid\u00e1rio resultou em um momento de socializa\u00e7\u00e3o entre as equipes, de muito incentivo \u00e0 pr\u00e1tica esportiva e tamb\u00e9m em mais uma oportunidade para o povo sorocabano demonstrar sua solidariedade.<\/p>\n<p>O Fundo Social, com apoio de outras Secretarias municipais, proporcionou toda a infraestrutura necess\u00e1ria, por exemplo, cedendo tinas de \u00e1gua espalhadas pelo local, para a hidrata\u00e7\u00e3o do p\u00fablico, e que foram fornecidas pelo Servi\u00e7o Aut\u00f4nomo de \u00c1gua e Esgoto (Saae) Sorocaba.<\/p>\n<p><!-- Root element of PhotoSwipe. Must have class pswp. --><\/p><\/div>\n","protected":false},"excerpt":{"rendered":"<p>Fotos: Renata Giron \u00c1gua, produtos de higiene e de limpeza, entre outros itens, tamb\u00e9m foram arrecadados e entregues ao Fundo<\/p>\n","protected":false},"author":1,"featured_media":0,"comment_status":"","ping_status":"","sticky":false,"template":"","format":"standard","meta":{"colormag_page_container_layout":"default_layout","colormag_page_sidebar_layout":"default_layout","footnotes":""},"categories":[1],"tags":[],"class_list":["post-25431","post","type-post","status-publish","format-standard","hentry","category-ejornais"],"aioseo_notices":[],"aioseo_head":"\n\t\t<!-- All in One SEO 5.0.1.1 - aioseo.com -->\n\t<meta name=\"description\" content=\"Fotos: Renata Giron \u00c1gua, produtos de higiene e de limpeza, entre outros itens, tamb\u00e9m foram arrecadados e entregues ao Fundo Social de Solidariedade. Evento reuniu aproximadamente 1.500 participantes Uma a\u00e7\u00e3o beneficente foi realizada na manh\u00e3 deste s\u00e1bado (18), no entorno do Pa\u00e7o Municipal, no Alto da Boa Vista, e contou com a participa\u00e7\u00e3o de cerca\" \/>\n\t<meta name=\"robots\" content=\"max-image-preview:large\" \/>\n\t<link rel=\"canonical\" href=\"https:\/\/ejornais.com.br\/index.php\/2024\/05\/18\/treinao-solidario-realizado-no-paco-municipal-arrecada-mais-de-15-toneladas-de-alimentos-em-prol-do-rs-agencia-de-noticias\/\" \/>\n\t<meta name=\"generator\" content=\"All in One SEO (AIOSEO) 5.0.1.1\" \/>\n\t\t<meta property=\"og:locale\" content=\"pt_BR\" \/>\n\t\t<meta property=\"og:site_name\" content=\"eJornais - Cat\u00e1logo de Jornais no mundo, Not\u00edcias, Blog e Esportes ao vivo\" \/>\n\t\t<meta property=\"og:type\" content=\"article\" \/>\n\t\t<meta property=\"og:title\" content=\"\u201cTrein\u00e3o Solid\u00e1rio\u201d realizado no Pa\u00e7o Municipal arrecada mais de 15 toneladas de alimentos em prol do RS \u2013 Ag\u00eancia de Not\u00edcias - eJornais\" \/>\n\t\t<meta property=\"og:description\" content=\"Fotos: Renata Giron \u00c1gua, produtos de higiene e de limpeza, entre outros itens, tamb\u00e9m foram arrecadados e entregues ao Fundo Social de Solidariedade. Evento reuniu aproximadamente 1.500 participantes Uma a\u00e7\u00e3o beneficente foi realizada na manh\u00e3 deste s\u00e1bado (18), no entorno do Pa\u00e7o Municipal, no Alto da Boa Vista, e contou com a participa\u00e7\u00e3o de cerca\" \/>\n\t\t<meta property=\"og:url\" content=\"https:\/\/ejornais.com.br\/index.php\/2024\/05\/18\/treinao-solidario-realizado-no-paco-municipal-arrecada-mais-de-15-toneladas-de-alimentos-em-prol-do-rs-agencia-de-noticias\/\" \/>\n\t\t<meta property=\"article:published_time\" content=\"2024-05-18T20:04:08+00:00\" \/>\n\t\t<meta property=\"article:modified_time\" content=\"2024-05-18T20:04:08+00:00\" \/>\n\t\t<meta name=\"twitter:card\" content=\"summary_large_image\" \/>\n\t\t<meta name=\"twitter:title\" content=\"\u201cTrein\u00e3o Solid\u00e1rio\u201d realizado no Pa\u00e7o Municipal arrecada mais de 15 toneladas de alimentos em prol do RS \u2013 Ag\u00eancia de Not\u00edcias - eJornais\" \/>\n\t\t<meta name=\"twitter:description\" content=\"Fotos: Renata Giron \u00c1gua, produtos de higiene e de limpeza, entre outros itens, tamb\u00e9m foram arrecadados e entregues ao Fundo Social de Solidariedade. Evento reuniu aproximadamente 1.500 participantes Uma a\u00e7\u00e3o beneficente foi realizada na manh\u00e3 deste s\u00e1bado (18), no entorno do Pa\u00e7o Municipal, no Alto da Boa Vista, e contou com a participa\u00e7\u00e3o de cerca\" \/>\n\t\t<script type=\"application\/ld+json\" class=\"aioseo-schema\">\n\t\t\t{\"@context\":\"https:\\\/\\\/schema.org\",\"@graph\":[{\"@type\":\"BlogPosting\",\"@id\":\"https:\\\/\\\/ejornais.com.br\\\/index.php\\\/2024\\\/05\\\/18\\\/treinao-solidario-realizado-no-paco-municipal-arrecada-mais-de-15-toneladas-de-alimentos-em-prol-do-rs-agencia-de-noticias\\\/#blogposting\",\"name\":\"\\u201cTrein\\u00e3o Solid\\u00e1rio\\u201d realizado no Pa\\u00e7o Municipal arrecada mais de 15 toneladas de alimentos em prol do RS \\u2013 Ag\\u00eancia de Not\\u00edcias - eJornais\",\"headline\":\"\\u201cTrein\\u00e3o Solid\\u00e1rio\\u201d realizado no Pa\\u00e7o Municipal arrecada mais de 15 toneladas de alimentos em prol do RS \\u2013 Ag\\u00eancia de Not\\u00edcias\",\"author\":{\"@id\":\"https:\\\/\\\/ejornais.com.br\\\/index.php\\\/author\\\/#author\"},\"publisher\":{\"@id\":\"https:\\\/\\\/ejornais.com.br\\\/#organization\"},\"datePublished\":\"2024-05-18T17:04:08-03:00\",\"dateModified\":\"2024-05-18T17:04:08-03:00\",\"inLanguage\":\"pt-BR\",\"mainEntityOfPage\":{\"@id\":\"https:\\\/\\\/ejornais.com.br\\\/index.php\\\/2024\\\/05\\\/18\\\/treinao-solidario-realizado-no-paco-municipal-arrecada-mais-de-15-toneladas-de-alimentos-em-prol-do-rs-agencia-de-noticias\\\/#webpage\"},\"isPartOf\":{\"@id\":\"https:\\\/\\\/ejornais.com.br\\\/index.php\\\/2024\\\/05\\\/18\\\/treinao-solidario-realizado-no-paco-municipal-arrecada-mais-de-15-toneladas-de-alimentos-em-prol-do-rs-agencia-de-noticias\\\/#webpage\"},\"articleSection\":\"Cat\\u00e1logo de Jornais\"},{\"@type\":\"BreadcrumbList\",\"@id\":\"https:\\\/\\\/ejornais.com.br\\\/index.php\\\/2024\\\/05\\\/18\\\/treinao-solidario-realizado-no-paco-municipal-arrecada-mais-de-15-toneladas-de-alimentos-em-prol-do-rs-agencia-de-noticias\\\/#breadcrumblist\",\"itemListElement\":[{\"@type\":\"ListItem\",\"@id\":\"https:\\\/\\\/ejornais.com.br#listItem\",\"position\":1,\"name\":\"In\\u00edcio\",\"item\":\"https:\\\/\\\/ejornais.com.br\",\"nextItem\":{\"@type\":\"ListItem\",\"@id\":\"https:\\\/\\\/ejornais.com.br\\\/index.php\\\/category\\\/ejornais\\\/#listItem\",\"name\":\"Cat\\u00e1logo de Jornais\"}},{\"@type\":\"ListItem\",\"@id\":\"https:\\\/\\\/ejornais.com.br\\\/index.php\\\/category\\\/ejornais\\\/#listItem\",\"position\":2,\"name\":\"Cat\\u00e1logo de Jornais\",\"item\":\"https:\\\/\\\/ejornais.com.br\\\/index.php\\\/category\\\/ejornais\\\/\",\"nextItem\":{\"@type\":\"ListItem\",\"@id\":\"https:\\\/\\\/ejornais.com.br\\\/index.php\\\/2024\\\/05\\\/18\\\/treinao-solidario-realizado-no-paco-municipal-arrecada-mais-de-15-toneladas-de-alimentos-em-prol-do-rs-agencia-de-noticias\\\/#listItem\",\"name\":\"\\u201cTrein\\u00e3o Solid\\u00e1rio\\u201d realizado no Pa\\u00e7o Municipal arrecada mais de 15 toneladas de alimentos em prol do RS \\u2013 Ag\\u00eancia de Not\\u00edcias\"},\"previousItem\":{\"@type\":\"ListItem\",\"@id\":\"https:\\\/\\\/ejornais.com.br#listItem\",\"name\":\"In\\u00edcio\"}},{\"@type\":\"ListItem\",\"@id\":\"https:\\\/\\\/ejornais.com.br\\\/index.php\\\/2024\\\/05\\\/18\\\/treinao-solidario-realizado-no-paco-municipal-arrecada-mais-de-15-toneladas-de-alimentos-em-prol-do-rs-agencia-de-noticias\\\/#listItem\",\"position\":3,\"name\":\"\\u201cTrein\\u00e3o Solid\\u00e1rio\\u201d realizado no Pa\\u00e7o Municipal arrecada mais de 15 toneladas de alimentos em prol do RS \\u2013 Ag\\u00eancia de Not\\u00edcias\",\"previousItem\":{\"@type\":\"ListItem\",\"@id\":\"https:\\\/\\\/ejornais.com.br\\\/index.php\\\/category\\\/ejornais\\\/#listItem\",\"name\":\"Cat\\u00e1logo de Jornais\"}}]},{\"@type\":\"Organization\",\"@id\":\"https:\\\/\\\/ejornais.com.br\\\/#organization\",\"name\":\"eJornais\",\"description\":\"Cat\\u00e1logo de Jornais no mundo, Not\\u00edcias, Blog e Esportes ao vivo\",\"url\":\"https:\\\/\\\/ejornais.com.br\\\/\"},{\"@type\":\"Person\",\"@id\":\"https:\\\/\\\/ejornais.com.br\\\/index.php\\\/author\\\/#author\",\"url\":\"https:\\\/\\\/ejornais.com.br\\\/index.php\\\/author\\\/\"},{\"@type\":\"WebPage\",\"@id\":\"https:\\\/\\\/ejornais.com.br\\\/index.php\\\/2024\\\/05\\\/18\\\/treinao-solidario-realizado-no-paco-municipal-arrecada-mais-de-15-toneladas-de-alimentos-em-prol-do-rs-agencia-de-noticias\\\/#webpage\",\"url\":\"https:\\\/\\\/ejornais.com.br\\\/index.php\\\/2024\\\/05\\\/18\\\/treinao-solidario-realizado-no-paco-municipal-arrecada-mais-de-15-toneladas-de-alimentos-em-prol-do-rs-agencia-de-noticias\\\/\",\"name\":\"\\u201cTrein\\u00e3o Solid\\u00e1rio\\u201d realizado no Pa\\u00e7o Municipal arrecada mais de 15 toneladas de alimentos em prol do RS \\u2013 Ag\\u00eancia de Not\\u00edcias - eJornais\",\"description\":\"Fotos: Renata Giron \\u00c1gua, produtos de higiene e de limpeza, entre outros itens, tamb\\u00e9m foram arrecadados e entregues ao Fundo Social de Solidariedade. Evento reuniu aproximadamente 1.500 participantes Uma a\\u00e7\\u00e3o beneficente foi realizada na manh\\u00e3 deste s\\u00e1bado (18), no entorno do Pa\\u00e7o Municipal, no Alto da Boa Vista, e contou com a participa\\u00e7\\u00e3o de cerca\",\"inLanguage\":\"pt-BR\",\"isPartOf\":{\"@id\":\"https:\\\/\\\/ejornais.com.br\\\/#website\"},\"breadcrumb\":{\"@id\":\"https:\\\/\\\/ejornais.com.br\\\/index.php\\\/2024\\\/05\\\/18\\\/treinao-solidario-realizado-no-paco-municipal-arrecada-mais-de-15-toneladas-de-alimentos-em-prol-do-rs-agencia-de-noticias\\\/#breadcrumblist\"},\"author\":{\"@id\":\"https:\\\/\\\/ejornais.com.br\\\/index.php\\\/author\\\/#author\"},\"creator\":{\"@id\":\"https:\\\/\\\/ejornais.com.br\\\/index.php\\\/author\\\/#author\"},\"datePublished\":\"2024-05-18T17:04:08-03:00\",\"dateModified\":\"2024-05-18T17:04:08-03:00\"},{\"@type\":\"WebSite\",\"@id\":\"https:\\\/\\\/ejornais.com.br\\\/#website\",\"url\":\"https:\\\/\\\/ejornais.com.br\\\/\",\"name\":\"eJornais\",\"description\":\"Cat\\u00e1logo de Jornais no mundo, Not\\u00edcias, Blog e Esportes ao vivo\",\"inLanguage\":\"pt-BR\",\"publisher\":{\"@id\":\"https:\\\/\\\/ejornais.com.br\\\/#organization\"}}]}\n\t\t<\/script>\n\t\t<!-- All in One SEO -->\n\n","aioseo_head_json":{"title":"\u201cTrein\u00e3o Solid\u00e1rio\u201d realizado no Pa\u00e7o Municipal arrecada mais de 15 toneladas de alimentos em prol do RS \u2013 Ag\u00eancia de Not\u00edcias - eJornais","description":"Fotos: Renata Giron \u00c1gua, produtos de higiene e de limpeza, entre outros itens, tamb\u00e9m foram arrecadados e entregues ao Fundo Social de Solidariedade. Evento reuniu aproximadamente 1.500 participantes Uma a\u00e7\u00e3o beneficente foi realizada na manh\u00e3 deste s\u00e1bado (18), no entorno do Pa\u00e7o Municipal, no Alto da Boa Vista, e contou com a participa\u00e7\u00e3o de cerca","canonical_url":"https:\/\/ejornais.com.br\/index.php\/2024\/05\/18\/treinao-solidario-realizado-no-paco-municipal-arrecada-mais-de-15-toneladas-de-alimentos-em-prol-do-rs-agencia-de-noticias\/","robots":"max-image-preview:large","keywords":"","webmasterTools":{"miscellaneous":""},"schema":{"@context":"https:\/\/schema.org","@graph":[{"@type":"BlogPosting","@id":"https:\/\/ejornais.com.br\/index.php\/2024\/05\/18\/treinao-solidario-realizado-no-paco-municipal-arrecada-mais-de-15-toneladas-de-alimentos-em-prol-do-rs-agencia-de-noticias\/#blogposting","name":"\u201cTrein\u00e3o Solid\u00e1rio\u201d realizado no Pa\u00e7o Municipal arrecada mais de 15 toneladas de alimentos em prol do RS \u2013 Ag\u00eancia de Not\u00edcias - eJornais","headline":"\u201cTrein\u00e3o Solid\u00e1rio\u201d realizado no Pa\u00e7o Municipal arrecada mais de 15 toneladas de alimentos em prol do RS \u2013 Ag\u00eancia de Not\u00edcias","author":{"@id":"https:\/\/ejornais.com.br\/index.php\/author\/#author"},"publisher":{"@id":"https:\/\/ejornais.com.br\/#organization"},"datePublished":"2024-05-18T17:04:08-03:00","dateModified":"2024-05-18T17:04:08-03:00","inLanguage":"pt-BR","mainEntityOfPage":{"@id":"https:\/\/ejornais.com.br\/index.php\/2024\/05\/18\/treinao-solidario-realizado-no-paco-municipal-arrecada-mais-de-15-toneladas-de-alimentos-em-prol-do-rs-agencia-de-noticias\/#webpage"},"isPartOf":{"@id":"https:\/\/ejornais.com.br\/index.php\/2024\/05\/18\/treinao-solidario-realizado-no-paco-municipal-arrecada-mais-de-15-toneladas-de-alimentos-em-prol-do-rs-agencia-de-noticias\/#webpage"},"articleSection":"Cat\u00e1logo de Jornais"},{"@type":"BreadcrumbList","@id":"https:\/\/ejornais.com.br\/index.php\/2024\/05\/18\/treinao-solidario-realizado-no-paco-municipal-arrecada-mais-de-15-toneladas-de-alimentos-em-prol-do-rs-agencia-de-noticias\/#breadcrumblist","itemListElement":[{"@type":"ListItem","@id":"https:\/\/ejornais.com.br#listItem","position":1,"name":"In\u00edcio","item":"https:\/\/ejornais.com.br","nextItem":{"@type":"ListItem","@id":"https:\/\/ejornais.com.br\/index.php\/category\/ejornais\/#listItem","name":"Cat\u00e1logo de Jornais"}},{"@type":"ListItem","@id":"https:\/\/ejornais.com.br\/index.php\/category\/ejornais\/#listItem","position":2,"name":"Cat\u00e1logo de Jornais","item":"https:\/\/ejornais.com.br\/index.php\/category\/ejornais\/","nextItem":{"@type":"ListItem","@id":"https:\/\/ejornais.com.br\/index.php\/2024\/05\/18\/treinao-solidario-realizado-no-paco-municipal-arrecada-mais-de-15-toneladas-de-alimentos-em-prol-do-rs-agencia-de-noticias\/#listItem","name":"\u201cTrein\u00e3o Solid\u00e1rio\u201d realizado no Pa\u00e7o Municipal arrecada mais de 15 toneladas de alimentos em prol do RS \u2013 Ag\u00eancia de Not\u00edcias"},"previousItem":{"@type":"ListItem","@id":"https:\/\/ejornais.com.br#listItem","name":"In\u00edcio"}},{"@type":"ListItem","@id":"https:\/\/ejornais.com.br\/index.php\/2024\/05\/18\/treinao-solidario-realizado-no-paco-municipal-arrecada-mais-de-15-toneladas-de-alimentos-em-prol-do-rs-agencia-de-noticias\/#listItem","position":3,"name":"\u201cTrein\u00e3o Solid\u00e1rio\u201d realizado no Pa\u00e7o Municipal arrecada mais de 15 toneladas de alimentos em prol do RS \u2013 Ag\u00eancia de Not\u00edcias","previousItem":{"@type":"ListItem","@id":"https:\/\/ejornais.com.br\/index.php\/category\/ejornais\/#listItem","name":"Cat\u00e1logo de Jornais"}}]},{"@type":"Organization","@id":"https:\/\/ejornais.com.br\/#organization","name":"eJornais","description":"Cat\u00e1logo de Jornais no mundo, Not\u00edcias, Blog e Esportes ao vivo","url":"https:\/\/ejornais.com.br\/"},{"@type":"Person","@id":"https:\/\/ejornais.com.br\/index.php\/author\/#author","url":"https:\/\/ejornais.com.br\/index.php\/author\/"},{"@type":"WebPage","@id":"https:\/\/ejornais.com.br\/index.php\/2024\/05\/18\/treinao-solidario-realizado-no-paco-municipal-arrecada-mais-de-15-toneladas-de-alimentos-em-prol-do-rs-agencia-de-noticias\/#webpage","url":"https:\/\/ejornais.com.br\/index.php\/2024\/05\/18\/treinao-solidario-realizado-no-paco-municipal-arrecada-mais-de-15-toneladas-de-alimentos-em-prol-do-rs-agencia-de-noticias\/","name":"\u201cTrein\u00e3o Solid\u00e1rio\u201d realizado no Pa\u00e7o Municipal arrecada mais de 15 toneladas de alimentos em prol do RS \u2013 Ag\u00eancia de Not\u00edcias - eJornais","description":"Fotos: Renata Giron \u00c1gua, produtos de higiene e de limpeza, entre outros itens, tamb\u00e9m foram arrecadados e entregues ao Fundo Social de Solidariedade. Evento reuniu aproximadamente 1.500 participantes Uma a\u00e7\u00e3o beneficente foi realizada na manh\u00e3 deste s\u00e1bado (18), no entorno do Pa\u00e7o Municipal, no Alto da Boa Vista, e contou com a participa\u00e7\u00e3o de cerca","inLanguage":"pt-BR","isPartOf":{"@id":"https:\/\/ejornais.com.br\/#website"},"breadcrumb":{"@id":"https:\/\/ejornais.com.br\/index.php\/2024\/05\/18\/treinao-solidario-realizado-no-paco-municipal-arrecada-mais-de-15-toneladas-de-alimentos-em-prol-do-rs-agencia-de-noticias\/#breadcrumblist"},"author":{"@id":"https:\/\/ejornais.com.br\/index.php\/author\/#author"},"creator":{"@id":"https:\/\/ejornais.com.br\/index.php\/author\/#author"},"datePublished":"2024-05-18T17:04:08-03:00","dateModified":"2024-05-18T17:04:08-03:00"},{"@type":"WebSite","@id":"https:\/\/ejornais.com.br\/#website","url":"https:\/\/ejornais.com.br\/","name":"eJornais","description":"Cat\u00e1logo de Jornais no mundo, Not\u00edcias, Blog e Esportes ao vivo","inLanguage":"pt-BR","publisher":{"@id":"https:\/\/ejornais.com.br\/#organization"}}]},"og:locale":"pt_BR","og:site_name":"eJornais - Cat\u00e1logo de Jornais no mundo, Not\u00edcias, Blog e Esportes ao vivo","og:type":"article","og:title":"\u201cTrein\u00e3o Solid\u00e1rio\u201d realizado no Pa\u00e7o Municipal arrecada mais de 15 toneladas de alimentos em prol do RS \u2013 Ag\u00eancia de Not\u00edcias - eJornais","og:description":"Fotos: Renata Giron \u00c1gua, produtos de higiene e de limpeza, entre outros itens, tamb\u00e9m foram arrecadados e entregues ao Fundo Social de Solidariedade. Evento reuniu aproximadamente 1.500 participantes Uma a\u00e7\u00e3o beneficente foi realizada na manh\u00e3 deste s\u00e1bado (18), no entorno do Pa\u00e7o Municipal, no Alto da Boa Vista, e contou com a participa\u00e7\u00e3o de cerca","og:url":"https:\/\/ejornais.com.br\/index.php\/2024\/05\/18\/treinao-solidario-realizado-no-paco-municipal-arrecada-mais-de-15-toneladas-de-alimentos-em-prol-do-rs-agencia-de-noticias\/","article:published_time":"2024-05-18T20:04:08+00:00","article:modified_time":"2024-05-18T20:04:08+00:00","twitter:card":"summary_large_image","twitter:title":"\u201cTrein\u00e3o Solid\u00e1rio\u201d realizado no Pa\u00e7o Municipal arrecada mais de 15 toneladas de alimentos em prol do RS \u2013 Ag\u00eancia de Not\u00edcias - eJornais","twitter:description":"Fotos: Renata Giron \u00c1gua, produtos de higiene e de limpeza, entre outros itens, tamb\u00e9m foram arrecadados e entregues ao Fundo Social de Solidariedade. Evento reuniu aproximadamente 1.500 participantes Uma a\u00e7\u00e3o beneficente foi realizada na manh\u00e3 deste s\u00e1bado (18), no entorno do Pa\u00e7o Municipal, no Alto da Boa Vista, e contou com a participa\u00e7\u00e3o de cerca"},"aioseo_meta_data":{"post_id":"25431","title":null,"description":null,"keywords":null,"keyphrases":null,"primary_term":null,"canonical_url":null,"og_title":null,"og_description":null,"og_object_type":"default","og_image_type":"default","og_image_url":null,"og_image_width":null,"og_image_height":null,"og_image_custom_url":null,"og_image_custom_fields":null,"og_video":null,"og_custom_url":null,"og_article_section":null,"og_article_tags":null,"twitter_use_og":false,"twitter_card":"default","twitter_image_type":"default","twitter_image_url":null,"twitter_image_custom_url":null,"twitter_image_custom_fields":null,"twitter_title":null,"twitter_description":null,"schema":{"blockGraphs":[],"customGraphs":[],"default":{"data":{"Article":[],"Course":[],"Dataset":[],"FAQPage":[],"Movie":[],"Person":[],"Product":[],"ProductReview":[],"Car":[],"Recipe":[],"Service":[],"SoftwareApplication":[],"WebPage":[]},"graphName":"","isEnabled":true},"graphs":[]},"schema_type":"default","schema_type_options":null,"pillar_content":false,"robots_default":true,"robots_noindex":false,"robots_noarchive":false,"robots_nosnippet":false,"robots_nofollow":false,"robots_noimageindex":false,"robots_noodp":false,"robots_notranslate":false,"robots_max_snippet":null,"robots_max_videopreview":null,"robots_max_imagepreview":"large","priority":null,"frequency":null,"local_seo":null,"breadcrumb_settings":null,"limit_modified_date":false,"ai":null,"created":"2024-05-18 20:08:40","updated":"2025-06-05 12:52:39","seo_analyzer_scan_date":null,"focus_keyword":null,"additional_keywords":null,"truseo_locale":null},"aioseo_breadcrumb":"<div class=\"aioseo-breadcrumbs\"><span class=\"aioseo-breadcrumb\">\n\t\t\t<a href=\"https:\/\/ejornais.com.br\" title=\"In\u00edcio\">In\u00edcio<\/a>\n\t\t<\/span><span class=\"aioseo-breadcrumb-separator\">&raquo;<\/span><span class=\"aioseo-breadcrumb\">\n\t\t\t<a href=\"https:\/\/ejornais.com.br\/index.php\/category\/ejornais\/\" title=\"Cat\u00e1logo de Jornais\">Cat\u00e1logo de Jornais<\/a>\n\t\t<\/span><span class=\"aioseo-breadcrumb-separator\">&raquo;<\/span><span class=\"aioseo-breadcrumb\">\n\t\t\t\u201cTrein\u00e3o Solid\u00e1rio\u201d realizado no Pa\u00e7o Municipal arrecada mais de 15 toneladas de alimentos em prol do RS \u2013 Ag\u00eancia de Not\u00edcias\n\t\t<\/span><\/div>","aioseo_breadcrumb_json":[{"label":"In\u00edcio","link":"https:\/\/ejornais.com.br"},{"label":"Cat\u00e1logo de Jornais","link":"https:\/\/ejornais.com.br\/index.php\/category\/ejornais\/"},{"label":"\u201cTrein\u00e3o Solid\u00e1rio\u201d realizado no Pa\u00e7o Municipal arrecada mais de 15 toneladas de alimentos em prol do RS \u2013 Ag\u00eancia de Not\u00edcias","link":"https:\/\/ejornais.com.br\/index.php\/2024\/05\/18\/treinao-solidario-realizado-no-paco-municipal-arrecada-mais-de-15-toneladas-de-alimentos-em-prol-do-rs-agencia-de-noticias\/"}],"amp_enabled":true,"_links":{"self":[{"href":"https:\/\/ejornais.com.br\/index.php\/wp-json\/wp\/v2\/posts\/25431","targetHints":{"allow":["GET"]}}],"collection":[{"href":"https:\/\/ejornais.com.br\/index.php\/wp-json\/wp\/v2\/posts"}],"about":[{"href":"https:\/\/ejornais.com.br\/index.php\/wp-json\/wp\/v2\/types\/post"}],"author":[{"embeddable":true,"href":"https:\/\/ejornais.com.br\/index.php\/wp-json\/wp\/v2\/users\/1"}],"replies":[{"embeddable":true,"href":"https:\/\/ejornais.com.br\/index.php\/wp-json\/wp\/v2\/comments?post=25431"}],"version-history":[{"count":0,"href":"https:\/\/ejornais.com.br\/index.php\/wp-json\/wp\/v2\/posts\/25431\/revisions"}],"wp:attachment":[{"href":"https:\/\/ejornais.com.br\/index.php\/wp-json\/wp\/v2\/media?parent=25431"}],"wp:term":[{"taxonomy":"category","embeddable":true,"href":"https:\/\/ejornais.com.br\/index.php\/wp-json\/wp\/v2\/categories?post=25431"},{"taxonomy":"post_tag","embeddable":true,"href":"https:\/\/ejornais.com.br\/index.php\/wp-json\/wp\/v2\/tags?post=25431"}],"curies":[{"name":"wp","href":"https:\/\/api.w.org\/{rel}","templated":true}]}}