{"id":25522,"date":"2024-05-20T13:53:44","date_gmt":"2024-05-20T16:53:44","guid":{"rendered":"https:\/\/ejornais.com.br\/index.php\/2024\/05\/20\/missao-visa-expandir-cooperacao-internacional-no-ifsp-ifsp\/"},"modified":"2024-05-20T13:53:44","modified_gmt":"2024-05-20T16:53:44","slug":"missao-visa-expandir-cooperacao-internacional-no-ifsp-ifsp","status":"publish","type":"post","link":"https:\/\/ejornais.com.br\/index.php\/2024\/05\/20\/missao-visa-expandir-cooperacao-internacional-no-ifsp-ifsp\/","title":{"rendered":"Miss\u00e3o visa expandir coopera\u00e7\u00e3o internacional no IFSP\u00a0 &#8211; IFSP"},"content":{"rendered":"<p><\/p>\n<div>\n<div class=\"subtitle\">\n<p><span data-contrast=\"none\">Servidores prospectaram o nome da Institui\u00e7\u00e3o na Fran\u00e7a e em Portugal<\/span><span data-ccp-props=\"{&quot;134233117&quot;:false,&quot;134233118&quot;:false,&quot;201341983&quot;:0,&quot;335551550&quot;:0,&quot;335551620&quot;:0,&quot;335559738&quot;:0,&quot;335559739&quot;:160,&quot;335559740&quot;:279}\">\u00a0<\/span><\/p>\n<\/div>\n<p><!-- fim .content-header-options-1 --><\/p>\n<p><span data-contrast=\"none\">O coordenador de Rela\u00e7\u00f5es Internacionais do IFSP, Wagner Belo, e o diretor-geral do Campus Avar\u00e9, Sebasti\u00e3o Cruz, realizaram uma miss\u00e3o pela Fran\u00e7a e por Portugal, ao longo da \u00faltima semana, com o objetivo de visitar parceiros, identificar oportunidades, prospectar o nome do IFSP e fomentar novas colabora\u00e7\u00f5es em diversas \u00e1reas de conhecimento.\u00a0<\/span><span data-ccp-props=\"{&quot;134233117&quot;:false,&quot;134233118&quot;:false,&quot;201341983&quot;:0,&quot;335551550&quot;:0,&quot;335551620&quot;:0,&quot;335559738&quot;:0,&quot;335559739&quot;:160,&quot;335559740&quot;:279}\">\u00a0<\/span><\/p>\n<p><span data-contrast=\"none\"><span class=\"easy_img_caption\" style=\"display:inline-table;max-width:100%;box-sizing:border-box;vertical-align:top;background-color:#F2F2F2;padding:6px 6px 0px 6px;width:415px;float:left;margin: 10px;\"><span class=\"easy_img_caption_inner\" style=\"display:block;\"><span style=\"display:block;color:#000000;font-size:13px;line-height:1.3;font-weight:normal;font-style:normal;text-align:left;padding:4px 0px 4px 0px;margin:0px;\">Visita ao Lyc\u00e9e le Fresne<\/span><\/span><\/span>Na Fran\u00e7a, estiveram no Lyc\u00e9e Agr\u00edcola Le Fresne e no Lyc\u00e9e Le Pouill\u00e9, ambos na cidade de Angers, onde, al\u00e9m de conheceram a\u00e7\u00f5es na \u00e1rea agr\u00edcola e ambiental, identificaram in\u00fameras sinergias entre as a\u00e7\u00f5es desenvolvidas nas institui\u00e7\u00f5es francesas e em cursos no IFSP. <\/span><span data-ccp-props=\"{&quot;134233117&quot;:false,&quot;134233118&quot;:false,&quot;201341983&quot;:0,&quot;335551550&quot;:0,&quot;335551620&quot;:0,&quot;335559738&quot;:0,&quot;335559739&quot;:160,&quot;335559740&quot;:279}\">\u00a0<\/span><\/p>\n<p><span data-contrast=\"none\">Ainda na Fran\u00e7a, foram recebidos por Gerard Ruiz, respons\u00e1vel pela coopera\u00e7\u00e3o internacional com a Am\u00e9rica Latina dentro do Minist\u00e9rio da Agricultura, para quem apresentaram\u00a0as possibilidades de coopera\u00e7\u00e3o existentes com o IFSP.\u00a0<\/span><span data-ccp-props=\"{&quot;134233117&quot;:false,&quot;134233118&quot;:false,&quot;201341983&quot;:0,&quot;335551550&quot;:0,&quot;335551620&quot;:0,&quot;335559738&quot;:0,&quot;335559739&quot;:160,&quot;335559740&quot;:279}\">\u00a0<\/span><\/p>\n<p><span data-contrast=\"none\">Na sequ\u00eancia, estiveram em diversas cidades de Portugal visitando os seguintes parceiros: Instituto Polit\u00e9cnico do Set\u00fabal, Instituto Polit\u00e9cnico do Porto, Instituto Polit\u00e9cnico do C\u00e1vado e Ave, Instituto Polit\u00e9cnico de Bragan\u00e7a, al\u00e9m da sede do\u00a0Conselho Coordenador dos Institutos Superiores Polit\u00e9cnicos (CCISP). Wagner e Sebasti\u00e3o se encontraram tamb\u00e9m\u00a0com alunos do IFSP que est\u00e3o em mobilidade estudantil no exterior e com os tr\u00eas professores do Instituto Federal que se encontram em Portugal atuando como professores visitantes no Instituto Polit\u00e9cnico de Bragan\u00e7a.\u00a0<\/span><span data-ccp-props=\"{&quot;134233117&quot;:false,&quot;134233118&quot;:false,&quot;134245418&quot;:true,&quot;134245529&quot;:true,&quot;201341983&quot;:0,&quot;335551550&quot;:0,&quot;335551620&quot;:0,&quot;335557856&quot;:16777215,&quot;335559738&quot;:0,&quot;335559739&quot;:0,&quot;335559740&quot;:279}\">\u00a0<\/span><\/p>\n<p><span data-ccp-props=\"{&quot;201341983&quot;:0,&quot;335551550&quot;:0,&quot;335551620&quot;:0,&quot;335559739&quot;:160,&quot;335559740&quot;:279}\">\u00a0<\/span><span data-contrast=\"none\">A\u00a0viagem dos servidores do IFSP ao exterior foi custeada com recursos oriundos de capta\u00e7\u00e3o externa.\u00a0<\/span><span data-ccp-props=\"{&quot;134233117&quot;:false,&quot;134233118&quot;:false,&quot;201341983&quot;:0,&quot;335551550&quot;:0,&quot;335551620&quot;:0,&quot;335559738&quot;:0,&quot;335559739&quot;:160,&quot;335559740&quot;:279}\">\u00a0<\/span><\/p>\n<p><span data-ccp-props=\"{&quot;134233117&quot;:false,&quot;134233118&quot;:false,&quot;201341983&quot;:0,&quot;335551550&quot;:0,&quot;335551620&quot;:0,&quot;335559738&quot;:0,&quot;335559739&quot;:160,&quot;335559740&quot;:279}\"><\/span><\/p>\n<p style=\"text-align: center;\"><strong>Os servidores Wagner Belo e Sebasti\u00e3o Cruz durante visitas realizadas na Fran\u00e7a e em Portugal<\/strong><\/p>\n<\/div>\n<p><script>(function(d, s, id) {\n  var js, fjs = d.getElementsByTagName(s)[0];\n  if (d.getElementById(id)) return;\n  js = d.createElement(s); js.id = id;\n  js.src = \"\/\/connect.facebook.net\/pt_BR\/all.js#xfbml=1&appId=509544779073047\";\n  fjs.parentNode.insertBefore(js, fjs);\n }(document, 'script', 'facebook-jssdk'));<\/script><\/p>\n","protected":false},"excerpt":{"rendered":"<p>Servidores prospectaram o nome da Institui\u00e7\u00e3o na Fran\u00e7a e em Portugal\u00a0 O coordenador de Rela\u00e7\u00f5es Internacionais do IFSP, Wagner Belo,<\/p>\n","protected":false},"author":1,"featured_media":0,"comment_status":"","ping_status":"","sticky":false,"template":"","format":"standard","meta":{"colormag_page_container_layout":"default_layout","colormag_page_sidebar_layout":"default_layout","footnotes":""},"categories":[1],"tags":[],"class_list":["post-25522","post","type-post","status-publish","format-standard","hentry","category-ejornais"],"aioseo_notices":[],"aioseo_head":"\n\t\t<!-- All in One SEO 5.0.1.1 - aioseo.com -->\n\t<meta name=\"description\" content=\"Servidores prospectaram o nome da Institui\u00e7\u00e3o na Fran\u00e7a e em Portugal O coordenador de Rela\u00e7\u00f5es Internacionais do IFSP, Wagner Belo, e o diretor-geral do Campus Avar\u00e9, Sebasti\u00e3o Cruz, realizaram uma miss\u00e3o pela Fran\u00e7a e por Portugal, ao longo da \u00faltima semana, com o objetivo de visitar parceiros, identificar oportunidades, prospectar o nome do IFSP e\" \/>\n\t<meta name=\"robots\" content=\"max-image-preview:large\" \/>\n\t<link rel=\"canonical\" href=\"https:\/\/ejornais.com.br\/index.php\/2024\/05\/20\/missao-visa-expandir-cooperacao-internacional-no-ifsp-ifsp\/\" \/>\n\t<meta name=\"generator\" content=\"All in One SEO (AIOSEO) 5.0.1.1\" \/>\n\t\t<meta property=\"og:locale\" content=\"pt_BR\" \/>\n\t\t<meta property=\"og:site_name\" content=\"eJornais - Cat\u00e1logo de Jornais no mundo, Not\u00edcias, Blog e Esportes ao vivo\" \/>\n\t\t<meta property=\"og:type\" content=\"article\" \/>\n\t\t<meta property=\"og:title\" content=\"Miss\u00e3o visa expandir coopera\u00e7\u00e3o internacional no IFSP \u2013 IFSP - eJornais\" \/>\n\t\t<meta property=\"og:description\" content=\"Servidores prospectaram o nome da Institui\u00e7\u00e3o na Fran\u00e7a e em Portugal O coordenador de Rela\u00e7\u00f5es Internacionais do IFSP, Wagner Belo, e o diretor-geral do Campus Avar\u00e9, Sebasti\u00e3o Cruz, realizaram uma miss\u00e3o pela Fran\u00e7a e por Portugal, ao longo da \u00faltima semana, com o objetivo de visitar parceiros, identificar oportunidades, prospectar o nome do IFSP e\" \/>\n\t\t<meta property=\"og:url\" content=\"https:\/\/ejornais.com.br\/index.php\/2024\/05\/20\/missao-visa-expandir-cooperacao-internacional-no-ifsp-ifsp\/\" \/>\n\t\t<meta property=\"article:published_time\" content=\"2024-05-20T16:53:44+00:00\" \/>\n\t\t<meta property=\"article:modified_time\" content=\"2024-05-20T16:53:44+00:00\" \/>\n\t\t<meta name=\"twitter:card\" content=\"summary_large_image\" \/>\n\t\t<meta name=\"twitter:title\" content=\"Miss\u00e3o visa expandir coopera\u00e7\u00e3o internacional no IFSP \u2013 IFSP - eJornais\" \/>\n\t\t<meta name=\"twitter:description\" content=\"Servidores prospectaram o nome da Institui\u00e7\u00e3o na Fran\u00e7a e em Portugal O coordenador de Rela\u00e7\u00f5es Internacionais do IFSP, Wagner Belo, e o diretor-geral do Campus Avar\u00e9, Sebasti\u00e3o Cruz, realizaram uma miss\u00e3o pela Fran\u00e7a e por Portugal, ao longo da \u00faltima semana, com o objetivo de visitar parceiros, identificar oportunidades, prospectar o nome do IFSP e\" \/>\n\t\t<script type=\"application\/ld+json\" class=\"aioseo-schema\">\n\t\t\t{\"@context\":\"https:\\\/\\\/schema.org\",\"@graph\":[{\"@type\":\"BlogPosting\",\"@id\":\"https:\\\/\\\/ejornais.com.br\\\/index.php\\\/2024\\\/05\\\/20\\\/missao-visa-expandir-cooperacao-internacional-no-ifsp-ifsp\\\/#blogposting\",\"name\":\"Miss\\u00e3o visa expandir coopera\\u00e7\\u00e3o internacional no IFSP \\u2013 IFSP - eJornais\",\"headline\":\"Miss\\u00e3o visa expandir coopera\\u00e7\\u00e3o internacional no IFSP\\u00a0 &#8211; IFSP\",\"author\":{\"@id\":\"https:\\\/\\\/ejornais.com.br\\\/index.php\\\/author\\\/#author\"},\"publisher\":{\"@id\":\"https:\\\/\\\/ejornais.com.br\\\/#organization\"},\"datePublished\":\"2024-05-20T13:53:44-03:00\",\"dateModified\":\"2024-05-20T13:53:44-03:00\",\"inLanguage\":\"pt-BR\",\"mainEntityOfPage\":{\"@id\":\"https:\\\/\\\/ejornais.com.br\\\/index.php\\\/2024\\\/05\\\/20\\\/missao-visa-expandir-cooperacao-internacional-no-ifsp-ifsp\\\/#webpage\"},\"isPartOf\":{\"@id\":\"https:\\\/\\\/ejornais.com.br\\\/index.php\\\/2024\\\/05\\\/20\\\/missao-visa-expandir-cooperacao-internacional-no-ifsp-ifsp\\\/#webpage\"},\"articleSection\":\"Cat\\u00e1logo de Jornais\"},{\"@type\":\"BreadcrumbList\",\"@id\":\"https:\\\/\\\/ejornais.com.br\\\/index.php\\\/2024\\\/05\\\/20\\\/missao-visa-expandir-cooperacao-internacional-no-ifsp-ifsp\\\/#breadcrumblist\",\"itemListElement\":[{\"@type\":\"ListItem\",\"@id\":\"https:\\\/\\\/ejornais.com.br#listItem\",\"position\":1,\"name\":\"In\\u00edcio\",\"item\":\"https:\\\/\\\/ejornais.com.br\",\"nextItem\":{\"@type\":\"ListItem\",\"@id\":\"https:\\\/\\\/ejornais.com.br\\\/index.php\\\/category\\\/ejornais\\\/#listItem\",\"name\":\"Cat\\u00e1logo de Jornais\"}},{\"@type\":\"ListItem\",\"@id\":\"https:\\\/\\\/ejornais.com.br\\\/index.php\\\/category\\\/ejornais\\\/#listItem\",\"position\":2,\"name\":\"Cat\\u00e1logo de Jornais\",\"item\":\"https:\\\/\\\/ejornais.com.br\\\/index.php\\\/category\\\/ejornais\\\/\",\"nextItem\":{\"@type\":\"ListItem\",\"@id\":\"https:\\\/\\\/ejornais.com.br\\\/index.php\\\/2024\\\/05\\\/20\\\/missao-visa-expandir-cooperacao-internacional-no-ifsp-ifsp\\\/#listItem\",\"name\":\"Miss\\u00e3o visa expandir coopera\\u00e7\\u00e3o internacional no IFSP\\u00a0 &#8211; IFSP\"},\"previousItem\":{\"@type\":\"ListItem\",\"@id\":\"https:\\\/\\\/ejornais.com.br#listItem\",\"name\":\"In\\u00edcio\"}},{\"@type\":\"ListItem\",\"@id\":\"https:\\\/\\\/ejornais.com.br\\\/index.php\\\/2024\\\/05\\\/20\\\/missao-visa-expandir-cooperacao-internacional-no-ifsp-ifsp\\\/#listItem\",\"position\":3,\"name\":\"Miss\\u00e3o visa expandir coopera\\u00e7\\u00e3o internacional no IFSP\\u00a0 &#8211; IFSP\",\"previousItem\":{\"@type\":\"ListItem\",\"@id\":\"https:\\\/\\\/ejornais.com.br\\\/index.php\\\/category\\\/ejornais\\\/#listItem\",\"name\":\"Cat\\u00e1logo de Jornais\"}}]},{\"@type\":\"Organization\",\"@id\":\"https:\\\/\\\/ejornais.com.br\\\/#organization\",\"name\":\"eJornais\",\"description\":\"Cat\\u00e1logo de Jornais no mundo, Not\\u00edcias, Blog e Esportes ao vivo\",\"url\":\"https:\\\/\\\/ejornais.com.br\\\/\"},{\"@type\":\"Person\",\"@id\":\"https:\\\/\\\/ejornais.com.br\\\/index.php\\\/author\\\/#author\",\"url\":\"https:\\\/\\\/ejornais.com.br\\\/index.php\\\/author\\\/\"},{\"@type\":\"WebPage\",\"@id\":\"https:\\\/\\\/ejornais.com.br\\\/index.php\\\/2024\\\/05\\\/20\\\/missao-visa-expandir-cooperacao-internacional-no-ifsp-ifsp\\\/#webpage\",\"url\":\"https:\\\/\\\/ejornais.com.br\\\/index.php\\\/2024\\\/05\\\/20\\\/missao-visa-expandir-cooperacao-internacional-no-ifsp-ifsp\\\/\",\"name\":\"Miss\\u00e3o visa expandir coopera\\u00e7\\u00e3o internacional no IFSP \\u2013 IFSP - eJornais\",\"description\":\"Servidores prospectaram o nome da Institui\\u00e7\\u00e3o na Fran\\u00e7a e em Portugal O coordenador de Rela\\u00e7\\u00f5es Internacionais do IFSP, Wagner Belo, e o diretor-geral do Campus Avar\\u00e9, Sebasti\\u00e3o Cruz, realizaram uma miss\\u00e3o pela Fran\\u00e7a e por Portugal, ao longo da \\u00faltima semana, com o objetivo de visitar parceiros, identificar oportunidades, prospectar o nome do IFSP e\",\"inLanguage\":\"pt-BR\",\"isPartOf\":{\"@id\":\"https:\\\/\\\/ejornais.com.br\\\/#website\"},\"breadcrumb\":{\"@id\":\"https:\\\/\\\/ejornais.com.br\\\/index.php\\\/2024\\\/05\\\/20\\\/missao-visa-expandir-cooperacao-internacional-no-ifsp-ifsp\\\/#breadcrumblist\"},\"author\":{\"@id\":\"https:\\\/\\\/ejornais.com.br\\\/index.php\\\/author\\\/#author\"},\"creator\":{\"@id\":\"https:\\\/\\\/ejornais.com.br\\\/index.php\\\/author\\\/#author\"},\"datePublished\":\"2024-05-20T13:53:44-03:00\",\"dateModified\":\"2024-05-20T13:53:44-03:00\"},{\"@type\":\"WebSite\",\"@id\":\"https:\\\/\\\/ejornais.com.br\\\/#website\",\"url\":\"https:\\\/\\\/ejornais.com.br\\\/\",\"name\":\"eJornais\",\"description\":\"Cat\\u00e1logo de Jornais no mundo, Not\\u00edcias, Blog e Esportes ao vivo\",\"inLanguage\":\"pt-BR\",\"publisher\":{\"@id\":\"https:\\\/\\\/ejornais.com.br\\\/#organization\"}}]}\n\t\t<\/script>\n\t\t<!-- All in One SEO -->\n\n","aioseo_head_json":{"title":"Miss\u00e3o visa expandir coopera\u00e7\u00e3o internacional no IFSP \u2013 IFSP - eJornais","description":"Servidores prospectaram o nome da Institui\u00e7\u00e3o na Fran\u00e7a e em Portugal O coordenador de Rela\u00e7\u00f5es Internacionais do IFSP, Wagner Belo, e o diretor-geral do Campus Avar\u00e9, Sebasti\u00e3o Cruz, realizaram uma miss\u00e3o pela Fran\u00e7a e por Portugal, ao longo da \u00faltima semana, com o objetivo de visitar parceiros, identificar oportunidades, prospectar o nome do IFSP e","canonical_url":"https:\/\/ejornais.com.br\/index.php\/2024\/05\/20\/missao-visa-expandir-cooperacao-internacional-no-ifsp-ifsp\/","robots":"max-image-preview:large","keywords":"","webmasterTools":{"miscellaneous":""},"schema":{"@context":"https:\/\/schema.org","@graph":[{"@type":"BlogPosting","@id":"https:\/\/ejornais.com.br\/index.php\/2024\/05\/20\/missao-visa-expandir-cooperacao-internacional-no-ifsp-ifsp\/#blogposting","name":"Miss\u00e3o visa expandir coopera\u00e7\u00e3o internacional no IFSP \u2013 IFSP - eJornais","headline":"Miss\u00e3o visa expandir coopera\u00e7\u00e3o internacional no IFSP\u00a0 &#8211; IFSP","author":{"@id":"https:\/\/ejornais.com.br\/index.php\/author\/#author"},"publisher":{"@id":"https:\/\/ejornais.com.br\/#organization"},"datePublished":"2024-05-20T13:53:44-03:00","dateModified":"2024-05-20T13:53:44-03:00","inLanguage":"pt-BR","mainEntityOfPage":{"@id":"https:\/\/ejornais.com.br\/index.php\/2024\/05\/20\/missao-visa-expandir-cooperacao-internacional-no-ifsp-ifsp\/#webpage"},"isPartOf":{"@id":"https:\/\/ejornais.com.br\/index.php\/2024\/05\/20\/missao-visa-expandir-cooperacao-internacional-no-ifsp-ifsp\/#webpage"},"articleSection":"Cat\u00e1logo de Jornais"},{"@type":"BreadcrumbList","@id":"https:\/\/ejornais.com.br\/index.php\/2024\/05\/20\/missao-visa-expandir-cooperacao-internacional-no-ifsp-ifsp\/#breadcrumblist","itemListElement":[{"@type":"ListItem","@id":"https:\/\/ejornais.com.br#listItem","position":1,"name":"In\u00edcio","item":"https:\/\/ejornais.com.br","nextItem":{"@type":"ListItem","@id":"https:\/\/ejornais.com.br\/index.php\/category\/ejornais\/#listItem","name":"Cat\u00e1logo de Jornais"}},{"@type":"ListItem","@id":"https:\/\/ejornais.com.br\/index.php\/category\/ejornais\/#listItem","position":2,"name":"Cat\u00e1logo de Jornais","item":"https:\/\/ejornais.com.br\/index.php\/category\/ejornais\/","nextItem":{"@type":"ListItem","@id":"https:\/\/ejornais.com.br\/index.php\/2024\/05\/20\/missao-visa-expandir-cooperacao-internacional-no-ifsp-ifsp\/#listItem","name":"Miss\u00e3o visa expandir coopera\u00e7\u00e3o internacional no IFSP\u00a0 &#8211; IFSP"},"previousItem":{"@type":"ListItem","@id":"https:\/\/ejornais.com.br#listItem","name":"In\u00edcio"}},{"@type":"ListItem","@id":"https:\/\/ejornais.com.br\/index.php\/2024\/05\/20\/missao-visa-expandir-cooperacao-internacional-no-ifsp-ifsp\/#listItem","position":3,"name":"Miss\u00e3o visa expandir coopera\u00e7\u00e3o internacional no IFSP\u00a0 &#8211; IFSP","previousItem":{"@type":"ListItem","@id":"https:\/\/ejornais.com.br\/index.php\/category\/ejornais\/#listItem","name":"Cat\u00e1logo de Jornais"}}]},{"@type":"Organization","@id":"https:\/\/ejornais.com.br\/#organization","name":"eJornais","description":"Cat\u00e1logo de Jornais no mundo, Not\u00edcias, Blog e Esportes ao vivo","url":"https:\/\/ejornais.com.br\/"},{"@type":"Person","@id":"https:\/\/ejornais.com.br\/index.php\/author\/#author","url":"https:\/\/ejornais.com.br\/index.php\/author\/"},{"@type":"WebPage","@id":"https:\/\/ejornais.com.br\/index.php\/2024\/05\/20\/missao-visa-expandir-cooperacao-internacional-no-ifsp-ifsp\/#webpage","url":"https:\/\/ejornais.com.br\/index.php\/2024\/05\/20\/missao-visa-expandir-cooperacao-internacional-no-ifsp-ifsp\/","name":"Miss\u00e3o visa expandir coopera\u00e7\u00e3o internacional no IFSP \u2013 IFSP - eJornais","description":"Servidores prospectaram o nome da Institui\u00e7\u00e3o na Fran\u00e7a e em Portugal O coordenador de Rela\u00e7\u00f5es Internacionais do IFSP, Wagner Belo, e o diretor-geral do Campus Avar\u00e9, Sebasti\u00e3o Cruz, realizaram uma miss\u00e3o pela Fran\u00e7a e por Portugal, ao longo da \u00faltima semana, com o objetivo de visitar parceiros, identificar oportunidades, prospectar o nome do IFSP e","inLanguage":"pt-BR","isPartOf":{"@id":"https:\/\/ejornais.com.br\/#website"},"breadcrumb":{"@id":"https:\/\/ejornais.com.br\/index.php\/2024\/05\/20\/missao-visa-expandir-cooperacao-internacional-no-ifsp-ifsp\/#breadcrumblist"},"author":{"@id":"https:\/\/ejornais.com.br\/index.php\/author\/#author"},"creator":{"@id":"https:\/\/ejornais.com.br\/index.php\/author\/#author"},"datePublished":"2024-05-20T13:53:44-03:00","dateModified":"2024-05-20T13:53:44-03:00"},{"@type":"WebSite","@id":"https:\/\/ejornais.com.br\/#website","url":"https:\/\/ejornais.com.br\/","name":"eJornais","description":"Cat\u00e1logo de Jornais no mundo, Not\u00edcias, Blog e Esportes ao vivo","inLanguage":"pt-BR","publisher":{"@id":"https:\/\/ejornais.com.br\/#organization"}}]},"og:locale":"pt_BR","og:site_name":"eJornais - Cat\u00e1logo de Jornais no mundo, Not\u00edcias, Blog e Esportes ao vivo","og:type":"article","og:title":"Miss\u00e3o visa expandir coopera\u00e7\u00e3o internacional no IFSP \u2013 IFSP - eJornais","og:description":"Servidores prospectaram o nome da Institui\u00e7\u00e3o na Fran\u00e7a e em Portugal O coordenador de Rela\u00e7\u00f5es Internacionais do IFSP, Wagner Belo, e o diretor-geral do Campus Avar\u00e9, Sebasti\u00e3o Cruz, realizaram uma miss\u00e3o pela Fran\u00e7a e por Portugal, ao longo da \u00faltima semana, com o objetivo de visitar parceiros, identificar oportunidades, prospectar o nome do IFSP e","og:url":"https:\/\/ejornais.com.br\/index.php\/2024\/05\/20\/missao-visa-expandir-cooperacao-internacional-no-ifsp-ifsp\/","article:published_time":"2024-05-20T16:53:44+00:00","article:modified_time":"2024-05-20T16:53:44+00:00","twitter:card":"summary_large_image","twitter:title":"Miss\u00e3o visa expandir coopera\u00e7\u00e3o internacional no IFSP \u2013 IFSP - eJornais","twitter:description":"Servidores prospectaram o nome da Institui\u00e7\u00e3o na Fran\u00e7a e em Portugal O coordenador de Rela\u00e7\u00f5es Internacionais do IFSP, Wagner Belo, e o diretor-geral do Campus Avar\u00e9, Sebasti\u00e3o Cruz, realizaram uma miss\u00e3o pela Fran\u00e7a e por Portugal, ao longo da \u00faltima semana, com o objetivo de visitar parceiros, identificar oportunidades, prospectar o nome do IFSP e"},"aioseo_meta_data":{"post_id":"25522","title":null,"description":null,"keywords":null,"keyphrases":null,"primary_term":null,"canonical_url":null,"og_title":null,"og_description":null,"og_object_type":"default","og_image_type":"default","og_image_url":null,"og_image_width":null,"og_image_height":null,"og_image_custom_url":null,"og_image_custom_fields":null,"og_video":null,"og_custom_url":null,"og_article_section":null,"og_article_tags":null,"twitter_use_og":false,"twitter_card":"default","twitter_image_type":"default","twitter_image_url":null,"twitter_image_custom_url":null,"twitter_image_custom_fields":null,"twitter_title":null,"twitter_description":null,"schema":{"blockGraphs":[],"customGraphs":[],"default":{"data":{"Article":[],"Course":[],"Dataset":[],"FAQPage":[],"Movie":[],"Person":[],"Product":[],"ProductReview":[],"Car":[],"Recipe":[],"Service":[],"SoftwareApplication":[],"WebPage":[]},"graphName":"","isEnabled":true},"graphs":[]},"schema_type":"default","schema_type_options":null,"pillar_content":false,"robots_default":true,"robots_noindex":false,"robots_noarchive":false,"robots_nosnippet":false,"robots_nofollow":false,"robots_noimageindex":false,"robots_noodp":false,"robots_notranslate":false,"robots_max_snippet":null,"robots_max_videopreview":null,"robots_max_imagepreview":"large","priority":null,"frequency":null,"local_seo":null,"breadcrumb_settings":null,"limit_modified_date":false,"ai":null,"created":"2024-05-20 16:54:49","updated":"2025-06-05 13:02:55","seo_analyzer_scan_date":null,"focus_keyword":null,"additional_keywords":null,"truseo_locale":null},"aioseo_breadcrumb":"<div class=\"aioseo-breadcrumbs\"><span class=\"aioseo-breadcrumb\">\n\t\t\t<a href=\"https:\/\/ejornais.com.br\" title=\"In\u00edcio\">In\u00edcio<\/a>\n\t\t<\/span><span class=\"aioseo-breadcrumb-separator\">&raquo;<\/span><span class=\"aioseo-breadcrumb\">\n\t\t\t<a href=\"https:\/\/ejornais.com.br\/index.php\/category\/ejornais\/\" title=\"Cat\u00e1logo de Jornais\">Cat\u00e1logo de Jornais<\/a>\n\t\t<\/span><span class=\"aioseo-breadcrumb-separator\">&raquo;<\/span><span class=\"aioseo-breadcrumb\">\n\t\t\tMiss\u00e3o visa expandir coopera\u00e7\u00e3o internacional no IFSP  \u2013 IFSP\n\t\t<\/span><\/div>","aioseo_breadcrumb_json":[{"label":"In\u00edcio","link":"https:\/\/ejornais.com.br"},{"label":"Cat\u00e1logo de Jornais","link":"https:\/\/ejornais.com.br\/index.php\/category\/ejornais\/"},{"label":"Miss\u00e3o visa expandir coopera\u00e7\u00e3o internacional no IFSP\u00a0 &#8211; IFSP","link":"https:\/\/ejornais.com.br\/index.php\/2024\/05\/20\/missao-visa-expandir-cooperacao-internacional-no-ifsp-ifsp\/"}],"amp_enabled":true,"_links":{"self":[{"href":"https:\/\/ejornais.com.br\/index.php\/wp-json\/wp\/v2\/posts\/25522","targetHints":{"allow":["GET"]}}],"collection":[{"href":"https:\/\/ejornais.com.br\/index.php\/wp-json\/wp\/v2\/posts"}],"about":[{"href":"https:\/\/ejornais.com.br\/index.php\/wp-json\/wp\/v2\/types\/post"}],"author":[{"embeddable":true,"href":"https:\/\/ejornais.com.br\/index.php\/wp-json\/wp\/v2\/users\/1"}],"replies":[{"embeddable":true,"href":"https:\/\/ejornais.com.br\/index.php\/wp-json\/wp\/v2\/comments?post=25522"}],"version-history":[{"count":0,"href":"https:\/\/ejornais.com.br\/index.php\/wp-json\/wp\/v2\/posts\/25522\/revisions"}],"wp:attachment":[{"href":"https:\/\/ejornais.com.br\/index.php\/wp-json\/wp\/v2\/media?parent=25522"}],"wp:term":[{"taxonomy":"category","embeddable":true,"href":"https:\/\/ejornais.com.br\/index.php\/wp-json\/wp\/v2\/categories?post=25522"},{"taxonomy":"post_tag","embeddable":true,"href":"https:\/\/ejornais.com.br\/index.php\/wp-json\/wp\/v2\/tags?post=25522"}],"curies":[{"name":"wp","href":"https:\/\/api.w.org\/{rel}","templated":true}]}}