{"id":25765,"date":"2024-05-23T21:25:26","date_gmt":"2024-05-24T00:25:26","guid":{"rendered":"https:\/\/ejornais.com.br\/index.php\/2024\/05\/23\/governo-do-ms-recebe-presidente-da-funai-para-discutir-e-fortalecer-politicas-publicas-aos-povos-originarios\/"},"modified":"2024-05-23T21:25:26","modified_gmt":"2024-05-24T00:25:26","slug":"governo-do-ms-recebe-presidente-da-funai-para-discutir-e-fortalecer-politicas-publicas-aos-povos-originarios","status":"publish","type":"post","link":"https:\/\/ejornais.com.br\/index.php\/2024\/05\/23\/governo-do-ms-recebe-presidente-da-funai-para-discutir-e-fortalecer-politicas-publicas-aos-povos-originarios\/","title":{"rendered":"Governo do MS recebe presidente da Funai para discutir e fortalecer pol\u00edticas p\u00fablicas aos povos origin\u00e1rios"},"content":{"rendered":"<p><\/p>\n<div>\n<p style=\"text-align: center;\"><em>Reuni\u00e3o de trabalho discutiu investimentos e a\u00e7\u00f5es em prol das comunidades ind\u00edgenas<\/em><\/p>\n<p>O Governo de Mato Grosso do Sul recebeu quinta-feira (23) a visita da presidente da Funda\u00e7\u00e3o Nacional dos Povos Ind\u00edgenas (FUNAI), Joen\u00eda Wapichana, e sua comitiva, para discutir demandas e estrat\u00e9gias de fortalecimento das pol\u00edticas p\u00fablicas voltadas aos povos origin\u00e1rios.<\/p>\n<p>O encontro foi marcado por uma rica troca de experi\u00eancias e ideias entre os governos federal e estadual, al\u00e9m de representantes das comunidades ind\u00edgenas, visando a\u00e7\u00f5es que atendam \u00e0s necessidades na \u00e1rea da seguran\u00e7a, cidadania, abastecimento de \u00e1gua, habita\u00e7\u00e3o entre outras pautas.<\/p>\n<p>Durante a reuni\u00e3o, o vice-governador Jos\u00e9 Carlos Barbosa, o Barbosinha, destacou o compromisso do governo em ouvir e buscar atender \u00e0s demandas da popula\u00e7\u00e3o ind\u00edgena.<\/p>\n<p>&#8220;Estamos empenhados em garantir que todas as comunidades ind\u00edgenas do nosso Estado tenham acesso aos direitos b\u00e1sicos e \u00e0 melhoria cont\u00ednua de suas condi\u00e7\u00f5es de vida. Esta reuni\u00e3o \u00e9 uma demonstra\u00e7\u00e3o clara de nossa disposi\u00e7\u00e3o em trabalhar em parceria com a Funai para criar e fortalecer Pol\u00edticas P\u00fablicas eficazes e inclusivas&#8221;, afirmou Barbosinha.<\/p>\n<p>A presidente da Funai, Joen\u00eda Wapichana, elogiou os esfor\u00e7os do Estado e destacou a import\u00e2ncia da coopera\u00e7\u00e3o entre os diferentes n\u00edveis de governo.<\/p>\n<p>&#8220;A integra\u00e7\u00e3o das secretarias estaduais e a disposi\u00e7\u00e3o para ouvir as lideran\u00e7as ind\u00edgenas s\u00e3o fundamentais para o sucesso das pol\u00edticas p\u00fablicas. A Funai apoia e fortalece essas iniciativas, garantindo que os direitos e a dignidade dos povos origin\u00e1rios sejam sempre respeitados&#8221;, disse Joen\u00eda.<\/p>\n<p>O encontro tamb\u00e9m foi uma oportunidade para apresentar os diversos investimentos da Subsecretaria de Estado de Pol\u00edticas P\u00fablicas para os Povos Origin\u00e1rios, vinculada \u00e0 SEC (Secretaria de Estado de Cidadania). Entre os principais projetos, destacam-se:<\/p>\n<p><strong>Cursos de Forma\u00e7\u00e3o em Parceria com o Senar<\/strong>: Em 2023, foram oferecidos 10 cursos que capacitaram 200 pessoas nos munic\u00edpios de Amambai e Dourados.<\/p>\n<p><strong>Habita\u00e7\u00e3o Ind\u00edgena:<\/strong> A constru\u00e7\u00e3o de 1.400 unidades habitacionais para fam\u00edlias ind\u00edgenas em 20 munic\u00edpios, com in\u00edcio das obras previsto para o segundo semestre de 2024.<\/p>\n<p><strong>Abastecimento de \u00c1gua nas Comunidades Ind\u00edgenas do Conesul:<\/strong> Parceria com a Itaipu Binacional para infraestrutura de esgoto e abastecimento de \u00e1gua, com investimento total de R$ 137 milh\u00f5es.<\/p>\n<p><strong>Abastecimento de \u00c1gua na Reserva Ind\u00edgena de Dourados:<\/strong> Projeto em colabora\u00e7\u00e3o com SANESUL e o Governo Federal para reestruturar o sistema de abastecimento de \u00e1gua na reserva, beneficiando cerca de 20 mil ind\u00edgenas.<\/p>\n<p><strong>MS Ind\u00edgena:<\/strong> Projeto que mapeia e analisa a popula\u00e7\u00e3o ind\u00edgena, subsidiando a cria\u00e7\u00e3o de pol\u00edticas p\u00fablicas espec\u00edficas.<\/p>\n<p><strong>Empretec Ind\u00edgena:<\/strong> Programa de capacita\u00e7\u00e3o em empreendedorismo iniciado em Brasil\u00e2ndia com a etnia Ofai\u00e9s, visando promover a autonomia financeira das comunidades.<\/p>\n<p><strong>MS Acess\u00edvel:<\/strong> Iniciativa para garantir os direitos das pessoas ind\u00edgenas com defici\u00eancia, atrav\u00e9s de escuta qualificada e cria\u00e7\u00e3o de redes de apoio.<\/p>\n<p><strong>MS em A\u00e7\u00e3o:<\/strong> Seguran\u00e7a e Cidadania: Parceria para oferecer servi\u00e7os essenciais \u00e0 popula\u00e7\u00e3o ind\u00edgena, incluindo documenta\u00e7\u00e3o, atendimentos m\u00e9dicos e odontol\u00f3gicos.<\/p>\n<p><strong>Cestas Alimentares para Fam\u00edlias Ind\u00edgenas:<\/strong> Distribui\u00e7\u00e3o mensal de 19.899 cestas alimentares em 86 aldeias de 55 munic\u00edpios, garantindo a seguran\u00e7a alimentar.<\/p>\n<p><strong>MS Supera:<\/strong> Benef\u00edcio social destinado a estudantes de baixa renda, com 400 vagas reservadas para a popula\u00e7\u00e3o ind\u00edgena.<\/p>\n<p><strong>Programa de Apoio \u00e0s Comunidades Ind\u00edgenas e Comunidades Quilombolas (Proacinq):<\/strong> Repasse de R$ 9,2 milh\u00f5es para 16 mil fam\u00edlias ind\u00edgenas e quilombolas, incentivando a produ\u00e7\u00e3o e gera\u00e7\u00e3o de renda.<\/p>\n<div id=\"gallery-2\" class=\"gallery galleryid-477465 gallery-columns-1 gallery-size-large\">\n<figure class=\"gallery-item\">\n<div class=\"gallery-icon landscape\"><\/div>\n<\/figure><\/div>\n<p>Acompanhando a reuni\u00e3o, Danieli Luiz de Souza, representante da Associa\u00e7\u00e3o de Mulheres Solid\u00e1rias Terenas da Aldeia Bananal, destacou o avan\u00e7o para as mulheres ind\u00edgenas na regi\u00e3o de Aquidauana e as oportunidades de di\u00e1logo com o governo.<\/p>\n<p>&#8220;Temos um projeto de panifica\u00e7\u00e3o que atende fam\u00edlias sem renda, atrav\u00e9s do Programa de Aquisi\u00e7\u00e3o de Alimentos (PAA), reconhe\u00e7o que as Pol\u00edticas P\u00fablicas t\u00eam nos alcan\u00e7ado, mas precisamos estar sempre avan\u00e7ando e buscando mais incentivos.&#8221;<\/p>\n<p>Barbosinha concluiu a reuni\u00e3o refor\u00e7ando a import\u00e2ncia da parceria com a Funai. &#8220;Nossa miss\u00e3o \u00e9 garantir que todos os ind\u00edgenas de Mato Grosso do Sul tenham seus direitos respeitados e suas necessidades atendidas. Com o apoio da Funai e o trabalho integrado das nossas secretarias, estamos no caminho certo para construir um futuro mais justo e igualit\u00e1rio para todos&#8221;.<\/p>\n<p>A presidente Joen\u00eda Wapichana reafirmou o compromisso da Funai em continuar apoiando as a\u00e7\u00f5es do governo estadual, destacando a import\u00e2ncia da colabora\u00e7\u00e3o para o desenvolvimento sustent\u00e1vel das comunidades ind\u00edgenas. &#8220;Estamos aqui para fortalecer os la\u00e7os e trabalhar juntos por um Brasil que respeite e valorize a diversidade dos seus povos&#8221;.<\/p>\n<p>A visita da presidente da Funai e sua comitiva ao Mato Grosso do Sul marca um avan\u00e7o significativo na promo\u00e7\u00e3o de Pol\u00edticas P\u00fablicas inclusivas e na valoriza\u00e7\u00e3o dos povos origin\u00e1rios, reafirmando o compromisso de ambos os governos com o desenvolvimento e o bem-estar das comunidades ind\u00edgenas.<\/p>\n<p>Participaram da reuni\u00e3o de trabalho tamb\u00e9m o secret\u00e1rio estadual Antonio Carlos Videira (Sejusp), o comandante da PMMS coronel Renato dos Anjos, os deputados estaduais Pedro Kemp, Gleice Jane e Zeca do PT, e demais autoridades do Poder Executivo e Judici\u00e1rio, al\u00e9m de representantes da comunidade ind\u00edgena.<\/p>\n<div id=\"gallery-3\" class=\"gallery galleryid-477465 gallery-columns-2 gallery-size-large\">\n<figure class=\"gallery-item\">\n<div class=\"gallery-icon landscape\"><\/div>\n<\/figure>\n<figure class=\"gallery-item\">\n<div class=\"gallery-icon landscape\"><\/div>\n<\/figure><\/div>\n<p><em>Jaqueline Hahn Tente, Comunica\u00e7\u00e3o da Cidadania<\/em><br \/><em>Fotos: \u00c1lvaro Rezende<\/em><\/p>\n<\/div>\n","protected":false},"excerpt":{"rendered":"<p>Reuni\u00e3o de trabalho discutiu investimentos e a\u00e7\u00f5es em prol das comunidades ind\u00edgenas O Governo de Mato Grosso do Sul recebeu<\/p>\n","protected":false},"author":1,"featured_media":0,"comment_status":"","ping_status":"","sticky":false,"template":"","format":"standard","meta":{"colormag_page_container_layout":"default_layout","colormag_page_sidebar_layout":"default_layout","footnotes":""},"categories":[],"tags":[],"class_list":["post-25765","post","type-post","status-publish","format-standard","hentry"],"aioseo_notices":[],"amp_enabled":true,"_links":{"self":[{"href":"https:\/\/ejornais.com.br\/index.php\/wp-json\/wp\/v2\/posts\/25765","targetHints":{"allow":["GET"]}}],"collection":[{"href":"https:\/\/ejornais.com.br\/index.php\/wp-json\/wp\/v2\/posts"}],"about":[{"href":"https:\/\/ejornais.com.br\/index.php\/wp-json\/wp\/v2\/types\/post"}],"author":[{"embeddable":true,"href":"https:\/\/ejornais.com.br\/index.php\/wp-json\/wp\/v2\/users\/1"}],"replies":[{"embeddable":true,"href":"https:\/\/ejornais.com.br\/index.php\/wp-json\/wp\/v2\/comments?post=25765"}],"version-history":[{"count":0,"href":"https:\/\/ejornais.com.br\/index.php\/wp-json\/wp\/v2\/posts\/25765\/revisions"}],"wp:attachment":[{"href":"https:\/\/ejornais.com.br\/index.php\/wp-json\/wp\/v2\/media?parent=25765"}],"wp:term":[{"taxonomy":"category","embeddable":true,"href":"https:\/\/ejornais.com.br\/index.php\/wp-json\/wp\/v2\/categories?post=25765"},{"taxonomy":"post_tag","embeddable":true,"href":"https:\/\/ejornais.com.br\/index.php\/wp-json\/wp\/v2\/tags?post=25765"}],"curies":[{"name":"wp","href":"https:\/\/api.w.org\/{rel}","templated":true}]}}