{"id":25880,"date":"2024-05-25T10:32:32","date_gmt":"2024-05-25T13:32:32","guid":{"rendered":"https:\/\/ejornais.com.br\/index.php\/2024\/05\/25\/tardezinha-inclusiva-fara-homenagem-especial-para-maes-de-autistas-neste-domingo\/"},"modified":"2024-05-25T10:32:32","modified_gmt":"2024-05-25T13:32:32","slug":"tardezinha-inclusiva-fara-homenagem-especial-para-maes-de-autistas-neste-domingo","status":"publish","type":"post","link":"https:\/\/ejornais.com.br\/index.php\/2024\/05\/25\/tardezinha-inclusiva-fara-homenagem-especial-para-maes-de-autistas-neste-domingo\/","title":{"rendered":"Tardezinha Inclusiva far\u00e1 homenagem especial para m\u00e3es de autistas neste domingo"},"content":{"rendered":"<p><\/p>\n<div>\n<p>A 30\u00aa edi\u00e7\u00e3o da Tardezinha Inclusiva, que acontece neste domingo (26), far\u00e1 uma homenagem \u00e0s m\u00e3es com o tema \u2018Chuva de Amor\u2019. Realizada pela Funda\u00e7\u00e3o Cultural de Jo\u00e3o Pessoa (Funjope), Associa\u00e7\u00e3o Paraibana de Autismo (APA) e Turma T\u00e1 Blz, a Tardezinha Inclusiva acontece no Centro Cultural de Mangabeira, a partir das 14h.<\/p>\n<figure class=\"wp-block-gallery has-nested-images columns-default is-cropped wp-block-gallery-1 is-layout-flex wp-block-gallery-is-layout-flex\">\n<figure class=\"wp-block-image size-large\"><\/figure>\n<figure class=\"wp-block-image size-large\"><\/figure>\n<figure class=\"wp-block-image size-large\"><\/figure>\n<\/figure>\n<p>O diretor executivo da Funjope, Marcus Alves, afirma que a Tardezinha Inclusiva \u00e9 um momento \u00fanico na cidade de Jo\u00e3o Pessoa. \u201cQuando conseguimos reunir crian\u00e7as, pais, m\u00e3es de pessoas autistas num processo de intera\u00e7\u00e3o e inclus\u00e3o social, n\u00f3s promovemos a brincadeira, mas, sobretudo, a inclus\u00e3o dessas crian\u00e7as. N\u00f3s mostramos que elas s\u00e3o capazes, que t\u00eam potencialidades criativas e inventivas para as artes\u201d, observa.<\/p>\n<p>Marcus acrescenta que essas crian\u00e7as j\u00e1 se apresentam no palco, dan\u00e7am, cantam, pintam e fazem oficinas. \u201cEnt\u00e3o, \u00e9 um momento muito relevante esse processo de inclus\u00e3o social pela arte que n\u00f3s j\u00e1 fazemos h\u00e1 dois anos e cinco meses. Para n\u00f3s, \u00e9 muito gratificante promover essa a\u00e7\u00e3o\u201d, complementa.<\/p>\n<p>A presidente da APA, Hosana Carneiro, destaca que as m\u00e3es at\u00edpicas s\u00e3o especiais todos os meses. \u201cMas sempre reservamos esse momento para homenage\u00e1-las, para fazer uma fala sobre elas e trazer o maior presente que elas t\u00eam na vida que \u00e9 levar seus filhos e socializar, ter uma oportunidade na Tardezinha Inclusiva. N\u00e3o tem presente maior para uma m\u00e3e autista do que ver seu filho se desenvolvendo, brincando, fazendo amizade, construindo novas perspectivas, vencendo seus desafios\u201d, avaliou.<\/p>\n<p>Hosana lembra que este \u00e9 um m\u00eas especial demais, tanto para os autistas como tamb\u00e9m para as fam\u00edlias acompanhadas no projeto, em especial as m\u00e3es. \u201c\u00c9 um m\u00eas em que celebramos as conquistas e a participa\u00e7\u00e3o dessas m\u00e3es. Al\u00e9m disso, estendemos esse m\u00eas como parte do nosso projeto, o curso de an\u00e1lise aplicada e comportamento para fam\u00edlias, m\u00e3es e pais de autistas. Vamos entrar sempre nessa perspectiva do cuidando de quem cuida. Al\u00e9m dos nossos autistas receberem cuidado, as fam\u00edlias tamb\u00e9m recebem, tudo com muito amor\u201d, acrescenta.<\/p>\n<p>Nik Fernandes, uma das organizadoras da Tardezinha Inclusiva, analisa que existem muitas m\u00e3es at\u00edpicas e pouco se fala nelas. Ser m\u00e3e de autista \u00e9 abrir m\u00e3o da carreira, de uma faculdade, de tantas coisas em prol do grandioso amor que temos por eles. Pouco se fala sobre nossas lutas, principalmente numa sociedade onde se cobra muitos padr\u00f5es. \u00c9 um desafio cego e de sobrecargas porque nossos filhos s\u00e3o totalmente dependentes. Precisamos que a sociedade tenha outra consci\u00eancia do que \u00e9 ser m\u00e3e de autista. As m\u00e3es s\u00f3 precisam de carinho e respeito\u201d, frisou.<\/p>\n<figure class=\"wp-block-gallery has-nested-images columns-default is-cropped wp-block-gallery-2 is-layout-flex wp-block-gallery-is-layout-flex\">\n<figure class=\"wp-block-image size-large\"><\/figure>\n<figure class=\"wp-block-image size-large\"><\/figure>\n<\/figure>\n<p><strong>Programa\u00e7\u00e3o \u2013 <\/strong>A Tardezinha Inclusiva conta com a participa\u00e7\u00e3o da Turma T\u00e1 Blz com Nik Fernandes e DJ Jhony Fernandes, al\u00e9m da magia dos palha\u00e7os Baba Baby e Kika, al\u00e9m das dan\u00e7arinas Eliza e Nay. Tamb\u00e9m fazem parte da programa\u00e7\u00e3o o cantor Tiago Arraes, haver\u00e1 um show especial para as m\u00e3es feito pelos cantores autistas Estella Louise, Lucas, Davi, Ana Beatriz.<\/p>\n<p>Na programa\u00e7\u00e3o tem ainda a Feirinha Inclusiva com produtos feitos pelas m\u00e3es, ado\u00e7\u00e3o de pets, dentista m\u00f3vel, trancista, servi\u00e7os da Escola T\u00e9cnica S\u00e3o Vicente de Paula, cl\u00ednica de est\u00e9tica, pinturas art\u00edsticas e brinquedos infl\u00e1veis.<\/p>\n<\/p><\/div>\n","protected":false},"excerpt":{"rendered":"<p>A 30\u00aa edi\u00e7\u00e3o da Tardezinha Inclusiva, que acontece neste domingo (26), far\u00e1 uma homenagem \u00e0s m\u00e3es com o tema \u2018Chuva<\/p>\n","protected":false},"author":1,"featured_media":0,"comment_status":"","ping_status":"","sticky":false,"template":"","format":"standard","meta":{"colormag_page_container_layout":"default_layout","colormag_page_sidebar_layout":"default_layout","footnotes":""},"categories":[1],"tags":[],"class_list":["post-25880","post","type-post","status-publish","format-standard","hentry","category-ejornais"],"aioseo_notices":[],"aioseo_head":"\n\t\t<!-- All in One SEO 5.0.1.1 - aioseo.com -->\n\t<meta name=\"description\" content=\"A 30\u00aa edi\u00e7\u00e3o da Tardezinha Inclusiva, que acontece neste domingo (26), far\u00e1 uma homenagem \u00e0s m\u00e3es com o tema \u2018Chuva de Amor\u2019. Realizada pela Funda\u00e7\u00e3o Cultural de Jo\u00e3o Pessoa (Funjope), Associa\u00e7\u00e3o Paraibana de Autismo (APA) e Turma T\u00e1 Blz, a Tardezinha Inclusiva acontece no Centro Cultural de Mangabeira, a partir das 14h. O diretor executivo\" \/>\n\t<meta name=\"robots\" content=\"max-image-preview:large\" \/>\n\t<link rel=\"canonical\" href=\"https:\/\/ejornais.com.br\/index.php\/2024\/05\/25\/tardezinha-inclusiva-fara-homenagem-especial-para-maes-de-autistas-neste-domingo\/\" \/>\n\t<meta name=\"generator\" content=\"All in One SEO (AIOSEO) 5.0.1.1\" \/>\n\t\t<meta property=\"og:locale\" content=\"pt_BR\" \/>\n\t\t<meta property=\"og:site_name\" content=\"eJornais - Cat\u00e1logo de Jornais no mundo, Not\u00edcias, Blog e Esportes ao vivo\" \/>\n\t\t<meta property=\"og:type\" content=\"article\" \/>\n\t\t<meta property=\"og:title\" content=\"Tardezinha Inclusiva far\u00e1 homenagem especial para m\u00e3es de autistas neste domingo - eJornais\" \/>\n\t\t<meta property=\"og:description\" content=\"A 30\u00aa edi\u00e7\u00e3o da Tardezinha Inclusiva, que acontece neste domingo (26), far\u00e1 uma homenagem \u00e0s m\u00e3es com o tema \u2018Chuva de Amor\u2019. Realizada pela Funda\u00e7\u00e3o Cultural de Jo\u00e3o Pessoa (Funjope), Associa\u00e7\u00e3o Paraibana de Autismo (APA) e Turma T\u00e1 Blz, a Tardezinha Inclusiva acontece no Centro Cultural de Mangabeira, a partir das 14h. O diretor executivo\" \/>\n\t\t<meta property=\"og:url\" content=\"https:\/\/ejornais.com.br\/index.php\/2024\/05\/25\/tardezinha-inclusiva-fara-homenagem-especial-para-maes-de-autistas-neste-domingo\/\" \/>\n\t\t<meta property=\"article:published_time\" content=\"2024-05-25T13:32:32+00:00\" \/>\n\t\t<meta property=\"article:modified_time\" content=\"2024-05-25T13:32:32+00:00\" \/>\n\t\t<meta name=\"twitter:card\" content=\"summary_large_image\" \/>\n\t\t<meta name=\"twitter:title\" content=\"Tardezinha Inclusiva far\u00e1 homenagem especial para m\u00e3es de autistas neste domingo - eJornais\" \/>\n\t\t<meta name=\"twitter:description\" content=\"A 30\u00aa edi\u00e7\u00e3o da Tardezinha Inclusiva, que acontece neste domingo (26), far\u00e1 uma homenagem \u00e0s m\u00e3es com o tema \u2018Chuva de Amor\u2019. Realizada pela Funda\u00e7\u00e3o Cultural de Jo\u00e3o Pessoa (Funjope), Associa\u00e7\u00e3o Paraibana de Autismo (APA) e Turma T\u00e1 Blz, a Tardezinha Inclusiva acontece no Centro Cultural de Mangabeira, a partir das 14h. O diretor executivo\" \/>\n\t\t<script type=\"application\/ld+json\" class=\"aioseo-schema\">\n\t\t\t{\"@context\":\"https:\\\/\\\/schema.org\",\"@graph\":[{\"@type\":\"BlogPosting\",\"@id\":\"https:\\\/\\\/ejornais.com.br\\\/index.php\\\/2024\\\/05\\\/25\\\/tardezinha-inclusiva-fara-homenagem-especial-para-maes-de-autistas-neste-domingo\\\/#blogposting\",\"name\":\"Tardezinha Inclusiva far\\u00e1 homenagem especial para m\\u00e3es de autistas neste domingo - eJornais\",\"headline\":\"Tardezinha Inclusiva far\\u00e1 homenagem especial para m\\u00e3es de autistas neste domingo\",\"author\":{\"@id\":\"https:\\\/\\\/ejornais.com.br\\\/index.php\\\/author\\\/#author\"},\"publisher\":{\"@id\":\"https:\\\/\\\/ejornais.com.br\\\/#organization\"},\"datePublished\":\"2024-05-25T10:32:32-03:00\",\"dateModified\":\"2024-05-25T10:32:32-03:00\",\"inLanguage\":\"pt-BR\",\"mainEntityOfPage\":{\"@id\":\"https:\\\/\\\/ejornais.com.br\\\/index.php\\\/2024\\\/05\\\/25\\\/tardezinha-inclusiva-fara-homenagem-especial-para-maes-de-autistas-neste-domingo\\\/#webpage\"},\"isPartOf\":{\"@id\":\"https:\\\/\\\/ejornais.com.br\\\/index.php\\\/2024\\\/05\\\/25\\\/tardezinha-inclusiva-fara-homenagem-especial-para-maes-de-autistas-neste-domingo\\\/#webpage\"},\"articleSection\":\"Cat\\u00e1logo de Jornais\"},{\"@type\":\"BreadcrumbList\",\"@id\":\"https:\\\/\\\/ejornais.com.br\\\/index.php\\\/2024\\\/05\\\/25\\\/tardezinha-inclusiva-fara-homenagem-especial-para-maes-de-autistas-neste-domingo\\\/#breadcrumblist\",\"itemListElement\":[{\"@type\":\"ListItem\",\"@id\":\"https:\\\/\\\/ejornais.com.br#listItem\",\"position\":1,\"name\":\"In\\u00edcio\",\"item\":\"https:\\\/\\\/ejornais.com.br\",\"nextItem\":{\"@type\":\"ListItem\",\"@id\":\"https:\\\/\\\/ejornais.com.br\\\/index.php\\\/category\\\/ejornais\\\/#listItem\",\"name\":\"Cat\\u00e1logo de Jornais\"}},{\"@type\":\"ListItem\",\"@id\":\"https:\\\/\\\/ejornais.com.br\\\/index.php\\\/category\\\/ejornais\\\/#listItem\",\"position\":2,\"name\":\"Cat\\u00e1logo de Jornais\",\"item\":\"https:\\\/\\\/ejornais.com.br\\\/index.php\\\/category\\\/ejornais\\\/\",\"nextItem\":{\"@type\":\"ListItem\",\"@id\":\"https:\\\/\\\/ejornais.com.br\\\/index.php\\\/2024\\\/05\\\/25\\\/tardezinha-inclusiva-fara-homenagem-especial-para-maes-de-autistas-neste-domingo\\\/#listItem\",\"name\":\"Tardezinha Inclusiva far\\u00e1 homenagem especial para m\\u00e3es de autistas neste domingo\"},\"previousItem\":{\"@type\":\"ListItem\",\"@id\":\"https:\\\/\\\/ejornais.com.br#listItem\",\"name\":\"In\\u00edcio\"}},{\"@type\":\"ListItem\",\"@id\":\"https:\\\/\\\/ejornais.com.br\\\/index.php\\\/2024\\\/05\\\/25\\\/tardezinha-inclusiva-fara-homenagem-especial-para-maes-de-autistas-neste-domingo\\\/#listItem\",\"position\":3,\"name\":\"Tardezinha Inclusiva far\\u00e1 homenagem especial para m\\u00e3es de autistas neste domingo\",\"previousItem\":{\"@type\":\"ListItem\",\"@id\":\"https:\\\/\\\/ejornais.com.br\\\/index.php\\\/category\\\/ejornais\\\/#listItem\",\"name\":\"Cat\\u00e1logo de Jornais\"}}]},{\"@type\":\"Organization\",\"@id\":\"https:\\\/\\\/ejornais.com.br\\\/#organization\",\"name\":\"eJornais\",\"description\":\"Cat\\u00e1logo de Jornais no mundo, Not\\u00edcias, Blog e Esportes ao vivo\",\"url\":\"https:\\\/\\\/ejornais.com.br\\\/\"},{\"@type\":\"Person\",\"@id\":\"https:\\\/\\\/ejornais.com.br\\\/index.php\\\/author\\\/#author\",\"url\":\"https:\\\/\\\/ejornais.com.br\\\/index.php\\\/author\\\/\"},{\"@type\":\"WebPage\",\"@id\":\"https:\\\/\\\/ejornais.com.br\\\/index.php\\\/2024\\\/05\\\/25\\\/tardezinha-inclusiva-fara-homenagem-especial-para-maes-de-autistas-neste-domingo\\\/#webpage\",\"url\":\"https:\\\/\\\/ejornais.com.br\\\/index.php\\\/2024\\\/05\\\/25\\\/tardezinha-inclusiva-fara-homenagem-especial-para-maes-de-autistas-neste-domingo\\\/\",\"name\":\"Tardezinha Inclusiva far\\u00e1 homenagem especial para m\\u00e3es de autistas neste domingo - eJornais\",\"description\":\"A 30\\u00aa edi\\u00e7\\u00e3o da Tardezinha Inclusiva, que acontece neste domingo (26), far\\u00e1 uma homenagem \\u00e0s m\\u00e3es com o tema \\u2018Chuva de Amor\\u2019. Realizada pela Funda\\u00e7\\u00e3o Cultural de Jo\\u00e3o Pessoa (Funjope), Associa\\u00e7\\u00e3o Paraibana de Autismo (APA) e Turma T\\u00e1 Blz, a Tardezinha Inclusiva acontece no Centro Cultural de Mangabeira, a partir das 14h. O diretor executivo\",\"inLanguage\":\"pt-BR\",\"isPartOf\":{\"@id\":\"https:\\\/\\\/ejornais.com.br\\\/#website\"},\"breadcrumb\":{\"@id\":\"https:\\\/\\\/ejornais.com.br\\\/index.php\\\/2024\\\/05\\\/25\\\/tardezinha-inclusiva-fara-homenagem-especial-para-maes-de-autistas-neste-domingo\\\/#breadcrumblist\"},\"author\":{\"@id\":\"https:\\\/\\\/ejornais.com.br\\\/index.php\\\/author\\\/#author\"},\"creator\":{\"@id\":\"https:\\\/\\\/ejornais.com.br\\\/index.php\\\/author\\\/#author\"},\"datePublished\":\"2024-05-25T10:32:32-03:00\",\"dateModified\":\"2024-05-25T10:32:32-03:00\"},{\"@type\":\"WebSite\",\"@id\":\"https:\\\/\\\/ejornais.com.br\\\/#website\",\"url\":\"https:\\\/\\\/ejornais.com.br\\\/\",\"name\":\"eJornais\",\"description\":\"Cat\\u00e1logo de Jornais no mundo, Not\\u00edcias, Blog e Esportes ao vivo\",\"inLanguage\":\"pt-BR\",\"publisher\":{\"@id\":\"https:\\\/\\\/ejornais.com.br\\\/#organization\"}}]}\n\t\t<\/script>\n\t\t<!-- All in One SEO -->\n\n","aioseo_head_json":{"title":"Tardezinha Inclusiva far\u00e1 homenagem especial para m\u00e3es de autistas neste domingo - eJornais","description":"A 30\u00aa edi\u00e7\u00e3o da Tardezinha Inclusiva, que acontece neste domingo (26), far\u00e1 uma homenagem \u00e0s m\u00e3es com o tema \u2018Chuva de Amor\u2019. Realizada pela Funda\u00e7\u00e3o Cultural de Jo\u00e3o Pessoa (Funjope), Associa\u00e7\u00e3o Paraibana de Autismo (APA) e Turma T\u00e1 Blz, a Tardezinha Inclusiva acontece no Centro Cultural de Mangabeira, a partir das 14h. O diretor executivo","canonical_url":"https:\/\/ejornais.com.br\/index.php\/2024\/05\/25\/tardezinha-inclusiva-fara-homenagem-especial-para-maes-de-autistas-neste-domingo\/","robots":"max-image-preview:large","keywords":"","webmasterTools":{"miscellaneous":""},"schema":{"@context":"https:\/\/schema.org","@graph":[{"@type":"BlogPosting","@id":"https:\/\/ejornais.com.br\/index.php\/2024\/05\/25\/tardezinha-inclusiva-fara-homenagem-especial-para-maes-de-autistas-neste-domingo\/#blogposting","name":"Tardezinha Inclusiva far\u00e1 homenagem especial para m\u00e3es de autistas neste domingo - eJornais","headline":"Tardezinha Inclusiva far\u00e1 homenagem especial para m\u00e3es de autistas neste domingo","author":{"@id":"https:\/\/ejornais.com.br\/index.php\/author\/#author"},"publisher":{"@id":"https:\/\/ejornais.com.br\/#organization"},"datePublished":"2024-05-25T10:32:32-03:00","dateModified":"2024-05-25T10:32:32-03:00","inLanguage":"pt-BR","mainEntityOfPage":{"@id":"https:\/\/ejornais.com.br\/index.php\/2024\/05\/25\/tardezinha-inclusiva-fara-homenagem-especial-para-maes-de-autistas-neste-domingo\/#webpage"},"isPartOf":{"@id":"https:\/\/ejornais.com.br\/index.php\/2024\/05\/25\/tardezinha-inclusiva-fara-homenagem-especial-para-maes-de-autistas-neste-domingo\/#webpage"},"articleSection":"Cat\u00e1logo de Jornais"},{"@type":"BreadcrumbList","@id":"https:\/\/ejornais.com.br\/index.php\/2024\/05\/25\/tardezinha-inclusiva-fara-homenagem-especial-para-maes-de-autistas-neste-domingo\/#breadcrumblist","itemListElement":[{"@type":"ListItem","@id":"https:\/\/ejornais.com.br#listItem","position":1,"name":"In\u00edcio","item":"https:\/\/ejornais.com.br","nextItem":{"@type":"ListItem","@id":"https:\/\/ejornais.com.br\/index.php\/category\/ejornais\/#listItem","name":"Cat\u00e1logo de Jornais"}},{"@type":"ListItem","@id":"https:\/\/ejornais.com.br\/index.php\/category\/ejornais\/#listItem","position":2,"name":"Cat\u00e1logo de Jornais","item":"https:\/\/ejornais.com.br\/index.php\/category\/ejornais\/","nextItem":{"@type":"ListItem","@id":"https:\/\/ejornais.com.br\/index.php\/2024\/05\/25\/tardezinha-inclusiva-fara-homenagem-especial-para-maes-de-autistas-neste-domingo\/#listItem","name":"Tardezinha Inclusiva far\u00e1 homenagem especial para m\u00e3es de autistas neste domingo"},"previousItem":{"@type":"ListItem","@id":"https:\/\/ejornais.com.br#listItem","name":"In\u00edcio"}},{"@type":"ListItem","@id":"https:\/\/ejornais.com.br\/index.php\/2024\/05\/25\/tardezinha-inclusiva-fara-homenagem-especial-para-maes-de-autistas-neste-domingo\/#listItem","position":3,"name":"Tardezinha Inclusiva far\u00e1 homenagem especial para m\u00e3es de autistas neste domingo","previousItem":{"@type":"ListItem","@id":"https:\/\/ejornais.com.br\/index.php\/category\/ejornais\/#listItem","name":"Cat\u00e1logo de Jornais"}}]},{"@type":"Organization","@id":"https:\/\/ejornais.com.br\/#organization","name":"eJornais","description":"Cat\u00e1logo de Jornais no mundo, Not\u00edcias, Blog e Esportes ao vivo","url":"https:\/\/ejornais.com.br\/"},{"@type":"Person","@id":"https:\/\/ejornais.com.br\/index.php\/author\/#author","url":"https:\/\/ejornais.com.br\/index.php\/author\/"},{"@type":"WebPage","@id":"https:\/\/ejornais.com.br\/index.php\/2024\/05\/25\/tardezinha-inclusiva-fara-homenagem-especial-para-maes-de-autistas-neste-domingo\/#webpage","url":"https:\/\/ejornais.com.br\/index.php\/2024\/05\/25\/tardezinha-inclusiva-fara-homenagem-especial-para-maes-de-autistas-neste-domingo\/","name":"Tardezinha Inclusiva far\u00e1 homenagem especial para m\u00e3es de autistas neste domingo - eJornais","description":"A 30\u00aa edi\u00e7\u00e3o da Tardezinha Inclusiva, que acontece neste domingo (26), far\u00e1 uma homenagem \u00e0s m\u00e3es com o tema \u2018Chuva de Amor\u2019. Realizada pela Funda\u00e7\u00e3o Cultural de Jo\u00e3o Pessoa (Funjope), Associa\u00e7\u00e3o Paraibana de Autismo (APA) e Turma T\u00e1 Blz, a Tardezinha Inclusiva acontece no Centro Cultural de Mangabeira, a partir das 14h. O diretor executivo","inLanguage":"pt-BR","isPartOf":{"@id":"https:\/\/ejornais.com.br\/#website"},"breadcrumb":{"@id":"https:\/\/ejornais.com.br\/index.php\/2024\/05\/25\/tardezinha-inclusiva-fara-homenagem-especial-para-maes-de-autistas-neste-domingo\/#breadcrumblist"},"author":{"@id":"https:\/\/ejornais.com.br\/index.php\/author\/#author"},"creator":{"@id":"https:\/\/ejornais.com.br\/index.php\/author\/#author"},"datePublished":"2024-05-25T10:32:32-03:00","dateModified":"2024-05-25T10:32:32-03:00"},{"@type":"WebSite","@id":"https:\/\/ejornais.com.br\/#website","url":"https:\/\/ejornais.com.br\/","name":"eJornais","description":"Cat\u00e1logo de Jornais no mundo, Not\u00edcias, Blog e Esportes ao vivo","inLanguage":"pt-BR","publisher":{"@id":"https:\/\/ejornais.com.br\/#organization"}}]},"og:locale":"pt_BR","og:site_name":"eJornais - Cat\u00e1logo de Jornais no mundo, Not\u00edcias, Blog e Esportes ao vivo","og:type":"article","og:title":"Tardezinha Inclusiva far\u00e1 homenagem especial para m\u00e3es de autistas neste domingo - eJornais","og:description":"A 30\u00aa edi\u00e7\u00e3o da Tardezinha Inclusiva, que acontece neste domingo (26), far\u00e1 uma homenagem \u00e0s m\u00e3es com o tema \u2018Chuva de Amor\u2019. Realizada pela Funda\u00e7\u00e3o Cultural de Jo\u00e3o Pessoa (Funjope), Associa\u00e7\u00e3o Paraibana de Autismo (APA) e Turma T\u00e1 Blz, a Tardezinha Inclusiva acontece no Centro Cultural de Mangabeira, a partir das 14h. O diretor executivo","og:url":"https:\/\/ejornais.com.br\/index.php\/2024\/05\/25\/tardezinha-inclusiva-fara-homenagem-especial-para-maes-de-autistas-neste-domingo\/","article:published_time":"2024-05-25T13:32:32+00:00","article:modified_time":"2024-05-25T13:32:32+00:00","twitter:card":"summary_large_image","twitter:title":"Tardezinha Inclusiva far\u00e1 homenagem especial para m\u00e3es de autistas neste domingo - eJornais","twitter:description":"A 30\u00aa edi\u00e7\u00e3o da Tardezinha Inclusiva, que acontece neste domingo (26), far\u00e1 uma homenagem \u00e0s m\u00e3es com o tema \u2018Chuva de Amor\u2019. Realizada pela Funda\u00e7\u00e3o Cultural de Jo\u00e3o Pessoa (Funjope), Associa\u00e7\u00e3o Paraibana de Autismo (APA) e Turma T\u00e1 Blz, a Tardezinha Inclusiva acontece no Centro Cultural de Mangabeira, a partir das 14h. O diretor executivo"},"aioseo_meta_data":{"post_id":"25880","title":null,"description":null,"keywords":null,"keyphrases":null,"primary_term":null,"canonical_url":null,"og_title":null,"og_description":null,"og_object_type":"default","og_image_type":"default","og_image_url":null,"og_image_width":null,"og_image_height":null,"og_image_custom_url":null,"og_image_custom_fields":null,"og_video":null,"og_custom_url":null,"og_article_section":null,"og_article_tags":null,"twitter_use_og":false,"twitter_card":"default","twitter_image_type":"default","twitter_image_url":null,"twitter_image_custom_url":null,"twitter_image_custom_fields":null,"twitter_title":null,"twitter_description":null,"schema":{"blockGraphs":[],"customGraphs":[],"default":{"data":{"Article":[],"Course":[],"Dataset":[],"FAQPage":[],"Movie":[],"Person":[],"Product":[],"ProductReview":[],"Car":[],"Recipe":[],"Service":[],"SoftwareApplication":[],"WebPage":[]},"graphName":"","isEnabled":true},"graphs":[]},"schema_type":"default","schema_type_options":null,"pillar_content":false,"robots_default":true,"robots_noindex":false,"robots_noarchive":false,"robots_nosnippet":false,"robots_nofollow":false,"robots_noimageindex":false,"robots_noodp":false,"robots_notranslate":false,"robots_max_snippet":null,"robots_max_videopreview":null,"robots_max_imagepreview":"large","priority":null,"frequency":null,"local_seo":null,"breadcrumb_settings":null,"limit_modified_date":false,"ai":null,"created":"2024-05-25 13:34:46","updated":"2025-06-05 13:34:44","seo_analyzer_scan_date":null,"focus_keyword":null,"additional_keywords":null,"truseo_locale":null},"aioseo_breadcrumb":"<div class=\"aioseo-breadcrumbs\"><span class=\"aioseo-breadcrumb\">\n\t\t\t<a href=\"https:\/\/ejornais.com.br\" title=\"In\u00edcio\">In\u00edcio<\/a>\n\t\t<\/span><span class=\"aioseo-breadcrumb-separator\">&raquo;<\/span><span class=\"aioseo-breadcrumb\">\n\t\t\t<a href=\"https:\/\/ejornais.com.br\/index.php\/category\/ejornais\/\" title=\"Cat\u00e1logo de Jornais\">Cat\u00e1logo de Jornais<\/a>\n\t\t<\/span><span class=\"aioseo-breadcrumb-separator\">&raquo;<\/span><span class=\"aioseo-breadcrumb\">\n\t\t\tTardezinha Inclusiva far\u00e1 homenagem especial para m\u00e3es de autistas neste domingo\n\t\t<\/span><\/div>","aioseo_breadcrumb_json":[{"label":"In\u00edcio","link":"https:\/\/ejornais.com.br"},{"label":"Cat\u00e1logo de Jornais","link":"https:\/\/ejornais.com.br\/index.php\/category\/ejornais\/"},{"label":"Tardezinha Inclusiva far\u00e1 homenagem especial para m\u00e3es de autistas neste domingo","link":"https:\/\/ejornais.com.br\/index.php\/2024\/05\/25\/tardezinha-inclusiva-fara-homenagem-especial-para-maes-de-autistas-neste-domingo\/"}],"amp_enabled":true,"_links":{"self":[{"href":"https:\/\/ejornais.com.br\/index.php\/wp-json\/wp\/v2\/posts\/25880","targetHints":{"allow":["GET"]}}],"collection":[{"href":"https:\/\/ejornais.com.br\/index.php\/wp-json\/wp\/v2\/posts"}],"about":[{"href":"https:\/\/ejornais.com.br\/index.php\/wp-json\/wp\/v2\/types\/post"}],"author":[{"embeddable":true,"href":"https:\/\/ejornais.com.br\/index.php\/wp-json\/wp\/v2\/users\/1"}],"replies":[{"embeddable":true,"href":"https:\/\/ejornais.com.br\/index.php\/wp-json\/wp\/v2\/comments?post=25880"}],"version-history":[{"count":0,"href":"https:\/\/ejornais.com.br\/index.php\/wp-json\/wp\/v2\/posts\/25880\/revisions"}],"wp:attachment":[{"href":"https:\/\/ejornais.com.br\/index.php\/wp-json\/wp\/v2\/media?parent=25880"}],"wp:term":[{"taxonomy":"category","embeddable":true,"href":"https:\/\/ejornais.com.br\/index.php\/wp-json\/wp\/v2\/categories?post=25880"},{"taxonomy":"post_tag","embeddable":true,"href":"https:\/\/ejornais.com.br\/index.php\/wp-json\/wp\/v2\/tags?post=25880"}],"curies":[{"name":"wp","href":"https:\/\/api.w.org\/{rel}","templated":true}]}}