{"id":26362,"date":"2024-06-02T14:23:21","date_gmt":"2024-06-02T17:23:21","guid":{"rendered":"https:\/\/ejornais.com.br\/index.php\/2024\/06\/02\/funjope-encerra-2o-festival-de-cinema-internacional-de-joao-pessoa-e-la-suprema-e-o-grande-vencedor\/"},"modified":"2024-06-02T14:23:21","modified_gmt":"2024-06-02T17:23:21","slug":"funjope-encerra-2o-festival-de-cinema-internacional-de-joao-pessoa-e-la-suprema-e-o-grande-vencedor","status":"publish","type":"post","link":"https:\/\/ejornais.com.br\/index.php\/2024\/06\/02\/funjope-encerra-2o-festival-de-cinema-internacional-de-joao-pessoa-e-la-suprema-e-o-grande-vencedor\/","title":{"rendered":"Funjope encerra 2\u00ba Festival de Cinema Internacional de Jo\u00e3o Pessoa e \u2018La Suprema\u2019 \u00e9 o grande vencedor"},"content":{"rendered":"<p><\/p>\n<div>\n<p>\u2018La Suprema\u2019 foi o grande vencedor do 2\u00ba Festival de Cinema Internacional de Jo\u00e3o Pessoa (FestincineJP), promovido pela Prefeitura da Capital, por meio da sua Funda\u00e7\u00e3o Cultural (Funjope). O longa-metragem colombiano do diretor Felipe Holguin Caro levou ao todo tr\u00eas pr\u00eamios, incluindo o de Melhor Filme, Melhor Ator e Melhor Fotografia. A cerim\u00f4nia de encerramento do evento aconteceu na noite deste s\u00e1bado (1\u00b0), no Centerplex do Mag Shopping, consagrando a hist\u00f3ria de uma jovem que deseja ser boxeadora.<\/p>\n<figure class=\"wp-block-image size-large\"><\/figure>\n<p>O 2\u00ba FestincineJP se consolidou como um importante evento do pa\u00eds, seguindo o lema \u2018audiovisual: gerador de emprego e renda\u2019. \u201cEntregamos mais um bonito festival \u00e0 cidade de Jo\u00e3o Pessoa, aos profissionais, \u00e0 sociedade, aos produtores e a esse p\u00fablico, que tem sido maravilhoso aqui nas nossas noites. Fico muito feliz por todo esse momento que a Prefeitura de Jo\u00e3o Pessoa vive, que a cultura, que a cidade est\u00e1 experimentando. A cultura brasileira est\u00e1 renascendo e a Funjope participa como protagonista desse processo de restaura\u00e7\u00e3o da cultura\u201d, assegurou Marcus Alves, diretor executivo da Funjope.\u00a0<\/p>\n<p>Este ano, os homenageados do Festival foram o ator Matheus Nachtergaele, o diretor Bertrand Lira e o coletivo de cinema \u2018\u00a1LasLuzineides!\u2019. Ant\u00f4nia \u00c1gape, a primeira cineasta negra da Para\u00edba, tamb\u00e9m teve sua obra celebrada.<\/p>\n<p><strong>Premiados \u2013<\/strong> Para o j\u00fari do Festival, a escolha de \u2018La Suprema\u2019 se deu pelo modo sens\u00edvel que o filme coloca o espectador em contato com uma humanidade de sonhos e for\u00e7a coletivos, e pela habilidade em transpor para a fic\u00e7\u00e3o uma hist\u00f3ria real com beleza e encantamento. \u2018La Suprema\u2019 brilhou contando uma hist\u00f3ria real que se passa em uma cidade no Caribe colombiano, apagada do mapa, onde n\u00e3o h\u00e1 eletricidade.\u00a0<\/p>\n<p>O pr\u00eamio foi recebido na cerim\u00f4nia pelo diretor, que falou com emo\u00e7\u00e3o sobre o reconhecimento dado pelo FestincineJP.\u00a0\u201cMe encanta poder receber esse tipo de reconhecimento. Isso valoriza o objetivo da hist\u00f3ria de \u2018La Suprema\u2019, por meio dessa comunidade que existe, que \u00e9 real no Caribe colombiano, por falar dos povos colombianos e latino-americanos e suas necessidades, as suas lutas. Estar aqui e poder compartilhar as hist\u00f3rias na tela grande e ir a diferentes pa\u00edses, vir ao Brasil para mostrar o filme, \u00e9 a vit\u00f3ria maior e um sonho para mim\u201d, comemorou Holguin Caro.<\/p>\n<figure class=\"wp-block-gallery has-nested-images columns-default is-cropped wp-block-gallery-1 is-layout-flex wp-block-gallery-is-layout-flex\">\n<figure class=\"wp-block-image size-large\"><\/figure>\n<figure class=\"wp-block-image size-large\"><\/figure>\n<\/figure>\n<p>A noite de s\u00e1bado destacou ainda o longa \u2018Os Sapos\u2019, de Clara Linhart. A produ\u00e7\u00e3o carioca saiu da cerim\u00f4nia igualmente com tr\u00eas pr\u00eamios: Melhor Dire\u00e7\u00e3o, Melhor Roteiro e Melhor Montagem. \u2018Os Sapos\u2019 narra a hist\u00f3ria de Paula, que \u00e9 convidada para um fim de semana numa casa de campo isolada. Em um cen\u00e1rio buc\u00f3lico, a personagem se surpreende ao encontrar dois casais desconhecidos em profundas crises de relacionamento. A presen\u00e7a dela deflagra conflitos at\u00e9 ent\u00e3o insuspeitos.<\/p>\n<p>\u201cEstou muito feliz e acho que as mulheres que est\u00e3o aqui na plateia talvez se identifiquem comigo. Mesmo este sendo meu terceiro longa de fic\u00e7\u00e3o, a gente sempre se pergunta \u2018ser\u00e1 que eu vou ser capaz?\u2019, \u2018ser\u00e1 que vou conseguir?\u2019. Este \u00e9 um est\u00edmulo grande que voc\u00eas me d\u00e3o para continuar persistindo\u201d, agradeceu Clara Linhart.<\/p>\n<p><strong>Curtas e cineNordeste<\/strong> \u2013 Entre os filmes de curtas-metragem, \u2018La Perra\u2019, da diretora Carla Melo Gampert, se consagrou como o maior vencedor, conquistando tr\u00eas pr\u00eamios: Melhor Filme, Melhor Roteiro e Melhor Som. Em 14 minutos, o curta acompanha uma menina-p\u00e1ssaro que deixa para tr\u00e1s a casa da fam\u00edlia, sua m\u00e3e dominadora e sua fiel cadela para explorar sua sexualidade.<\/p>\n<p>Al\u00e9m de \u2018La Perra\u2019, tamb\u00e9m tiveram motivos para comemorar dois curtas vindos do interior paraibano. Com dois pr\u00eamios cada, \u2018Jacu\u2019, de Ramon Batista, ganhou os votos do j\u00fari popular e como Melhor Filme na Mostra CineNordeste.<\/p>\n<p>Por sua vez, \u2018Ser\u00e3o\u2019, de Caio Bernardo, garantiu os trof\u00e9us de Melhor Dire\u00e7\u00e3o e Melhor Fotografia entre os curtas-metragens, segundo o j\u00fari. \u201cQuando a gente come\u00e7ou a fazer cinema no Cariri, entend\u00edamos que era imposs\u00edvel fazer cinema no interior. \u00c9 poss\u00edvel, mas \u00e9 bem dif\u00edcil. Imagina em cidades com 3 ou 4 mil habitantes. A gente tem que convencer a tudo e a todos que o cinema \u00e9 um meio de viver e de expressar o que a gente sente\u201d, discursou Caio Bernardo.<\/p>\n<figure class=\"wp-block-image size-large\"><\/figure>\n<p><strong>N\u00fameros <\/strong>\u2013 De 26 de maio a 1\u00ba de junho, o 2\u00ba FestincineJP atraiu cerca de 4 mil espectadores para assistir gratuitamente a 42 filmes, incluindo a estreia nacional de \u2018O \u00daltimo Pub\u2019, com a presen\u00e7a do protagonista Dave Turner, na obra do diretor vencedor da Palma de Ouro em Cannes, Ken Loach.<\/p>\n<p>Foram ao todo 665 inscri\u00e7\u00f5es para as Mostras Competitivas com t\u00edtulos de 12 estados brasileiros, al\u00e9m de produ\u00e7\u00f5es do Chile, Col\u00f4mbia, Fran\u00e7a, Cuba, Rep\u00fablica Dominicana, Estados Unidos, Argentina, Reino Unido, B\u00e9lgica e Martinica.<\/p>\n<p>No ambiente de mercado, o Festival promoveu cerca de 170 atendimentos, entre rodadas de neg\u00f3cios e contatos com players nacionais, e fez circular cerca de R$ 3 milh\u00f5es na economia.<\/p>\n<p>Confira a lista completa dos vencedores:<\/p>\n<p>1) Longa-metragem<\/p>\n<ol\/>\n<p><strong>Melhor filme: <\/strong>La Suprema (dir. Felipe Holguin Caro; 2023; Col\u00f4mbia);<\/p>\n<p><strong>Melhor dire\u00e7\u00e3o: <\/strong>Os Sapos (dir. Clara Linhart; 2024; Rio de Janeiro);<\/p>\n<p><strong>Melhor roteiro: <\/strong>Os Sapos (dir. Clara Linhart; 2024; Rio de Janeiro);<\/p>\n<p><strong>Melhor fotografia: <\/strong>La Suprema (dir. Felipe Holguin Caro; 2023; Col\u00f4mbia);<\/p>\n<p><strong>Melhor som: <\/strong>Sede de Rio (dir. Marcelo Abreu G\u00f3is; 2024; Bahia);<\/p>\n<p><strong>Melhor montagem: <\/strong>Os Sapos (dir. Clara Linhart; 2024; Rio de Janeiro);<\/p>\n<p><strong>Melhor ator: <\/strong>Antonio Jimenez, em La Suprema (dir. Felipe Holguin Caro; 2023; Col\u00f4mbia);<\/p>\n<p><strong>Melhor atriz: <\/strong>C\u00e1ssia Damascedo, em Solange (dir. Nath\u00e1lia Tereza e Tom\u00e1s Osten; 2023; Paran\u00e1);<\/p>\n<p><strong>J\u00fari popular: <\/strong>Cervejas No Escuro (dir. Tiago A. Neves; 2023; Para\u00edba).<\/p>\n<p>2) Curta-metragem<\/p>\n<p><strong>Melhor filme: <\/strong>La Perra (dir. Carla Melo Gampert; 2023; Col\u00f4mbia\/Fran\u00e7a);<\/p>\n<p><strong>Melhor dire\u00e7\u00e3o: <\/strong>Ser\u00e3o (dir. Caio Bernardo; 2024; Para\u00edba);<\/p>\n<p><strong>Melhor roteiro: <\/strong>La Perra (dir. Carla Melo Gampert; 2023; Col\u00f4mbia\/Fran\u00e7a);<\/p>\n<p><strong>Melhor fotografia: <\/strong>Ser\u00e3o (dir. Caio Bernardo; 2024; Para\u00edba);<\/p>\n<p><strong>Melhor som: <\/strong>La Perra (dir. Carla Melo Gampert; 2023; Col\u00f4mbia\/Fran\u00e7a);<\/p>\n<p><strong>Melhor montagem: <\/strong>Daisy (dir. Catalina Kulczar; 2023; EUA);<\/p>\n<p><strong>Melhor ator:<\/strong> Pedro Walisson, em Samuel Foi Trabalhar (dir. Janderson Felipe e Lucas Litrento; 2024; Alagoas);<\/p>\n<p><strong>Melhor atriz: <\/strong>Zez\u00e9 Motta, em Deixa (dir. Mariana Jaspe; 2023; Rio de Janeiro);<\/p>\n<p><strong>J\u00fari popular: <\/strong>Jacu (dir. Ramon Batista; 2024; Para\u00edba).<\/p>\n<p>3) Mostra CineNordeste\u00a0<\/p>\n<p><strong>Melhor filme em longa-metragem:<\/strong> Estranho Caminho (dir. Guto Parente; 2023; Cear\u00e1);<\/p>\n<p><strong>Melhor filme em curta-metragem: <\/strong>Jacu (dir. Ramon Batista; 2024; Para\u00edba).<\/p>\n<p>4) Pr\u00eamio Especial do J\u00fari<\/p>\n<p><strong>Longa-metragem: <\/strong>Sede de Rio (dir. Marcelo Abreu G\u00f3is; 2024; Bahia);<\/p>\n<p><strong>Curta-metragem: <\/strong>Cuaderno de Nombres (dir. Crist\u00f3bal Le\u00f3n e Joaqu\u00edn Coci\u00f1a; 2023; Chile);<\/p>\n<p><strong>Men\u00e7\u00e3o honrosa longa-metragem: <\/strong>Ramona (dir. Victoria Linares Villegas; 2023; Rep\u00fablica Dominicana);<\/p>\n<p><strong>Men\u00e7\u00e3o honrosa curta-metragem: <\/strong>Samuel Foi Trabalhar (dir. Janderson Felipe e Lucas Litrento; 2024; Alagoas).<\/p>\n<\/p><\/div>\n","protected":false},"excerpt":{"rendered":"<p>\u2018La Suprema\u2019 foi o grande vencedor do 2\u00ba Festival de Cinema Internacional de Jo\u00e3o Pessoa (FestincineJP), promovido pela Prefeitura da<\/p>\n","protected":false},"author":1,"featured_media":0,"comment_status":"","ping_status":"","sticky":false,"template":"","format":"standard","meta":{"colormag_page_container_layout":"default_layout","colormag_page_sidebar_layout":"default_layout","footnotes":""},"categories":[1],"tags":[],"class_list":["post-26362","post","type-post","status-publish","format-standard","hentry","category-ejornais"],"aioseo_notices":[],"amp_enabled":true,"_links":{"self":[{"href":"https:\/\/ejornais.com.br\/index.php\/wp-json\/wp\/v2\/posts\/26362","targetHints":{"allow":["GET"]}}],"collection":[{"href":"https:\/\/ejornais.com.br\/index.php\/wp-json\/wp\/v2\/posts"}],"about":[{"href":"https:\/\/ejornais.com.br\/index.php\/wp-json\/wp\/v2\/types\/post"}],"author":[{"embeddable":true,"href":"https:\/\/ejornais.com.br\/index.php\/wp-json\/wp\/v2\/users\/1"}],"replies":[{"embeddable":true,"href":"https:\/\/ejornais.com.br\/index.php\/wp-json\/wp\/v2\/comments?post=26362"}],"version-history":[{"count":0,"href":"https:\/\/ejornais.com.br\/index.php\/wp-json\/wp\/v2\/posts\/26362\/revisions"}],"wp:attachment":[{"href":"https:\/\/ejornais.com.br\/index.php\/wp-json\/wp\/v2\/media?parent=26362"}],"wp:term":[{"taxonomy":"category","embeddable":true,"href":"https:\/\/ejornais.com.br\/index.php\/wp-json\/wp\/v2\/categories?post=26362"},{"taxonomy":"post_tag","embeddable":true,"href":"https:\/\/ejornais.com.br\/index.php\/wp-json\/wp\/v2\/tags?post=26362"}],"curies":[{"name":"wp","href":"https:\/\/api.w.org\/{rel}","templated":true}]}}