{"id":26393,"date":"2024-06-03T09:22:08","date_gmt":"2024-06-03T12:22:08","guid":{"rendered":"https:\/\/ejornais.com.br\/index.php\/2024\/06\/03\/familias-beneficiadas-com-casas-do-residencial-rio-da-prata-ii-fgts-assinam-contrato-com-a-caixa-prefeitura-municipal-de-bonito\/"},"modified":"2024-06-03T09:22:08","modified_gmt":"2024-06-03T12:22:08","slug":"familias-beneficiadas-com-casas-do-residencial-rio-da-prata-ii-fgts-assinam-contrato-com-a-caixa-prefeitura-municipal-de-bonito","status":"publish","type":"post","link":"https:\/\/ejornais.com.br\/index.php\/2024\/06\/03\/familias-beneficiadas-com-casas-do-residencial-rio-da-prata-ii-fgts-assinam-contrato-com-a-caixa-prefeitura-municipal-de-bonito\/","title":{"rendered":"Fam\u00edlias beneficiadas com casas do Residencial Rio da Prata II (FGTS) assinam contrato com a Caixa &#8211; Prefeitura Municipal de Bonito"},"content":{"rendered":"<p><\/p>\n<div>\n<div class=\"td-post-featured-image\"><\/div>\n<p>As 50 fam\u00edlias beneficiadas com as casas do Residencial Rio da Prata II, por meio de sele\u00e7\u00e3o realizado em setembro de 2023 pelo Departamento de Urbaniza\u00e7\u00e3o e Regulariza\u00e7\u00e3o Fundi\u00e1ria (Demurf), com apoio da Agehab (Ag\u00eancia de Habita\u00e7\u00e3o Popular de MS)\u00a0, assinaram contrato com a Caixa Econ\u00f4mica Federal na \u00faltima quarta-feira (29).<\/p>\n<p>Participaram do ato o prefeito Josmail Rodrigues, a diretora-presidente da Agehab, Maria do Carmo Avesani, o presidente da AAHPRUMS, Samuel Freitas e o diretor-presidente do Demurf, Jos\u00e9 Cavalheiro.<\/p>\n<p>\u201cN\u00f3s j\u00e1 selecionamos 151 fam\u00edlias pelo programa do FGTS. A primeira seletiva, com 51 fam\u00edlias, foi realizada em mar\u00e7o de 2022 e as casas est\u00e3o previstas para serem entregues agora em julho. As da segunda etapa, relativa as 50 casas que assinamos os contratos hoje, ser\u00e3o entregues at\u00e9 dezembro de 2024 e a terceira etapa, com as \u00faltimas 50 casas, selecionadas em mar\u00e7o deste ano, ficar\u00e3o para o primeiro semestre do ano que vem\u201d, detalhou o prefeito diretor do Demurf, Jos\u00e9 Cavalheiro.<\/p>\n<figure class=\"wp-block-gallery has-nested-images columns-default is-cropped wp-block-gallery-1 is-layout-flex wp-block-gallery-is-layout-flex\">\n<figure class=\"wp-block-image size-large\"><\/figure>\n<figure class=\"wp-block-image size-large\"><\/figure>\n<figure class=\"wp-block-image size-large\"><\/figure>\n<\/figure><\/div>\n","protected":false},"excerpt":{"rendered":"<p>As 50 fam\u00edlias beneficiadas com as casas do Residencial Rio da Prata II, por meio de sele\u00e7\u00e3o realizado em setembro<\/p>\n","protected":false},"author":1,"featured_media":0,"comment_status":"","ping_status":"","sticky":false,"template":"","format":"standard","meta":{"colormag_page_container_layout":"default_layout","colormag_page_sidebar_layout":"default_layout","footnotes":""},"categories":[],"tags":[],"class_list":["post-26393","post","type-post","status-publish","format-standard","hentry"],"aioseo_notices":[],"aioseo_head":"\n\t\t<!-- All in One SEO 5.0.1.1 - aioseo.com -->\n\t<meta name=\"description\" content=\"As 50 fam\u00edlias beneficiadas com as casas do Residencial Rio da Prata II, por meio de sele\u00e7\u00e3o realizado em setembro de 2023 pelo Departamento de Urbaniza\u00e7\u00e3o e Regulariza\u00e7\u00e3o Fundi\u00e1ria (Demurf), com apoio da Agehab (Ag\u00eancia de Habita\u00e7\u00e3o Popular de MS) , assinaram contrato com a Caixa Econ\u00f4mica Federal na \u00faltima quarta-feira (29). Participaram do ato o\" \/>\n\t<meta name=\"robots\" content=\"max-image-preview:large\" \/>\n\t<link rel=\"canonical\" href=\"https:\/\/ejornais.com.br\/index.php\/2024\/06\/03\/familias-beneficiadas-com-casas-do-residencial-rio-da-prata-ii-fgts-assinam-contrato-com-a-caixa-prefeitura-municipal-de-bonito\/\" \/>\n\t<meta name=\"generator\" content=\"All in One SEO (AIOSEO) 5.0.1.1\" \/>\n\t\t<meta property=\"og:locale\" content=\"pt_BR\" \/>\n\t\t<meta property=\"og:site_name\" content=\"eJornais - Cat\u00e1logo de Jornais no mundo, Not\u00edcias, Blog e Esportes ao vivo\" \/>\n\t\t<meta property=\"og:type\" content=\"article\" \/>\n\t\t<meta property=\"og:title\" content=\"Fam\u00edlias beneficiadas com casas do Residencial Rio da Prata II (FGTS) assinam contrato com a Caixa \u2013 Prefeitura Municipal de Bonito - eJornais\" \/>\n\t\t<meta property=\"og:description\" content=\"As 50 fam\u00edlias beneficiadas com as casas do Residencial Rio da Prata II, por meio de sele\u00e7\u00e3o realizado em setembro de 2023 pelo Departamento de Urbaniza\u00e7\u00e3o e Regulariza\u00e7\u00e3o Fundi\u00e1ria (Demurf), com apoio da Agehab (Ag\u00eancia de Habita\u00e7\u00e3o Popular de MS) , assinaram contrato com a Caixa Econ\u00f4mica Federal na \u00faltima quarta-feira (29). Participaram do ato o\" \/>\n\t\t<meta property=\"og:url\" content=\"https:\/\/ejornais.com.br\/index.php\/2024\/06\/03\/familias-beneficiadas-com-casas-do-residencial-rio-da-prata-ii-fgts-assinam-contrato-com-a-caixa-prefeitura-municipal-de-bonito\/\" \/>\n\t\t<meta property=\"article:published_time\" content=\"2024-06-03T12:22:08+00:00\" \/>\n\t\t<meta property=\"article:modified_time\" content=\"2024-06-03T12:22:08+00:00\" \/>\n\t\t<meta name=\"twitter:card\" content=\"summary_large_image\" \/>\n\t\t<meta name=\"twitter:title\" content=\"Fam\u00edlias beneficiadas com casas do Residencial Rio da Prata II (FGTS) assinam contrato com a Caixa \u2013 Prefeitura Municipal de Bonito - eJornais\" \/>\n\t\t<meta name=\"twitter:description\" content=\"As 50 fam\u00edlias beneficiadas com as casas do Residencial Rio da Prata II, por meio de sele\u00e7\u00e3o realizado em setembro de 2023 pelo Departamento de Urbaniza\u00e7\u00e3o e Regulariza\u00e7\u00e3o Fundi\u00e1ria (Demurf), com apoio da Agehab (Ag\u00eancia de Habita\u00e7\u00e3o Popular de MS) , assinaram contrato com a Caixa Econ\u00f4mica Federal na \u00faltima quarta-feira (29). Participaram do ato o\" \/>\n\t\t<script type=\"application\/ld+json\" class=\"aioseo-schema\">\n\t\t\t{\"@context\":\"https:\\\/\\\/schema.org\",\"@graph\":[{\"@type\":\"BlogPosting\",\"@id\":\"https:\\\/\\\/ejornais.com.br\\\/index.php\\\/2024\\\/06\\\/03\\\/familias-beneficiadas-com-casas-do-residencial-rio-da-prata-ii-fgts-assinam-contrato-com-a-caixa-prefeitura-municipal-de-bonito\\\/#blogposting\",\"name\":\"Fam\\u00edlias beneficiadas com casas do Residencial Rio da Prata II (FGTS) assinam contrato com a Caixa \\u2013 Prefeitura Municipal de Bonito - eJornais\",\"headline\":\"Fam\\u00edlias beneficiadas com casas do Residencial Rio da Prata II (FGTS) assinam contrato com a Caixa &#8211; Prefeitura Municipal de Bonito\",\"author\":{\"@id\":\"https:\\\/\\\/ejornais.com.br\\\/index.php\\\/author\\\/#author\"},\"publisher\":{\"@id\":\"https:\\\/\\\/ejornais.com.br\\\/#organization\"},\"datePublished\":\"2024-06-03T09:22:08-03:00\",\"dateModified\":\"2024-06-03T09:22:08-03:00\",\"inLanguage\":\"pt-BR\",\"mainEntityOfPage\":{\"@id\":\"https:\\\/\\\/ejornais.com.br\\\/index.php\\\/2024\\\/06\\\/03\\\/familias-beneficiadas-com-casas-do-residencial-rio-da-prata-ii-fgts-assinam-contrato-com-a-caixa-prefeitura-municipal-de-bonito\\\/#webpage\"},\"isPartOf\":{\"@id\":\"https:\\\/\\\/ejornais.com.br\\\/index.php\\\/2024\\\/06\\\/03\\\/familias-beneficiadas-com-casas-do-residencial-rio-da-prata-ii-fgts-assinam-contrato-com-a-caixa-prefeitura-municipal-de-bonito\\\/#webpage\"}},{\"@type\":\"BreadcrumbList\",\"@id\":\"https:\\\/\\\/ejornais.com.br\\\/index.php\\\/2024\\\/06\\\/03\\\/familias-beneficiadas-com-casas-do-residencial-rio-da-prata-ii-fgts-assinam-contrato-com-a-caixa-prefeitura-municipal-de-bonito\\\/#breadcrumblist\",\"itemListElement\":[{\"@type\":\"ListItem\",\"@id\":\"https:\\\/\\\/ejornais.com.br#listItem\",\"position\":1,\"name\":\"In\\u00edcio\",\"item\":\"https:\\\/\\\/ejornais.com.br\",\"nextItem\":{\"@type\":\"ListItem\",\"@id\":\"https:\\\/\\\/ejornais.com.br\\\/index.php\\\/2024\\\/06\\\/03\\\/familias-beneficiadas-com-casas-do-residencial-rio-da-prata-ii-fgts-assinam-contrato-com-a-caixa-prefeitura-municipal-de-bonito\\\/#listItem\",\"name\":\"Fam\\u00edlias beneficiadas com casas do Residencial Rio da Prata II (FGTS) assinam contrato com a Caixa &#8211; Prefeitura Municipal de Bonito\"}},{\"@type\":\"ListItem\",\"@id\":\"https:\\\/\\\/ejornais.com.br\\\/index.php\\\/2024\\\/06\\\/03\\\/familias-beneficiadas-com-casas-do-residencial-rio-da-prata-ii-fgts-assinam-contrato-com-a-caixa-prefeitura-municipal-de-bonito\\\/#listItem\",\"position\":2,\"name\":\"Fam\\u00edlias beneficiadas com casas do Residencial Rio da Prata II (FGTS) assinam contrato com a Caixa &#8211; Prefeitura Municipal de Bonito\",\"previousItem\":{\"@type\":\"ListItem\",\"@id\":\"https:\\\/\\\/ejornais.com.br#listItem\",\"name\":\"In\\u00edcio\"}}]},{\"@type\":\"Organization\",\"@id\":\"https:\\\/\\\/ejornais.com.br\\\/#organization\",\"name\":\"eJornais\",\"description\":\"Cat\\u00e1logo de Jornais no mundo, Not\\u00edcias, Blog e Esportes ao vivo\",\"url\":\"https:\\\/\\\/ejornais.com.br\\\/\"},{\"@type\":\"Person\",\"@id\":\"https:\\\/\\\/ejornais.com.br\\\/index.php\\\/author\\\/#author\",\"url\":\"https:\\\/\\\/ejornais.com.br\\\/index.php\\\/author\\\/\"},{\"@type\":\"WebPage\",\"@id\":\"https:\\\/\\\/ejornais.com.br\\\/index.php\\\/2024\\\/06\\\/03\\\/familias-beneficiadas-com-casas-do-residencial-rio-da-prata-ii-fgts-assinam-contrato-com-a-caixa-prefeitura-municipal-de-bonito\\\/#webpage\",\"url\":\"https:\\\/\\\/ejornais.com.br\\\/index.php\\\/2024\\\/06\\\/03\\\/familias-beneficiadas-com-casas-do-residencial-rio-da-prata-ii-fgts-assinam-contrato-com-a-caixa-prefeitura-municipal-de-bonito\\\/\",\"name\":\"Fam\\u00edlias beneficiadas com casas do Residencial Rio da Prata II (FGTS) assinam contrato com a Caixa \\u2013 Prefeitura Municipal de Bonito - eJornais\",\"description\":\"As 50 fam\\u00edlias beneficiadas com as casas do Residencial Rio da Prata II, por meio de sele\\u00e7\\u00e3o realizado em setembro de 2023 pelo Departamento de Urbaniza\\u00e7\\u00e3o e Regulariza\\u00e7\\u00e3o Fundi\\u00e1ria (Demurf), com apoio da Agehab (Ag\\u00eancia de Habita\\u00e7\\u00e3o Popular de MS) , assinaram contrato com a Caixa Econ\\u00f4mica Federal na \\u00faltima quarta-feira (29). Participaram do ato o\",\"inLanguage\":\"pt-BR\",\"isPartOf\":{\"@id\":\"https:\\\/\\\/ejornais.com.br\\\/#website\"},\"breadcrumb\":{\"@id\":\"https:\\\/\\\/ejornais.com.br\\\/index.php\\\/2024\\\/06\\\/03\\\/familias-beneficiadas-com-casas-do-residencial-rio-da-prata-ii-fgts-assinam-contrato-com-a-caixa-prefeitura-municipal-de-bonito\\\/#breadcrumblist\"},\"author\":{\"@id\":\"https:\\\/\\\/ejornais.com.br\\\/index.php\\\/author\\\/#author\"},\"creator\":{\"@id\":\"https:\\\/\\\/ejornais.com.br\\\/index.php\\\/author\\\/#author\"},\"datePublished\":\"2024-06-03T09:22:08-03:00\",\"dateModified\":\"2024-06-03T09:22:08-03:00\"},{\"@type\":\"WebSite\",\"@id\":\"https:\\\/\\\/ejornais.com.br\\\/#website\",\"url\":\"https:\\\/\\\/ejornais.com.br\\\/\",\"name\":\"eJornais\",\"description\":\"Cat\\u00e1logo de Jornais no mundo, Not\\u00edcias, Blog e Esportes ao vivo\",\"inLanguage\":\"pt-BR\",\"publisher\":{\"@id\":\"https:\\\/\\\/ejornais.com.br\\\/#organization\"}}]}\n\t\t<\/script>\n\t\t<!-- All in One SEO -->\n\n","aioseo_head_json":{"title":"Fam\u00edlias beneficiadas com casas do Residencial Rio da Prata II (FGTS) assinam contrato com a Caixa \u2013 Prefeitura Municipal de Bonito - eJornais","description":"As 50 fam\u00edlias beneficiadas com as casas do Residencial Rio da Prata II, por meio de sele\u00e7\u00e3o realizado em setembro de 2023 pelo Departamento de Urbaniza\u00e7\u00e3o e Regulariza\u00e7\u00e3o Fundi\u00e1ria (Demurf), com apoio da Agehab (Ag\u00eancia de Habita\u00e7\u00e3o Popular de MS) , assinaram contrato com a Caixa Econ\u00f4mica Federal na \u00faltima quarta-feira (29). Participaram do ato o","canonical_url":"https:\/\/ejornais.com.br\/index.php\/2024\/06\/03\/familias-beneficiadas-com-casas-do-residencial-rio-da-prata-ii-fgts-assinam-contrato-com-a-caixa-prefeitura-municipal-de-bonito\/","robots":"max-image-preview:large","keywords":"","webmasterTools":{"miscellaneous":""},"schema":{"@context":"https:\/\/schema.org","@graph":[{"@type":"BlogPosting","@id":"https:\/\/ejornais.com.br\/index.php\/2024\/06\/03\/familias-beneficiadas-com-casas-do-residencial-rio-da-prata-ii-fgts-assinam-contrato-com-a-caixa-prefeitura-municipal-de-bonito\/#blogposting","name":"Fam\u00edlias beneficiadas com casas do Residencial Rio da Prata II (FGTS) assinam contrato com a Caixa \u2013 Prefeitura Municipal de Bonito - eJornais","headline":"Fam\u00edlias beneficiadas com casas do Residencial Rio da Prata II (FGTS) assinam contrato com a Caixa &#8211; Prefeitura Municipal de Bonito","author":{"@id":"https:\/\/ejornais.com.br\/index.php\/author\/#author"},"publisher":{"@id":"https:\/\/ejornais.com.br\/#organization"},"datePublished":"2024-06-03T09:22:08-03:00","dateModified":"2024-06-03T09:22:08-03:00","inLanguage":"pt-BR","mainEntityOfPage":{"@id":"https:\/\/ejornais.com.br\/index.php\/2024\/06\/03\/familias-beneficiadas-com-casas-do-residencial-rio-da-prata-ii-fgts-assinam-contrato-com-a-caixa-prefeitura-municipal-de-bonito\/#webpage"},"isPartOf":{"@id":"https:\/\/ejornais.com.br\/index.php\/2024\/06\/03\/familias-beneficiadas-com-casas-do-residencial-rio-da-prata-ii-fgts-assinam-contrato-com-a-caixa-prefeitura-municipal-de-bonito\/#webpage"}},{"@type":"BreadcrumbList","@id":"https:\/\/ejornais.com.br\/index.php\/2024\/06\/03\/familias-beneficiadas-com-casas-do-residencial-rio-da-prata-ii-fgts-assinam-contrato-com-a-caixa-prefeitura-municipal-de-bonito\/#breadcrumblist","itemListElement":[{"@type":"ListItem","@id":"https:\/\/ejornais.com.br#listItem","position":1,"name":"In\u00edcio","item":"https:\/\/ejornais.com.br","nextItem":{"@type":"ListItem","@id":"https:\/\/ejornais.com.br\/index.php\/2024\/06\/03\/familias-beneficiadas-com-casas-do-residencial-rio-da-prata-ii-fgts-assinam-contrato-com-a-caixa-prefeitura-municipal-de-bonito\/#listItem","name":"Fam\u00edlias beneficiadas com casas do Residencial Rio da Prata II (FGTS) assinam contrato com a Caixa &#8211; Prefeitura Municipal de Bonito"}},{"@type":"ListItem","@id":"https:\/\/ejornais.com.br\/index.php\/2024\/06\/03\/familias-beneficiadas-com-casas-do-residencial-rio-da-prata-ii-fgts-assinam-contrato-com-a-caixa-prefeitura-municipal-de-bonito\/#listItem","position":2,"name":"Fam\u00edlias beneficiadas com casas do Residencial Rio da Prata II (FGTS) assinam contrato com a Caixa &#8211; Prefeitura Municipal de Bonito","previousItem":{"@type":"ListItem","@id":"https:\/\/ejornais.com.br#listItem","name":"In\u00edcio"}}]},{"@type":"Organization","@id":"https:\/\/ejornais.com.br\/#organization","name":"eJornais","description":"Cat\u00e1logo de Jornais no mundo, Not\u00edcias, Blog e Esportes ao vivo","url":"https:\/\/ejornais.com.br\/"},{"@type":"Person","@id":"https:\/\/ejornais.com.br\/index.php\/author\/#author","url":"https:\/\/ejornais.com.br\/index.php\/author\/"},{"@type":"WebPage","@id":"https:\/\/ejornais.com.br\/index.php\/2024\/06\/03\/familias-beneficiadas-com-casas-do-residencial-rio-da-prata-ii-fgts-assinam-contrato-com-a-caixa-prefeitura-municipal-de-bonito\/#webpage","url":"https:\/\/ejornais.com.br\/index.php\/2024\/06\/03\/familias-beneficiadas-com-casas-do-residencial-rio-da-prata-ii-fgts-assinam-contrato-com-a-caixa-prefeitura-municipal-de-bonito\/","name":"Fam\u00edlias beneficiadas com casas do Residencial Rio da Prata II (FGTS) assinam contrato com a Caixa \u2013 Prefeitura Municipal de Bonito - eJornais","description":"As 50 fam\u00edlias beneficiadas com as casas do Residencial Rio da Prata II, por meio de sele\u00e7\u00e3o realizado em setembro de 2023 pelo Departamento de Urbaniza\u00e7\u00e3o e Regulariza\u00e7\u00e3o Fundi\u00e1ria (Demurf), com apoio da Agehab (Ag\u00eancia de Habita\u00e7\u00e3o Popular de MS) , assinaram contrato com a Caixa Econ\u00f4mica Federal na \u00faltima quarta-feira (29). Participaram do ato o","inLanguage":"pt-BR","isPartOf":{"@id":"https:\/\/ejornais.com.br\/#website"},"breadcrumb":{"@id":"https:\/\/ejornais.com.br\/index.php\/2024\/06\/03\/familias-beneficiadas-com-casas-do-residencial-rio-da-prata-ii-fgts-assinam-contrato-com-a-caixa-prefeitura-municipal-de-bonito\/#breadcrumblist"},"author":{"@id":"https:\/\/ejornais.com.br\/index.php\/author\/#author"},"creator":{"@id":"https:\/\/ejornais.com.br\/index.php\/author\/#author"},"datePublished":"2024-06-03T09:22:08-03:00","dateModified":"2024-06-03T09:22:08-03:00"},{"@type":"WebSite","@id":"https:\/\/ejornais.com.br\/#website","url":"https:\/\/ejornais.com.br\/","name":"eJornais","description":"Cat\u00e1logo de Jornais no mundo, Not\u00edcias, Blog e Esportes ao vivo","inLanguage":"pt-BR","publisher":{"@id":"https:\/\/ejornais.com.br\/#organization"}}]},"og:locale":"pt_BR","og:site_name":"eJornais - Cat\u00e1logo de Jornais no mundo, Not\u00edcias, Blog e Esportes ao vivo","og:type":"article","og:title":"Fam\u00edlias beneficiadas com casas do Residencial Rio da Prata II (FGTS) assinam contrato com a Caixa \u2013 Prefeitura Municipal de Bonito - eJornais","og:description":"As 50 fam\u00edlias beneficiadas com as casas do Residencial Rio da Prata II, por meio de sele\u00e7\u00e3o realizado em setembro de 2023 pelo Departamento de Urbaniza\u00e7\u00e3o e Regulariza\u00e7\u00e3o Fundi\u00e1ria (Demurf), com apoio da Agehab (Ag\u00eancia de Habita\u00e7\u00e3o Popular de MS) , assinaram contrato com a Caixa Econ\u00f4mica Federal na \u00faltima quarta-feira (29). Participaram do ato o","og:url":"https:\/\/ejornais.com.br\/index.php\/2024\/06\/03\/familias-beneficiadas-com-casas-do-residencial-rio-da-prata-ii-fgts-assinam-contrato-com-a-caixa-prefeitura-municipal-de-bonito\/","article:published_time":"2024-06-03T12:22:08+00:00","article:modified_time":"2024-06-03T12:22:08+00:00","twitter:card":"summary_large_image","twitter:title":"Fam\u00edlias beneficiadas com casas do Residencial Rio da Prata II (FGTS) assinam contrato com a Caixa \u2013 Prefeitura Municipal de Bonito - eJornais","twitter:description":"As 50 fam\u00edlias beneficiadas com as casas do Residencial Rio da Prata II, por meio de sele\u00e7\u00e3o realizado em setembro de 2023 pelo Departamento de Urbaniza\u00e7\u00e3o e Regulariza\u00e7\u00e3o Fundi\u00e1ria (Demurf), com apoio da Agehab (Ag\u00eancia de Habita\u00e7\u00e3o Popular de MS) , assinaram contrato com a Caixa Econ\u00f4mica Federal na \u00faltima quarta-feira (29). Participaram do ato o"},"aioseo_meta_data":{"post_id":"26393","title":null,"description":null,"keywords":null,"keyphrases":null,"primary_term":null,"canonical_url":null,"og_title":null,"og_description":null,"og_object_type":"default","og_image_type":"default","og_image_url":null,"og_image_width":null,"og_image_height":null,"og_image_custom_url":null,"og_image_custom_fields":null,"og_video":null,"og_custom_url":null,"og_article_section":null,"og_article_tags":null,"twitter_use_og":false,"twitter_card":"default","twitter_image_type":"default","twitter_image_url":null,"twitter_image_custom_url":null,"twitter_image_custom_fields":null,"twitter_title":null,"twitter_description":null,"schema":{"blockGraphs":[],"customGraphs":[],"default":{"data":{"Article":[],"Course":[],"Dataset":[],"FAQPage":[],"Movie":[],"Person":[],"Product":[],"ProductReview":[],"Car":[],"Recipe":[],"Service":[],"SoftwareApplication":[],"WebPage":[]},"graphName":"","isEnabled":true},"graphs":[]},"schema_type":"default","schema_type_options":null,"pillar_content":false,"robots_default":true,"robots_noindex":false,"robots_noarchive":false,"robots_nosnippet":false,"robots_nofollow":false,"robots_noimageindex":false,"robots_noodp":false,"robots_notranslate":false,"robots_max_snippet":null,"robots_max_videopreview":null,"robots_max_imagepreview":"large","priority":null,"frequency":null,"local_seo":null,"breadcrumb_settings":null,"limit_modified_date":false,"ai":null,"created":"2024-06-03 12:24:29","updated":"2025-06-05 14:19:40","seo_analyzer_scan_date":null,"focus_keyword":null,"additional_keywords":null,"truseo_locale":null},"aioseo_breadcrumb":"<div class=\"aioseo-breadcrumbs\"><span class=\"aioseo-breadcrumb\">\n\t\t\t<a href=\"https:\/\/ejornais.com.br\" title=\"In\u00edcio\">In\u00edcio<\/a>\n\t\t<\/span><span class=\"aioseo-breadcrumb-separator\">&raquo;<\/span><span class=\"aioseo-breadcrumb\">\n\t\t\tFam\u00edlias beneficiadas com casas do Residencial Rio da Prata II (FGTS) assinam contrato com a Caixa \u2013 Prefeitura Municipal de Bonito\n\t\t<\/span><\/div>","aioseo_breadcrumb_json":[{"label":"In\u00edcio","link":"https:\/\/ejornais.com.br"},{"label":"Fam\u00edlias beneficiadas com casas do Residencial Rio da Prata II (FGTS) assinam contrato com a Caixa &#8211; Prefeitura Municipal de Bonito","link":"https:\/\/ejornais.com.br\/index.php\/2024\/06\/03\/familias-beneficiadas-com-casas-do-residencial-rio-da-prata-ii-fgts-assinam-contrato-com-a-caixa-prefeitura-municipal-de-bonito\/"}],"amp_enabled":true,"_links":{"self":[{"href":"https:\/\/ejornais.com.br\/index.php\/wp-json\/wp\/v2\/posts\/26393","targetHints":{"allow":["GET"]}}],"collection":[{"href":"https:\/\/ejornais.com.br\/index.php\/wp-json\/wp\/v2\/posts"}],"about":[{"href":"https:\/\/ejornais.com.br\/index.php\/wp-json\/wp\/v2\/types\/post"}],"author":[{"embeddable":true,"href":"https:\/\/ejornais.com.br\/index.php\/wp-json\/wp\/v2\/users\/1"}],"replies":[{"embeddable":true,"href":"https:\/\/ejornais.com.br\/index.php\/wp-json\/wp\/v2\/comments?post=26393"}],"version-history":[{"count":0,"href":"https:\/\/ejornais.com.br\/index.php\/wp-json\/wp\/v2\/posts\/26393\/revisions"}],"wp:attachment":[{"href":"https:\/\/ejornais.com.br\/index.php\/wp-json\/wp\/v2\/media?parent=26393"}],"wp:term":[{"taxonomy":"category","embeddable":true,"href":"https:\/\/ejornais.com.br\/index.php\/wp-json\/wp\/v2\/categories?post=26393"},{"taxonomy":"post_tag","embeddable":true,"href":"https:\/\/ejornais.com.br\/index.php\/wp-json\/wp\/v2\/tags?post=26393"}],"curies":[{"name":"wp","href":"https:\/\/api.w.org\/{rel}","templated":true}]}}