{"id":26427,"date":"2024-06-03T17:11:01","date_gmt":"2024-06-03T20:11:01","guid":{"rendered":"https:\/\/ejornais.com.br\/index.php\/2024\/06\/03\/feira-do-meio-ambiente-acontece-na-praca-coronel-fernando-prestes-nesta-quarta-feira-5-agencia-de-noticias\/"},"modified":"2024-06-03T17:11:01","modified_gmt":"2024-06-03T20:11:01","slug":"feira-do-meio-ambiente-acontece-na-praca-coronel-fernando-prestes-nesta-quarta-feira-5-agencia-de-noticias","status":"publish","type":"post","link":"https:\/\/ejornais.com.br\/index.php\/2024\/06\/03\/feira-do-meio-ambiente-acontece-na-praca-coronel-fernando-prestes-nesta-quarta-feira-5-agencia-de-noticias\/","title":{"rendered":"Feira do Meio Ambiente acontece na Pra\u00e7a Coronel Fernando Prestes nesta quarta-feira (5) \u2013 Ag\u00eancia de Not\u00edcias"},"content":{"rendered":"<p><\/p>\n<div>\n<p>\u00a0<\/p>\n<\/p>\n<p>A Prefeitura de Sorocaba realiza, nesta quarta-feira (5), das 9h \u00e0s 12h, a Feira do Meio Ambiente na Pra\u00e7a Coronel Fernando Prestes, no Centro. A a\u00e7\u00e3o gratuita e aberta ao p\u00fablico faz parte da programa\u00e7\u00e3o da Semana do Meio Ambiente, em comemora\u00e7\u00e3o ao Dia Mundial do Meio Ambiente (5 de junho).<\/p>\n<p>Promovida pela Secretaria do Meio Ambiente, Prote\u00e7\u00e3o e Bem-Estar Animal (Sema) e pelo Servi\u00e7o Aut\u00f4nomo de \u00c1gua e Esgoto (Saae), a Semana do Meio Ambiente tem como objetivo estimular a popula\u00e7\u00e3o sorocabana a refletir sobre o meio ambiente e a necessidade da preserva\u00e7\u00e3o de toda a natureza.<\/p>\n<p>Na Pra\u00e7a Coronel Fernando Prestes, os mun\u00edcipes encontrar\u00e3o diferentes atividades e a\u00e7\u00f5es educativas da Sema, do Saae, da Secretaria de Desenvolvimento Econ\u00f4mico e Turismo (Sedetur) e da Secretaria da Sa\u00fade (SES).<\/p>\n<p>Uma delas ser\u00e1 a feira de ado\u00e7\u00e3o de pets, do programa \u201cD + uma chance, adote uma vida!\u201d. Outra iniciativa ser\u00e1 uma campanha educativa ambiental com entrega de mudas de \u00e1rvores, com o intuito de estimular os moradores a plantarem \u00e1rvores em cal\u00e7adas e quintais.<\/p>\n<p>A popula\u00e7\u00e3o tamb\u00e9m poder\u00e1 conferir a exposi\u00e7\u00e3o de animais taxidermizados (\u201cempalhados\u201d) da Sema, que apresentar\u00e1 esp\u00e9cies da fauna, al\u00e9m de suas caracter\u00edsticas e curiosidades. Profissionais da Sema tamb\u00e9m estar\u00e3o na Pra\u00e7a Coronel Fernando Prestes para apresentar aos mun\u00edcipes a import\u00e2ncia do licenciamento ambiental para a natureza e o bem-estar das pessoas, bem como informar a respeito das normas de poda e supress\u00e3o de \u00e1rvores, as blitze de controle de ru\u00eddo emitido por escapamentos de motocicletas, entre outras a\u00e7\u00f5es.<\/p>\n<p>J\u00e1 a equipe de Educa\u00e7\u00e3o Ambiental do Saae\/Sorocaba estimular\u00e1 a popula\u00e7\u00e3o a refletir sobre os cuidados com o meio ambiente, principalmente, com rela\u00e7\u00e3o ao uso consciente da \u00e1gua, um dos recursos naturais mais importantes do planeta, e a necessidade de sua preserva\u00e7\u00e3o, assim como de toda a natureza.<\/p>\n<p>Os mun\u00edcipes que forem ao local ainda poder\u00e3o destinar equipamentos eletr\u00f4nicos, j\u00e1 sem uso, ao projeto Metareciclagem, da Sedetur (Secretaria de Desenvolvimento Econ\u00f4mico e Turismo), e aprender o quanto \u00e9 essencial que esses materiais n\u00e3o sejam descartados no lixo comum e, sim, encaminhados \u00e0 destina\u00e7\u00e3o ambientalmente adequada. A Secretaria da Sa\u00fade levar\u00e1 uma exposi\u00e7\u00e3o da Divis\u00e3o de Zoonoses sobre preven\u00e7\u00e3o e combate \u00e0 dengue e outras doen\u00e7as.<\/p>\n<p>O Dia Mundial do Meio Ambiente foi institu\u00eddo pela Organiza\u00e7\u00e3o das Na\u00e7\u00f5es Unidas (ONU), para sensibilizar e encorajar a\u00e7\u00f5es no mundo todo em prol da prote\u00e7\u00e3o ambiental. Em Sorocaba, a inciativa faz parte do calend\u00e1rio oficial de datas alusivas ao meio ambiente, conforme prev\u00ea a Lei Municipal n\u00ba 8.812, de 15\/07\/2009.<\/p>\n<p>Mais informa\u00e7\u00f5es sobre a Semana do Meio Ambiente podem ser obtidas pelo e-mail: sema@sorocaba.sp.gov.br ou, de segunda a sexta-feira, das 8h \u00e0s 16h, pelo telefone: (15) 3219-2280.<\/p>\n<\/p><\/div>\n","protected":false},"excerpt":{"rendered":"<p>\u00a0 A Prefeitura de Sorocaba realiza, nesta quarta-feira (5), das 9h \u00e0s 12h, a Feira do Meio Ambiente na Pra\u00e7a<\/p>\n","protected":false},"author":1,"featured_media":0,"comment_status":"","ping_status":"","sticky":false,"template":"","format":"standard","meta":{"colormag_page_container_layout":"default_layout","colormag_page_sidebar_layout":"default_layout","footnotes":""},"categories":[1],"tags":[],"class_list":["post-26427","post","type-post","status-publish","format-standard","hentry","category-ejornais"],"aioseo_notices":[],"amp_enabled":true,"_links":{"self":[{"href":"https:\/\/ejornais.com.br\/index.php\/wp-json\/wp\/v2\/posts\/26427","targetHints":{"allow":["GET"]}}],"collection":[{"href":"https:\/\/ejornais.com.br\/index.php\/wp-json\/wp\/v2\/posts"}],"about":[{"href":"https:\/\/ejornais.com.br\/index.php\/wp-json\/wp\/v2\/types\/post"}],"author":[{"embeddable":true,"href":"https:\/\/ejornais.com.br\/index.php\/wp-json\/wp\/v2\/users\/1"}],"replies":[{"embeddable":true,"href":"https:\/\/ejornais.com.br\/index.php\/wp-json\/wp\/v2\/comments?post=26427"}],"version-history":[{"count":0,"href":"https:\/\/ejornais.com.br\/index.php\/wp-json\/wp\/v2\/posts\/26427\/revisions"}],"wp:attachment":[{"href":"https:\/\/ejornais.com.br\/index.php\/wp-json\/wp\/v2\/media?parent=26427"}],"wp:term":[{"taxonomy":"category","embeddable":true,"href":"https:\/\/ejornais.com.br\/index.php\/wp-json\/wp\/v2\/categories?post=26427"},{"taxonomy":"post_tag","embeddable":true,"href":"https:\/\/ejornais.com.br\/index.php\/wp-json\/wp\/v2\/tags?post=26427"}],"curies":[{"name":"wp","href":"https:\/\/api.w.org\/{rel}","templated":true}]}}