{"id":26447,"date":"2024-06-03T22:06:22","date_gmt":"2024-06-04T01:06:22","guid":{"rendered":"https:\/\/ejornais.com.br\/index.php\/2024\/06\/03\/v-seminario-mundo-do-trabalho-destaca-parceria-e-possibilidades-para-a-educacao-profissional-ifsp\/"},"modified":"2024-06-03T22:06:22","modified_gmt":"2024-06-04T01:06:22","slug":"v-seminario-mundo-do-trabalho-destaca-parceria-e-possibilidades-para-a-educacao-profissional-ifsp","status":"publish","type":"post","link":"https:\/\/ejornais.com.br\/index.php\/2024\/06\/03\/v-seminario-mundo-do-trabalho-destaca-parceria-e-possibilidades-para-a-educacao-profissional-ifsp\/","title":{"rendered":"V Semin\u00e1rio Mundo do Trabalho destaca parceria e possibilidades para a educa\u00e7\u00e3o profissional &#8211; IFSP"},"content":{"rendered":"<p><\/p>\n<div>\n<div class=\"subtitle\">\n<p><span style=\"font-weight: 400;\">Evento h\u00edbrido teve assinatura de acordo de coopera\u00e7\u00e3o e discuss\u00f5es para a cria\u00e7\u00e3o do Observat\u00f3rio Mundo do Trabalho do IFSP<\/span><\/p>\n<\/div>\n<p><!-- fim .content-header-options-1 --><\/p>\n<p><span style=\"font-weight: 400;\">Nesta <\/span><span style=\"font-weight: 400;\">\u00faltima<\/span><span style=\"font-weight: 400;\"> quarta-feira (29), encerrou-se o V Semin\u00e1rio Mundo do Trabalho, organizado pela Pr\u00f3-Reitoria de Extens\u00e3o e Cultura do Instituto Federal de S\u00e3o Paulo (IFSP) em parceria com a Funda\u00e7\u00e3o Jorge Duprat Figueiredo de Seguran\u00e7a e Medicina do Trabalho (Fundacentro). Realizado de forma h\u00edbrida, o evento, que n\u00e3o acontecia desde 2018, contou com uma programa\u00e7\u00e3o abrangente e diversificada, abordando temas importantes <\/span><span style=\"font-weight: 400;\">cruciais<\/span><span style=\"font-weight: 400;\"> para o mundo do trabalho.<\/span><\/p>\n<p><span style=\"font-weight: 400;\">Com mais de mil inscritos e quatro mil acessos durante os tr\u00eas dias de atividades, o Semin\u00e1rio ofereceu palestras, oficinas, mesas-redondas e debates sobre quest\u00f5es como trabalho e tecnologia, mudan\u00e7as clim\u00e1ticas, seguran\u00e7a ocupacional, ass\u00e9dio, sa\u00fade mental na educa\u00e7\u00e3o, empreendedorismo e economia popular e solid\u00e1ria. Transmitido pelos canais do YouTube do IFSP<\/span><span style=\"font-weight: 400;\"> e da Fundacentro<\/span><span style=\"font-weight: 400;\">, o evento teve a participa\u00e7\u00e3o de representantes de diversas institui\u00e7\u00f5es, incluindo o Minist\u00e9rio do Trabalho e Emprego, Dieese, Setec-MEC, Senaes, Unicamp, USP, UFABC, UFPR, IFMA e IFPA.<\/span><\/p>\n<p><span style=\"font-weight: 400;\">Um dos pontos altos do semin\u00e1rio foi a assinatura d<\/span><span style=\"font-weight: 400;\">e um<\/span><span style=\"font-weight: 400;\"> Termo de Acordo de Coopera\u00e7\u00e3o entre o IFSP e a Fundacentro, fortalecendo a colabora\u00e7\u00e3o entre as institui\u00e7\u00f5es em prol da seguran\u00e7a e sa\u00fade no trabalho, incluindo compartilhamento de laborat\u00f3rios e realiza\u00e7\u00e3o de cursos, pesquisas e a\u00e7\u00f5es de extens\u00e3o. Al\u00e9m disso, foram iniciadas a\u00e7\u00f5es para a cria\u00e7\u00e3o do Observat\u00f3rio Mundo do Trabalho do IFSP, uma iniciativa destinada a desenvolver pesquisas e a\u00e7\u00f5es voltadas \u00e0s rela\u00e7\u00f5es da institui\u00e7\u00e3o com a multiplicidade do mundo do trabalho, incluindo atividades como o acompanhamento de egressos, est\u00e1gios e o di\u00e1logo com os arranjos sociais e produtivos locais.<\/span><\/p>\n<p><span style=\"font-weight: 400;\">Rafael Alves Scarazzati,<\/span><span style=\"font-weight: 400;\"> p<\/span><span style=\"font-weight: 400;\">r\u00f3-reitor de Extens\u00e3o e Cultura do IFSP, destacou a import\u00e2ncia das parcerias firmadas. &#8220;As parcerias realizadas e a programa\u00e7\u00e3o desta edi\u00e7\u00e3o proporcionaram elementos para refletir sobre nossos cursos e as oportunidades aos nossos estudantes, mas tamb\u00e9m sobre o trabalho dentro da institui\u00e7\u00e3o&#8221;, afirmou.\u00a0<\/span><\/p>\n<p><span style=\"font-weight: 400;\">O <\/span><span style=\"font-weight: 400;\">r<\/span><span style=\"font-weight: 400;\">eitor do IFSP, Silm\u00e1rio Batista, tamb\u00e9m ressaltou o impacto positivo do evento, agradecendo \u00e0 Pr\u00f3-Reitoria de Extens\u00e3o <\/span><span style=\"font-weight: 400;\">e Cultura <\/span><span style=\"font-weight: 400;\">pela iniciativa e parabenizando a Fundacentro. &#8220;Este evento proporciona um legado significativo com a cria\u00e7\u00e3o das bases do Observat\u00f3rio Mundo do Trabalho, que sem d\u00favida contribuir\u00e1 para a inser\u00e7\u00e3o dos nossos alunos no mundo do trabalho, al\u00e9m de fortalecer a rela\u00e7\u00e3o da sociedade com nossa institui\u00e7\u00e3o&#8221;, disse Silm\u00e1rio.<\/span><\/p>\n<p><span style=\"font-weight: 400;\">Ta\u00eds Fiori, servidora do Campus Itapetininga, destacou a relev\u00e2ncia do semin\u00e1rio para a troca de experi\u00eancias entre os participantes. &#8220;O evento foi muito interessante, com uma programa\u00e7\u00e3o diversificada e a participa\u00e7\u00e3o de v\u00e1rias institui\u00e7\u00f5es. Foi uma oportunidade de aprender com colegas da rede sobre a\u00e7\u00f5es e experi\u00eancias<\/span><span style=\"font-weight: 400;\">\u201d.<\/span><\/p>\n<\/div>\n<p><script>(function(d, s, id) {\n  var js, fjs = d.getElementsByTagName(s)[0];\n  if (d.getElementById(id)) return;\n  js = d.createElement(s); js.id = id;\n  js.src = \"\/\/connect.facebook.net\/pt_BR\/all.js#xfbml=1&appId=509544779073047\";\n  fjs.parentNode.insertBefore(js, fjs);\n }(document, 'script', 'facebook-jssdk'));<\/script><\/p>\n","protected":false},"excerpt":{"rendered":"<p>Evento h\u00edbrido teve assinatura de acordo de coopera\u00e7\u00e3o e discuss\u00f5es para a cria\u00e7\u00e3o do Observat\u00f3rio Mundo do Trabalho do IFSP<\/p>\n","protected":false},"author":1,"featured_media":0,"comment_status":"","ping_status":"","sticky":false,"template":"","format":"standard","meta":{"colormag_page_container_layout":"default_layout","colormag_page_sidebar_layout":"default_layout","footnotes":""},"categories":[1],"tags":[],"class_list":["post-26447","post","type-post","status-publish","format-standard","hentry","category-ejornais"],"aioseo_notices":[],"amp_enabled":true,"_links":{"self":[{"href":"https:\/\/ejornais.com.br\/index.php\/wp-json\/wp\/v2\/posts\/26447","targetHints":{"allow":["GET"]}}],"collection":[{"href":"https:\/\/ejornais.com.br\/index.php\/wp-json\/wp\/v2\/posts"}],"about":[{"href":"https:\/\/ejornais.com.br\/index.php\/wp-json\/wp\/v2\/types\/post"}],"author":[{"embeddable":true,"href":"https:\/\/ejornais.com.br\/index.php\/wp-json\/wp\/v2\/users\/1"}],"replies":[{"embeddable":true,"href":"https:\/\/ejornais.com.br\/index.php\/wp-json\/wp\/v2\/comments?post=26447"}],"version-history":[{"count":0,"href":"https:\/\/ejornais.com.br\/index.php\/wp-json\/wp\/v2\/posts\/26447\/revisions"}],"wp:attachment":[{"href":"https:\/\/ejornais.com.br\/index.php\/wp-json\/wp\/v2\/media?parent=26447"}],"wp:term":[{"taxonomy":"category","embeddable":true,"href":"https:\/\/ejornais.com.br\/index.php\/wp-json\/wp\/v2\/categories?post=26447"},{"taxonomy":"post_tag","embeddable":true,"href":"https:\/\/ejornais.com.br\/index.php\/wp-json\/wp\/v2\/tags?post=26447"}],"curies":[{"name":"wp","href":"https:\/\/api.w.org\/{rel}","templated":true}]}}