{"id":26474,"date":"2024-06-04T09:24:15","date_gmt":"2024-06-04T12:24:15","guid":{"rendered":"https:\/\/ejornais.com.br\/index.php\/2024\/06\/04\/sessao-da-tarde-exibe-hoje-terca-04-06-na-globo-r-i-p-d-agentes-do-alem\/"},"modified":"2024-06-04T09:24:15","modified_gmt":"2024-06-04T12:24:15","slug":"sessao-da-tarde-exibe-hoje-terca-04-06-na-globo-r-i-p-d-agentes-do-alem","status":"publish","type":"post","link":"https:\/\/ejornais.com.br\/index.php\/2024\/06\/04\/sessao-da-tarde-exibe-hoje-terca-04-06-na-globo-r-i-p-d-agentes-do-alem\/","title":{"rendered":"Sess\u00e3o da Tarde exibe Hoje, Ter\u00e7a (04\/06) na Globo &#8211; R.I.P.D. &#8211; Agentes do Al\u00e9m"},"content":{"rendered":"<p> Por MRNews<br \/>\n<\/p>\n<div>\n<p>COnfira a programa\u00e7\u00e3o da Globo\u00a0 <strong>hoje, 04\/06\/<\/strong><strong>2024 e que horas come\u00e7am os filmes de hoje.\u00a0<\/strong><\/p>\n<p>Ter\u00e7a-feira, 04\/06\/2024<\/p>\n<p>04:00 Hora Um<\/p>\n<p>06:00 Bom Dia Pra\u00e7a<\/p>\n<p>08:30 Bom Dia Brasil<\/p>\n<p>09:30 Encontro Com Patr\u00edcia Poeta<\/p>\n<p>10:35 Mais Voc\u00ea<\/p>\n<p>11:45 Pra\u00e7a TV \u2013 1\u00aa Edi\u00e7\u00e3o<\/p>\n<p>13:00 Globo Esporte<\/p>\n<p>13:25 Jornal Hoje<\/p>\n<p>14:45 Cheias de Charme<\/p>\n<p>15:25 <a href=\"https:\/\/vgnews.com.br\">Sess\u00e3o da Tarde<\/a> \u2013 R.I.P.D. \u2013 Agentes Do Al\u00e9m<\/p>\n<p>17:05 Vale a Pena Ver de Novo \u2013 Alma G\u00eamea<\/p>\n<p>18:25 No Rancho Fundo<\/p>\n<p>19:10 Pra\u00e7a TV \u2013 2\u00aa Edi\u00e7\u00e3o<\/p>\n<p>19:40 Fam\u00edlia \u00e9 Tudo<\/p>\n<p>20:30 Jornal Nacional<\/p>\n<p>21:20 <a href=\"https:\/\/pantanalnoticiasms.com.br\">Renascer<\/a><\/p>\n<p>22:25 Encantado\u2019s<\/p>\n<p>23:05 Sob Press\u00e3o<\/p>\n<p>23:50 Profiss\u00e3o Rep\u00f3rter<\/p>\n<p>00:30 Jornal da Globo<\/p>\n<p>01:20 Conversa com Bial<\/p>\n<p>02:00 Fam\u00edlia \u00e9 Tudo<\/p>\n<p>02:45 Com\u00e9dia Na Madruga I<\/p>\n<p>03:20 Com\u00e9dia Na Madruga II<\/p>\n<h3>Destaques da Programa\u00e7\u00e3o de Ter\u00e7a-feira, 04\/06\/2024<\/h3>\n<p><strong>Ter\u00e7a-feira, 04\/06\/2024<\/strong><\/p>\n<p>Sess\u00e3o da Tarde<\/p>\n<p>R.I.P.D. \u2013 Agentes do Al\u00e9m<\/p>\n<p>T\u00edtulo Original: R.I.P.D.<\/p>\n<p>Pa\u00eds de Origem: Americana<\/p>\n<p>Ano de Produ\u00e7\u00e3o: 2013<\/p>\n<p>Diretor: Robert Schwentke<\/p>\n<p>Elenco: Jeff Bridges;Kevin Bacon;Mary-Louise Parker;Stephanie Szostak; Ryan<\/p>\n<p>Reynolds<\/p>\n<p>Classe: A\u00e7\u00e3o<\/p>\n<p>Ap\u00f3s morrer, o policial Nick \u00e9 enviado de volta para tentar encontrar o seu<\/p>\n<p>assassino e contar\u00e1 com a ajuda do veterano Roy.<\/p>\n<p>A programa\u00e7\u00e3o da TV Globo para esta ter\u00e7a-feira, 4 de junho de 2024, est\u00e1 repleta de entretenimento para todas as idades. Confira os principais destaques do dia:<\/p>\n<p>\u00a0<\/p>\n<h4>Sess\u00e3o da Tarde<\/h4>\n<p>\u00a0<\/p>\n<p>**15:25 \u2013 R.I.P.D. \u2013 Agentes do Al\u00e9m**<\/p>\n<p>**T\u00edtulo Original:** R.I.P.D.<\/p>\n<p>**Pa\u00eds de Origem:** EUA<\/p>\n<p>**Ano de Produ\u00e7\u00e3o:** 2013<\/p>\n<p>**Diretor:** Robert Schwentke<\/p>\n<p>**Elenco:** Jeff Bridges, Kevin Bacon, Mary-Louise Parker, Stephanie Szostak, Ryan Reynolds<\/p>\n<p>**Classe:** A\u00e7\u00e3o<\/p>\n<p>\u00a0<\/p>\n<p>Na \u201cSess\u00e3o da Tarde\u201d de hoje, prepare-se para uma aventura sobrenatural com \u201cR.I.P.D. \u2013 Agentes do Al\u00e9m\u201d. A trama acompanha Nick (Ryan Reynolds), um policial que \u00e9 assassinado e, ap\u00f3s sua morte, \u00e9 recrutado pelo Departamento Descanse em Paz (R.I.P.D.). Junto com o veterano Roy (Jeff Bridges), Nick tem a miss\u00e3o de encontrar seu assassino e proteger o mundo dos mortos que se recusam a partir. O filme \u00e9 uma mistura de a\u00e7\u00e3o e com\u00e9dia, proporcionando uma tarde de divers\u00e3o garantida.<\/p>\n<p>\u00a0<\/p>\n<h3>Programa\u00e7\u00e3o Completa da Ter\u00e7a-feira, 04\/06\/2024<\/h3>\n<p>\u00a0<\/p>\n<p>**04:00 \u2013 Hora Um**<\/p>\n<p>In\u00edcio da programa\u00e7\u00e3o com as principais not\u00edcias do Brasil e do mundo.<\/p>\n<p>\u00a0<\/p>\n<p>**06:00 \u2013 Bom Dia Pra\u00e7a**<\/p>\n<p>Notici\u00e1rios locais com as principais informa\u00e7\u00f5es regionais.<\/p>\n<p>\u00a0<\/p>\n<p>**08:30 \u2013 Bom Dia Brasil**<\/p>\n<p>Resumo das not\u00edcias mais importantes do dia.<\/p>\n<p>\u00a0<\/p>\n<p>**09:30 \u2013 Encontro Com Patr\u00edcia Poeta**<\/p>\n<p>Debates, entrevistas e temas atuais.<\/p>\n<p>\u00a0<\/p>\n<p>**10:35 \u2013 Mais Voc\u00ea**<\/p>\n<p>Receitas, dicas de bem-estar e entrevistas com Ana Maria Braga.<\/p>\n<p>\u00a0<\/p>\n<p>**11:45 \u2013 Pra\u00e7a TV \u2013 1\u00aa Edi\u00e7\u00e3o**<\/p>\n<p>Notici\u00e1rio local com atualiza\u00e7\u00f5es da manh\u00e3.<\/p>\n<p>\u00a0<\/p>\n<p>**13:00 \u2013 Globo Esporte**<\/p>\n<p>Not\u00edcias e an\u00e1lises esportivas.<\/p>\n<p>\u00a0<\/p>\n<p>**13:25 \u2013 Jornal Hoje**<\/p>\n<p>Resumo das principais not\u00edcias da tarde.<\/p>\n<p>\u00a0<\/p>\n<p>**14:45 \u2013 Cheias de Charme**<\/p>\n<p>Reexibi\u00e7\u00e3o da novela com a divertida hist\u00f3ria das Empreguetes.<\/p>\n<p>\u00a0<\/p>\n<p>**15:25 \u2013 Sess\u00e3o da Tarde \u2013 R.I.P.D. \u2013 Agentes do Al\u00e9m**<\/p>\n<p>Aventura sobrenatural com Ryan Reynolds e Jeff Bridges.<\/p>\n<p>\u00a0<\/p>\n<p>**17:05 \u2013 Vale a Pena Ver de Novo \u2013 Alma G\u00eamea**<\/p>\n<p>Reprise da novela com uma hist\u00f3ria emocionante de amor e reencarna\u00e7\u00e3o.<\/p>\n<p>\u00a0<\/p>\n<p>**18:25 \u2013 No Rancho Fundo**<\/p>\n<p>M\u00fasica sertaneja e entretenimento do universo rural.<\/p>\n<p>\u00a0<\/p>\n<p>**19:10 \u2013 Pra\u00e7a TV \u2013 2\u00aa Edi\u00e7\u00e3o**<\/p>\n<p>Notici\u00e1rio local com as principais not\u00edcias da noite.<\/p>\n<p>\u00a0<\/p>\n<p>**19:40 \u2013 Fam\u00edlia \u00e9 Tudo**<\/p>\n<p>Hist\u00f3rias emocionantes sobre a import\u00e2ncia dos la\u00e7os familiares.<\/p>\n<p>\u00a0<\/p>\n<p>**20:30 \u2013 Jornal Nacional**<\/p>\n<p>Notici\u00e1rio com as principais not\u00edcias do dia.<\/p>\n<p>\u00a0<\/p>\n<p>**21:20 \u2013 Renascer**<\/p>\n<p>Novela das nove com drama e reviravoltas emocionantes.<\/p>\n<p>\u00a0<\/p>\n<p>**22:25 \u2013 Tela Quente**<\/p>\n<p>Sele\u00e7\u00e3o especial de filmes para a noite de segunda-feira (filme a ser divulgado).<\/p>\n<p>\u00a0<\/p>\n<p>**00:15 \u2013 Jornal da Globo**<\/p>\n<p>Notici\u00e1rio da madrugada com an\u00e1lises e reportagens especiais.<\/p>\n<p>\u00a0<\/p>\n<p>**01:05 \u2013 Conversa com Bial**<\/p>\n<p>Entrevistas e reflex\u00f5es com Pedro Bial.<\/p>\n<p>\u00a0<\/p>\n<p>**01:45 \u2013 Fam\u00edlia \u00e9 Tudo**<\/p>\n<p>Reprise do programa sobre la\u00e7os familiares.<\/p>\n<p>\u00a0<\/p>\n<p>**02:30 \u2013 Com\u00e9dia Na Madruga I**<\/p>\n<p>Bloco de com\u00e9dia com s\u00e9ries e esquetes divertidas.<\/p>\n<p>\u00a0<\/p>\n<p>**03:15 \u2013 Com\u00e9dia Na Madruga II**<\/p>\n<p>Mais risadas com epis\u00f3dios de s\u00e9ries c\u00f4micas.<\/p>\n<p>\u00a0<\/p>\n<p>Prepare-se para um dia repleto de informa\u00e7\u00e3o e divers\u00e3o na tela da TV Globo!<\/p>\n<\/div>\n","protected":false},"excerpt":{"rendered":"<p>Por MRNews COnfira a programa\u00e7\u00e3o da Globo\u00a0 hoje, 04\/06\/2024 e que horas come\u00e7am os filmes de hoje.\u00a0 Ter\u00e7a-feira, 04\/06\/2024 04:00<\/p>\n","protected":false},"author":2,"featured_media":0,"comment_status":"","ping_status":"","sticky":false,"template":"","format":"standard","meta":{"colormag_page_container_layout":"default_layout","colormag_page_sidebar_layout":"default_layout","footnotes":""},"categories":[1],"tags":[],"class_list":["post-26474","post","type-post","status-publish","format-standard","hentry","category-ejornais"],"aioseo_notices":[],"amp_enabled":true,"_links":{"self":[{"href":"https:\/\/ejornais.com.br\/index.php\/wp-json\/wp\/v2\/posts\/26474","targetHints":{"allow":["GET"]}}],"collection":[{"href":"https:\/\/ejornais.com.br\/index.php\/wp-json\/wp\/v2\/posts"}],"about":[{"href":"https:\/\/ejornais.com.br\/index.php\/wp-json\/wp\/v2\/types\/post"}],"author":[{"embeddable":true,"href":"https:\/\/ejornais.com.br\/index.php\/wp-json\/wp\/v2\/users\/2"}],"replies":[{"embeddable":true,"href":"https:\/\/ejornais.com.br\/index.php\/wp-json\/wp\/v2\/comments?post=26474"}],"version-history":[{"count":0,"href":"https:\/\/ejornais.com.br\/index.php\/wp-json\/wp\/v2\/posts\/26474\/revisions"}],"wp:attachment":[{"href":"https:\/\/ejornais.com.br\/index.php\/wp-json\/wp\/v2\/media?parent=26474"}],"wp:term":[{"taxonomy":"category","embeddable":true,"href":"https:\/\/ejornais.com.br\/index.php\/wp-json\/wp\/v2\/categories?post=26474"},{"taxonomy":"post_tag","embeddable":true,"href":"https:\/\/ejornais.com.br\/index.php\/wp-json\/wp\/v2\/tags?post=26474"}],"curies":[{"name":"wp","href":"https:\/\/api.w.org\/{rel}","templated":true}]}}