{"id":26531,"date":"2024-06-05T06:17:20","date_gmt":"2024-06-05T09:17:20","guid":{"rendered":"https:\/\/ejornais.com.br\/index.php\/2024\/06\/05\/prefeitura-divulga-resultado-preliminar-da-analise-documental-do-edital-do-samap\/"},"modified":"2024-06-05T06:17:20","modified_gmt":"2024-06-05T09:17:20","slug":"prefeitura-divulga-resultado-preliminar-da-analise-documental-do-edital-do-samap","status":"publish","type":"post","link":"https:\/\/ejornais.com.br\/index.php\/2024\/06\/05\/prefeitura-divulga-resultado-preliminar-da-analise-documental-do-edital-do-samap\/","title":{"rendered":"Prefeitura divulga resultado preliminar da an\u00e1lise documental do edital do Samap"},"content":{"rendered":"<p><\/p>\n<div>\n<p>A Prefeitura de Jo\u00e3o Pessoa, por meio da sua Funda\u00e7\u00e3o Cultural (Funjope), divulgou, nesta ter\u00e7a-feira (4), o resultado preliminar da an\u00e1lise documental dos inscritos no edital do XVIII Sal\u00e3o Municipal de Artes Pl\u00e1sticas (Samap) \u2013 Pr\u00eamio Rose Cat\u00e3o. O documento pode ser acessado neste link. O prazo para recurso \u00e9 at\u00e9 a pr\u00f3xima sexta-feira (7), atrav\u00e9s do e-mail samap.funjopejp@gmail.com. O valor total do edital \u00e9 de R$ 65 mil.<\/p>\n<figure class=\"wp-block-gallery has-nested-images columns-default is-cropped wp-block-gallery-1 is-layout-flex wp-block-gallery-is-layout-flex\">\n<figure class=\"wp-block-image size-large\"><\/figure>\n<figure class=\"wp-block-image size-large\"><\/figure>\n<figure class=\"wp-block-image size-large\"><\/figure>\n<figure class=\"wp-block-image size-large\"><\/figure>\n<\/figure>\n<p>\u201cEsta etapa \u00e9 muito importante para n\u00f3s no processo de sele\u00e7\u00e3o dos artistas para o Sal\u00e3o Municipal de Artes Pl\u00e1sticas, um sal\u00e3o importante que n\u00f3s, da Prefeitura de Jo\u00e3o Pessoa, reativamos nos \u00faltimos dois anos. Este ano, tivemos uma concorr\u00eancia muito alta, cerca de 50 artistas da Para\u00edba e de todo o Brasil, de maneira que teremos uma grande competitividade entre os artistas. Isso \u00e9 muito significativo para todos n\u00f3s\u201d, declarou o diretor executivo da Funjope, Marcus Alves.<\/p>\n<p>O Samap tem o objetivo de incentivar a produ\u00e7\u00e3o e difus\u00e3o das artes visuais, proporcionando a pesquisa e a busca de novos conceitos atrav\u00e9s da valoriza\u00e7\u00e3o e do fortalecimento da diversidade presente nas artes contempor\u00e2neas, al\u00e9m de promover a democratiza\u00e7\u00e3o e o acesso \u00e0 cultura.<\/p>\n<p>Nesta edi\u00e7\u00e3o, ser\u00e3o selecionadas 15 propostas de artistas visuais brasileiros ou de pessoas radicadas no Brasil h\u00e1, no m\u00ednimo, dois anos. Destas, pelo menos nove ser\u00e3o de artistas paraibanos.<\/p>\n<p><strong>Homenagem<\/strong> \u2013 Este ano, o edital homenageia Rose Mary Cat\u00e3o, de nome art\u00edstico Rose Cat\u00e3o, artista pl\u00e1stica paraibana, natural de Campina Grande, mas residente na cidade de Jo\u00e3o Pessoa desde 1960. Ela \u00e9 graduada em artes pl\u00e1sticas com especializa\u00e7\u00e3o em cultura afro-brasileira e mestrado em biblioteconomia, todos pela Universidade Federal da Para\u00edba (UFPB).<\/p>\n<p>Rose Cat\u00e3o possui v\u00e1rios cursos no campo das artes visuais e vem expondo seus trabalhos em desenho, pintura e gravura a partir do ano de 1980. Profere palestras e ministra Cursos de Xilogravura em escolas e universidades. Ilustra livros e revistas. Recebeu premia\u00e7\u00e3o (1\u00ba lugar) no Festival Nacional de Arte (Fenart) em sua VII edi\u00e7\u00e3o.<\/p>\n<p>Realizou sete exposi\u00e7\u00f5es individuais e j\u00e1 participou de aproximadamente 100 exposi\u00e7\u00f5es coletivas em Jo\u00e3o Pessoa e outras cidades brasileiras, com destaque para a International Small Engraving \u2013 Florean Musean (2006\/2009).<\/p>\n<p>A artista exp\u00f5e e tem trabalhos no Florean Museum \u2013 Rom\u00e2nia, no Museu de Arte Contempor\u00e2nea Olho Latino \u2013 S\u00e3o Paulo, na Funda\u00e7\u00e3o Espa\u00e7o Cultural \u2013 PB, na Galeria de Arte Gamela \u2013 Jo\u00e3o Pessoa.<\/p>\n<\/p><\/div>\n","protected":false},"excerpt":{"rendered":"<p>A Prefeitura de Jo\u00e3o Pessoa, por meio da sua Funda\u00e7\u00e3o Cultural (Funjope), divulgou, nesta ter\u00e7a-feira (4), o resultado preliminar da<\/p>\n","protected":false},"author":1,"featured_media":0,"comment_status":"","ping_status":"","sticky":false,"template":"","format":"standard","meta":{"colormag_page_container_layout":"default_layout","colormag_page_sidebar_layout":"default_layout","footnotes":""},"categories":[1],"tags":[],"class_list":["post-26531","post","type-post","status-publish","format-standard","hentry","category-ejornais"],"aioseo_notices":[],"amp_enabled":true,"_links":{"self":[{"href":"https:\/\/ejornais.com.br\/index.php\/wp-json\/wp\/v2\/posts\/26531","targetHints":{"allow":["GET"]}}],"collection":[{"href":"https:\/\/ejornais.com.br\/index.php\/wp-json\/wp\/v2\/posts"}],"about":[{"href":"https:\/\/ejornais.com.br\/index.php\/wp-json\/wp\/v2\/types\/post"}],"author":[{"embeddable":true,"href":"https:\/\/ejornais.com.br\/index.php\/wp-json\/wp\/v2\/users\/1"}],"replies":[{"embeddable":true,"href":"https:\/\/ejornais.com.br\/index.php\/wp-json\/wp\/v2\/comments?post=26531"}],"version-history":[{"count":0,"href":"https:\/\/ejornais.com.br\/index.php\/wp-json\/wp\/v2\/posts\/26531\/revisions"}],"wp:attachment":[{"href":"https:\/\/ejornais.com.br\/index.php\/wp-json\/wp\/v2\/media?parent=26531"}],"wp:term":[{"taxonomy":"category","embeddable":true,"href":"https:\/\/ejornais.com.br\/index.php\/wp-json\/wp\/v2\/categories?post=26531"},{"taxonomy":"post_tag","embeddable":true,"href":"https:\/\/ejornais.com.br\/index.php\/wp-json\/wp\/v2\/tags?post=26531"}],"curies":[{"name":"wp","href":"https:\/\/api.w.org\/{rel}","templated":true}]}}