{"id":26727,"date":"2024-06-07T21:20:17","date_gmt":"2024-06-08T00:20:17","guid":{"rendered":"https:\/\/ejornais.com.br\/index.php\/2024\/06\/07\/agencia-minas-gerais-der-mantem-orientacoes-de-seguranca-viaria-devido-aos-servicos-de-melhorias-nas-rodovias-mg-010-e-lmg-800\/"},"modified":"2024-06-07T21:20:17","modified_gmt":"2024-06-08T00:20:17","slug":"agencia-minas-gerais-der-mantem-orientacoes-de-seguranca-viaria-devido-aos-servicos-de-melhorias-nas-rodovias-mg-010-e-lmg-800","status":"publish","type":"post","link":"https:\/\/ejornais.com.br\/index.php\/2024\/06\/07\/agencia-minas-gerais-der-mantem-orientacoes-de-seguranca-viaria-devido-aos-servicos-de-melhorias-nas-rodovias-mg-010-e-lmg-800\/","title":{"rendered":"Ag\u00eancia Minas Gerais | DER\u00a0mant\u00e9m orienta\u00e7\u00f5es de seguran\u00e7a vi\u00e1ria devido aos servi\u00e7os de melhorias nas rodovias MG-010 e LMG-800"},"content":{"rendered":"<p><\/p>\n<div>\n<p>O Departamento de Estradas de Rodagem de Minas Gerais (DER-MG) refor\u00e7a as orienta\u00e7\u00f5es aos usu\u00e1rios que utilizam as Rodovias MG-010 e LMG-800, principais acessos ao Aeroporto Internacional Presidente Tancredo Neves, em Confins, na Regi\u00e3o Metropolitana de Belo Horizonte (RMBH), em fun\u00e7\u00e3o das obras de seguran\u00e7a vi\u00e1ria, em andamento nas duas vias. As informa\u00e7\u00f5es valem para toda a semana.<\/p>\n<p>Diversos trechos est\u00e3o em obras com a presen\u00e7a constante de colaboradores nas vias, o que exige redu\u00e7\u00e3o de velocidade e aten\u00e7\u00e3o redobrada dos motoristas.<\/p>\n<p>Em fun\u00e7\u00e3o dos trabalhos, haver\u00e1 a necessidade de interdi\u00e7\u00e3o de uma das faixas de tr\u00e1fego para execu\u00e7\u00e3o das melhorias. Diante disso, os motoristas que circulam pela via devem ficar atentos para a possibilidade de reten\u00e7\u00e3o no tr\u00e1fego. Para quem se dirige ao aeroporto, em Confins, a orienta\u00e7\u00e3o \u00e9 sair um pouco mais cedo de casa.<\/p>\n<div style=\"text-align:center\">\n<figure class=\"image\" style=\"display:inline-block\">&#13;<figcaption><em><sup>DER \/ Divulga\u00e7\u00e3o<\/sup><\/em><\/figcaption>&#13;<br \/>\n<\/figure>\n<\/div>\n<p>A revitaliza\u00e7\u00e3o da sinaliza\u00e7\u00e3o horizontal e vertical e dos dispositivos de seguran\u00e7a vi\u00e1ria contemplam mais de 42 quil\u00f4metros de vias. Fazem parte do pacote, al\u00e9m da MG-010, entre o trevo da Vilarinho ao trevo de Lagoa Santa, com 18,10 quil\u00f4metros; a LMG-800, acesso para Lagoa Santa, com 4,24 quil\u00f4metros e em 20 quil\u00f4metros da MG-424, trecho entre o entroncamento da MG-010 at\u00e9 Pedro Leopoldo.<\/p>\n<p>Al\u00e9m disso, as marginais entre o trevo da Vilarinho at\u00e9 o entroncamento da MG-424 e no segmento at\u00e9 o t\u00fanel da Cidade Administrativa v\u00e3o receber melhorias. O investimento \u00e9 mais de R$ 8 milh\u00f5es.<\/p>\n<div style=\"text-align:center\">\n<figure class=\"image\" style=\"display:inline-block\">&#13;<figcaption><em><sup>DER \/ Divulga\u00e7\u00e3o<\/sup><\/em><\/figcaption>&#13;<br \/>\n<\/figure>\n<\/div>\n<p>\u00a0<\/p>\n<\/p><\/div>\n","protected":false},"excerpt":{"rendered":"<p>O Departamento de Estradas de Rodagem de Minas Gerais (DER-MG) refor\u00e7a as orienta\u00e7\u00f5es aos usu\u00e1rios que utilizam as Rodovias MG-010<\/p>\n","protected":false},"author":1,"featured_media":0,"comment_status":"","ping_status":"","sticky":false,"template":"","format":"standard","meta":{"colormag_page_container_layout":"default_layout","colormag_page_sidebar_layout":"default_layout","footnotes":""},"categories":[1],"tags":[],"class_list":["post-26727","post","type-post","status-publish","format-standard","hentry","category-ejornais"],"aioseo_notices":[],"amp_enabled":true,"_links":{"self":[{"href":"https:\/\/ejornais.com.br\/index.php\/wp-json\/wp\/v2\/posts\/26727","targetHints":{"allow":["GET"]}}],"collection":[{"href":"https:\/\/ejornais.com.br\/index.php\/wp-json\/wp\/v2\/posts"}],"about":[{"href":"https:\/\/ejornais.com.br\/index.php\/wp-json\/wp\/v2\/types\/post"}],"author":[{"embeddable":true,"href":"https:\/\/ejornais.com.br\/index.php\/wp-json\/wp\/v2\/users\/1"}],"replies":[{"embeddable":true,"href":"https:\/\/ejornais.com.br\/index.php\/wp-json\/wp\/v2\/comments?post=26727"}],"version-history":[{"count":0,"href":"https:\/\/ejornais.com.br\/index.php\/wp-json\/wp\/v2\/posts\/26727\/revisions"}],"wp:attachment":[{"href":"https:\/\/ejornais.com.br\/index.php\/wp-json\/wp\/v2\/media?parent=26727"}],"wp:term":[{"taxonomy":"category","embeddable":true,"href":"https:\/\/ejornais.com.br\/index.php\/wp-json\/wp\/v2\/categories?post=26727"},{"taxonomy":"post_tag","embeddable":true,"href":"https:\/\/ejornais.com.br\/index.php\/wp-json\/wp\/v2\/tags?post=26727"}],"curies":[{"name":"wp","href":"https:\/\/api.w.org\/{rel}","templated":true}]}}