{"id":26885,"date":"2024-06-10T15:17:28","date_gmt":"2024-06-10T18:17:28","guid":{"rendered":"https:\/\/ejornais.com.br\/index.php\/2024\/06\/10\/elevados-rufino-pizarro-e-engenheiro-freyssinet-serao-fechados-para-manutencao-prefeitura-da-cidade-do-rio-de-janeiro-2\/"},"modified":"2024-06-10T15:17:28","modified_gmt":"2024-06-10T18:17:28","slug":"elevados-rufino-pizarro-e-engenheiro-freyssinet-serao-fechados-para-manutencao-prefeitura-da-cidade-do-rio-de-janeiro-2","status":"publish","type":"post","link":"https:\/\/ejornais.com.br\/index.php\/2024\/06\/10\/elevados-rufino-pizarro-e-engenheiro-freyssinet-serao-fechados-para-manutencao-prefeitura-da-cidade-do-rio-de-janeiro-2\/","title":{"rendered":"Elevados Rufino Pizarro e Engenheiro Freyssinet ser\u00e3o fechados para manuten\u00e7\u00e3o &#8211; Prefeitura da Cidade do Rio de Janeiro"},"content":{"rendered":"<p><\/p>\n<div id=\"main\">\n<div class=\"wrapper-breadcrumbs\" wp_automatic_readability=\"16.390243902439\">\n<div class=\"image-post\" wp_automatic_readability=\"32\">\n                     O Elevado Paulo de Frontin ser\u00e1 fechado para manuten\u00e7\u00e3o de rotina &#8211;  Arquivo\/Prefeitura do Rio                  <\/div>\n<p>A CET-Rio informa que os elevados Engenheiro Freyssinet (elevado sobre a Avenida Paulo de Frontin) e Rufino Pizarro ser\u00e3o fechados, nesta segunda-feira (10\/6), no sentido Zona Norte, das 23h30 \u00e0s 5h, para servi\u00e7os de manuten\u00e7\u00e3o. Os motoristas ter\u00e3o a Avenida Paulo de Frontin como rota alternativa.<\/p>\n<p>Sinaliza\u00e7\u00e3o espec\u00edfica ser\u00e1 instalada para orientar e alertar os motoristas. Operadores da CET-Rio v\u00e3o monitorar as condi\u00e7\u00f5es do tr\u00e2nsito para, se necess\u00e1rio, atuarem. Al\u00e9m disso, os tempos semaf\u00f3ricos ser\u00e3o ajustados para melhorar a fluidez na rota de desvio e nos principais corredores da regi\u00e3o.<\/p>\n<p>Essa programa\u00e7\u00e3o poder\u00e1 ser suspensa por conta das condi\u00e7\u00f5es clim\u00e1ticas ou quest\u00f5es operacionais da cidade.<\/p>\n<p>             <!-- Compartilhe ---><\/p>\n<p>\t\t\t <!-- TAGS --><\/p>\n<section class=\"category-tags\">\n<div class=\"marcacao-category\">\n<article class=\"category-post\">\n<p>Categoria: <\/p>\n<\/article>\n<li>10 de junho de 2024<\/li><\/div>\n<article class=\"tags\">\n\t\t\t\t\tMarca\u00e7\u00f5es: CET-Rio Elevado Engenheiro Freyssinet Elevado Rufino Pizarro interdi\u00e7\u00f5es manuten\u00e7\u00e3o tr\u00e2nsito<br \/><\/article>\n<\/section>\n<p>            <!-- Mais Not&iacute;cias --><\/p>\n<p>\t\t<!-- Conte&uacute;do SIDEBAR --><\/p><\/div>\n<\/p><\/div>\n","protected":false},"excerpt":{"rendered":"<p>O Elevado Paulo de Frontin ser\u00e1 fechado para manuten\u00e7\u00e3o de rotina &#8211; Arquivo\/Prefeitura do Rio A CET-Rio informa que os<\/p>\n","protected":false},"author":1,"featured_media":0,"comment_status":"","ping_status":"","sticky":false,"template":"","format":"standard","meta":{"colormag_page_container_layout":"default_layout","colormag_page_sidebar_layout":"default_layout","footnotes":""},"categories":[1],"tags":[],"class_list":["post-26885","post","type-post","status-publish","format-standard","hentry","category-ejornais"],"aioseo_notices":[],"amp_enabled":true,"_links":{"self":[{"href":"https:\/\/ejornais.com.br\/index.php\/wp-json\/wp\/v2\/posts\/26885","targetHints":{"allow":["GET"]}}],"collection":[{"href":"https:\/\/ejornais.com.br\/index.php\/wp-json\/wp\/v2\/posts"}],"about":[{"href":"https:\/\/ejornais.com.br\/index.php\/wp-json\/wp\/v2\/types\/post"}],"author":[{"embeddable":true,"href":"https:\/\/ejornais.com.br\/index.php\/wp-json\/wp\/v2\/users\/1"}],"replies":[{"embeddable":true,"href":"https:\/\/ejornais.com.br\/index.php\/wp-json\/wp\/v2\/comments?post=26885"}],"version-history":[{"count":0,"href":"https:\/\/ejornais.com.br\/index.php\/wp-json\/wp\/v2\/posts\/26885\/revisions"}],"wp:attachment":[{"href":"https:\/\/ejornais.com.br\/index.php\/wp-json\/wp\/v2\/media?parent=26885"}],"wp:term":[{"taxonomy":"category","embeddable":true,"href":"https:\/\/ejornais.com.br\/index.php\/wp-json\/wp\/v2\/categories?post=26885"},{"taxonomy":"post_tag","embeddable":true,"href":"https:\/\/ejornais.com.br\/index.php\/wp-json\/wp\/v2\/tags?post=26885"}],"curies":[{"name":"wp","href":"https:\/\/api.w.org\/{rel}","templated":true}]}}