{"id":26917,"date":"2024-06-10T22:55:10","date_gmt":"2024-06-11T01:55:10","guid":{"rendered":"https:\/\/ejornais.com.br\/index.php\/2024\/06\/10\/prefeitura-de-campo-grande-inaugura-playground-acessivel-no-jardim-noroeste-cgnoticias\/"},"modified":"2024-06-10T22:55:10","modified_gmt":"2024-06-11T01:55:10","slug":"prefeitura-de-campo-grande-inaugura-playground-acessivel-no-jardim-noroeste-cgnoticias","status":"publish","type":"post","link":"https:\/\/ejornais.com.br\/index.php\/2024\/06\/10\/prefeitura-de-campo-grande-inaugura-playground-acessivel-no-jardim-noroeste-cgnoticias\/","title":{"rendered":"Prefeitura de Campo Grande inaugura playground acess\u00edvel no Jardim Noroeste \u2013 CGNot\u00edcias"},"content":{"rendered":"<p><\/p>\n<div>\n<p align=\"justify\"><span style=\"font-family: Arial, serif\"><span style=\"font-size: medium\">A Prefeitura Municipal de Campo Grande, por meio <\/span><\/span><span style=\"font-family: Arial, serif\"><span style=\"font-size: medium\">d<\/span><\/span><span style=\"font-family: Arial, serif\"><span style=\"font-size: medium\">a Secretaria Municipal de Assist\u00eancia Social (SAS) e Subsecretaria de Gest\u00e3o e Projetos Estrat\u00e9gicos (S<\/span><\/span><span style=\"font-family: Arial, serif\"><span style=\"font-size: medium\">ugepe<\/span><\/span><span style=\"font-family: Arial, serif\"><span style=\"font-size: medium\">), <\/span><\/span><span style=\"font-family: Arial, serif\"><span style=\"font-size: medium\">em parceria com o<\/span><\/span><span style=\"font-family: Arial, serif\"><span style=\"font-size: medium\"> Minist\u00e9rio P\u00fablico do Trabalho em Mato Grosso do Sul (MPT-<\/span><\/span><span style=\"font-family: Arial, serif\"><span style=\"font-size: medium\">MS<\/span><\/span><span style=\"font-family: Arial, serif\"><span style=\"font-size: medium\">), Tribunal Regional do Trabalho 24\u00aa Regi\u00e3o (TRT-<\/span><\/span><span style=\"font-family: Arial, serif\"><span style=\"font-size: medium\">MS<\/span><\/span><span style=\"font-family: Arial, serif\"><span style=\"font-size: medium\">) e Instituto Manoel Bonif\u00e1cio (IMB), inaugur<\/span><\/span><span style=\"font-family: Arial, serif\"><span style=\"font-size: medium\">ou<\/span><\/span><span style=\"font-family: Arial, serif\"><span style=\"font-size: medium\">, nest<\/span><\/span><span style=\"font-family: Arial, serif\"><span style=\"font-size: medium\">a segunda-feira (10), um<\/span><\/span> <span style=\"font-family: Arial, serif\"><span style=\"font-size: medium\">p<\/span><\/span><span style=\"font-family: Arial, serif\"><span style=\"font-size: medium\">layground <\/span><\/span><span style=\"font-family: Arial, serif\"><span style=\"font-size: medium\">a<\/span><\/span><span style=\"font-family: Arial, serif\"><span style=\"font-size: medium\">cess\u00edvel no Jardim Noroeste.<\/span><\/span><\/p>\n<p align=\"justify\"><span style=\"font-family: Arial, serif\"><span style=\"font-size: medium\">O empreendimento <\/span><\/span><span style=\"font-family: Arial, serif\"><span style=\"font-size: medium\">\u00e9 parte integrante de um amplo plano de implementa\u00e7\u00e3o de 25 playgrounds acess\u00edveis em seis regi\u00f5es distintas da cidade. Tal iniciativa visa promover a inclus\u00e3o e proporcionar espa\u00e7os de recrea\u00e7\u00e3o acess\u00edveis a todas as crian\u00e7as residentes em Campo Grande.<\/span><\/span><\/p>\n<p align=\"justify\"><span style=\"font-family: Arial, serif\"><span style=\"font-size: medium\">O espa\u00e7o<\/span><\/span><span style=\"font-family: Arial, serif\"><span style=\"font-size: medium\">\u00a0ultrapassa a mera fun\u00e7\u00e3o de \u00e1rea de lazer, tornando-se um s\u00edmbolo do compromisso coletivo com a inclus\u00e3o e a igualdade de oportunidades. Cada aspecto do projeto foi meticulosamente concebido para assegurar que crian\u00e7as de todas as habilidades possam desfrutar de momentos de divers\u00e3o conjunta em um ambiente seguro e acolhedor.<\/span><\/span><\/p>\n<p align=\"justify\"><span style=\"font-family: Arial, serif\"><span style=\"font-size: medium\">\u201cEste playground acess\u00edvel <\/span><\/span><span style=\"font-family: Arial, serif\"><span style=\"font-size: medium\">\u00e9 um exemplo de melhoria dos espa\u00e7os p\u00fablicos, nas sete regi\u00f5es urbanas de Campo Grande. Do mesmo modo,<\/span><\/span> <span style=\"font-family: Arial, serif\"><span style=\"font-size: medium\">proporciona a inclus\u00e3o e garante o direito b\u00e1sico que toda crian\u00e7a tem, de poder brincar e desfrutar de uma inf\u00e2ncia saud\u00e1vel e feliz\u201d, disse a prefeita Adriane.<\/span><\/span><\/p>\n<\/p>\n<p align=\"justify\"><span style=\"font-family: Arial, serif\"><span style=\"font-size: medium\">A coordenadora do CRAS H\u00e9rcules Mandetta, <\/span><\/span><span style=\"font-family: Arial, serif\"><span style=\"font-size: medium\">que fica <\/span><\/span><span style=\"font-family: Arial, serif\"><span style=\"font-size: medium\">em frente ao novo playground, Stefany Santana, <\/span><\/span><span style=\"font-family: Arial, serif\"><span style=\"font-size: medium\">exaltou a iniciativa de instalar os brinquedos no local, democratizando o acesso. <\/span><\/span><span style=\"font-family: Arial, serif\"><span style=\"font-size: medium\">\u201cO livre acesso ao lazer proporcionado por este playground \u00e9 o diferencial. As crian\u00e7as da regi\u00e3o t\u00eam um local de encontro, o que faz diferen\u00e7a em suas rotinas di\u00e1rias. <\/span><\/span><span style=\"font-family: Arial, serif\"><span style=\"font-size: medium\">\u00c9 bom ver as crian\u00e7as sendo crian\u00e7as, de maneira <\/span><\/span><span style=\"font-family: Arial, serif\"><span style=\"font-size: medium\">livre <\/span><\/span><span style=\"font-family: Arial, serif\"><span style=\"font-size: medium\">e<\/span><\/span><span style=\"font-family: Arial, serif\"><span style=\"font-size: medium\"> em qualquer hor\u00e1rio. Al\u00e9m disso, as crian\u00e7as que est\u00e3o expostas excessivamente \u00e0s telas agora t\u00eam um est\u00edmulo adicional para brincarem ao ar livre e estabelecerem um contato ben\u00e9fico com a natureza\u201d.<\/span><\/span><\/p>\n<\/p>\n<p align=\"justify\"><span style=\"font-family: Arial, serif\"><span style=\"font-size: medium\">A <\/span><\/span><span style=\"font-family: Arial, serif\"><span style=\"font-size: medium\">s<\/span><\/span><span style=\"font-family: Arial, serif\"><span style=\"font-size: medium\">ubsecret\u00e1ria da <\/span><\/span><span style=\"font-family: Arial, serif\"><span style=\"font-size: medium\">Sugepe<\/span><\/span><span style=\"font-family: Arial, serif\"><span style=\"font-size: medium\">, Catiana Sabadin tamb\u00e9m enfatizou a import\u00e2ncia do projeto: \u201cA inaugura\u00e7\u00e3o do playground tem a finalidade de manter a ocupa\u00e7\u00e3o para as crian\u00e7as e evitar o trabalho infantil. \u00c9 o primeiro playground de 25 que n\u00f3s pretendemos instalar em todas as regi\u00f5es urbanas de Campo Grande, especialmente nos bairros mais carentes. Esses playgrounds ser\u00e3o sempre instalados em \u00e1reas pr\u00f3ximas a equipamentos p\u00fablicos <\/span><\/span><span style=\"font-family: Arial, serif\"><span style=\"font-size: medium\">e<\/span><\/span><span style=\"font-family: Arial, serif\"><span style=\"font-size: medium\"> a gente espera muito que a comunidade se aproprie e cuide desses espa\u00e7os\u201d.<\/span><\/span><\/p>\n<\/p>\n<p align=\"justify\"><span style=\"font-family: Arial, serif\"><span style=\"font-size: medium\">Equipado com recursos especialmente projetados para atender \u00e0s necessidades das crian\u00e7as com defici\u00eancias, como balan\u00e7os adaptados e \u00e1reas de descanso acess\u00edveis, <\/span><\/span><span style=\"font-family: Arial, serif\"><span style=\"font-size: medium\">o playground<\/span><\/span><span style=\"font-family: Arial, serif\"><span style=\"font-size: medium\"> representa um marco na promo\u00e7\u00e3o da inclus\u00e3o e da igualdade de oportunidades <\/span><\/span><span style=\"font-family: Arial, serif\"><span style=\"font-size: medium\">na Capital.<\/span><\/span><\/p>\n<p align=\"justify\"><span style=\"font-family: Arial, serif\"><span style=\"font-size: medium\"><br \/><\/span><\/span><span style=\"font-family: Arial, sans-serif\"><span style=\"font-size: medium\">#pratodosverem\u00a0 <em>Na mat\u00e9ria h\u00e1 quatro fotos: A primeira, que ilustra a capa, mostra uma garota com idade entre 9 e 10 anos brincando em um balan\u00e7o convencional, ao lado de um balan\u00e7o adaptado para cadeirante; a segunda foto mostra a prefeita Adriane durante pronunciamento; a terceira imagem mostra a coordenadora do CRAS H\u00e9rcules Mandetta, Stefany Santana e a quarta imagem mostra a titular da Sugepe, Catiana Sabadin.<\/em><\/span><\/span><\/p>\n<\/div>\n<p><script async defer async defer src=\"https:\/\/connect.facebook.net\/en_US\/sdk.js?ver=1#xfbml=1&#038;version=v3.2\" id='prefeitura-campogrande-script-facebook-sdk-js'><\/script><\/p>\n","protected":false},"excerpt":{"rendered":"<p>A Prefeitura Municipal de Campo Grande, por meio da Secretaria Municipal de Assist\u00eancia Social (SAS) e Subsecretaria de Gest\u00e3o e<\/p>\n","protected":false},"author":1,"featured_media":0,"comment_status":"","ping_status":"","sticky":false,"template":"","format":"standard","meta":{"colormag_page_container_layout":"default_layout","colormag_page_sidebar_layout":"default_layout","footnotes":""},"categories":[],"tags":[],"class_list":["post-26917","post","type-post","status-publish","format-standard","hentry"],"aioseo_notices":[],"amp_enabled":true,"_links":{"self":[{"href":"https:\/\/ejornais.com.br\/index.php\/wp-json\/wp\/v2\/posts\/26917","targetHints":{"allow":["GET"]}}],"collection":[{"href":"https:\/\/ejornais.com.br\/index.php\/wp-json\/wp\/v2\/posts"}],"about":[{"href":"https:\/\/ejornais.com.br\/index.php\/wp-json\/wp\/v2\/types\/post"}],"author":[{"embeddable":true,"href":"https:\/\/ejornais.com.br\/index.php\/wp-json\/wp\/v2\/users\/1"}],"replies":[{"embeddable":true,"href":"https:\/\/ejornais.com.br\/index.php\/wp-json\/wp\/v2\/comments?post=26917"}],"version-history":[{"count":0,"href":"https:\/\/ejornais.com.br\/index.php\/wp-json\/wp\/v2\/posts\/26917\/revisions"}],"wp:attachment":[{"href":"https:\/\/ejornais.com.br\/index.php\/wp-json\/wp\/v2\/media?parent=26917"}],"wp:term":[{"taxonomy":"category","embeddable":true,"href":"https:\/\/ejornais.com.br\/index.php\/wp-json\/wp\/v2\/categories?post=26917"},{"taxonomy":"post_tag","embeddable":true,"href":"https:\/\/ejornais.com.br\/index.php\/wp-json\/wp\/v2\/tags?post=26917"}],"curies":[{"name":"wp","href":"https:\/\/api.w.org\/{rel}","templated":true}]}}