{"id":27020,"date":"2024-06-12T10:43:43","date_gmt":"2024-06-12T13:43:43","guid":{"rendered":"https:\/\/ejornais.com.br\/index.php\/2024\/06\/12\/qual-filme-vai-passar-sexta-14-06-na-globo-corujao-e-sessao-da-tarde\/"},"modified":"2024-06-12T10:43:43","modified_gmt":"2024-06-12T13:43:43","slug":"qual-filme-vai-passar-sexta-14-06-na-globo-corujao-e-sessao-da-tarde","status":"publish","type":"post","link":"https:\/\/ejornais.com.br\/index.php\/2024\/06\/12\/qual-filme-vai-passar-sexta-14-06-na-globo-corujao-e-sessao-da-tarde\/","title":{"rendered":"Qual filme vai passar Sexta (14\/06) na Globo? CORUJ\u00c3O E SESS\u00c3O DA TARDE"},"content":{"rendered":"<p> Por MRNews<br \/>\n<\/p>\n<div>\n<p>COnfira a programa\u00e7\u00e3o da Globo\u00a0 <strong>hoje, 14\/06\/<\/strong><strong>2024 e que horas come\u00e7am os filmes de hoje.\u00a0<\/strong><\/p>\n<p>Sexta-feira, 14\/06\/2024<\/p>\n<p>04:00 Hora Um<\/p>\n<p>06:00 Bom Dia Pra\u00e7a<\/p>\n<p>08:30 Bom Dia Brasil<\/p>\n<p>09:30 Encontro Com Patr\u00edcia Poeta<\/p>\n<p>10:35 Mais Voc\u00ea<\/p>\n<p>11:45 Pra\u00e7a TV \u2013 1\u00aa Edi\u00e7\u00e3o<\/p>\n<p>13:00 Globo Esporte<\/p>\n<p>13:25 Jornal Hoje<\/p>\n<p>14:45 Cheias de Charme<\/p>\n<p>15:35 Futebol <a href=\"https:\/\/opiniaoenoticia.com.br\">Amistoso da Sele\u00e7\u00e3o<\/a><\/p>\n<p>18:05 Vale a Pena Ver de Novo \u2013 Alma G\u00eamea<\/p>\n<p>18:40 No Rancho Fundo<\/p>\n<p>19:20 Pra\u00e7a TV \u2013 2\u00aa Edi\u00e7\u00e3o<\/p>\n<p>19:45 Fam\u00edlia \u00e9 Tudo<\/p>\n<p>20:30 Jornal Nacional<\/p>\n<p>21:20 <a href=\"https:\/\/maisalma.com\">Renascer<\/a><\/p>\n<p>22:25 Globo Rep\u00f3rter<\/p>\n<p>23:15 Sess\u00e3o Globoplay \u2013 The Equalizer \u2013 A Protetora<\/p>\n<p>00:00 Jornal da Globo<\/p>\n<p>00:50 Conversa com Bial<\/p>\n<p>01:30 Fam\u00edlia \u00e9 Tudo<\/p>\n<p>02:15 Com\u00e9dia Na Madruga I<\/p>\n<p>02:55 Coruj\u00e3o I \u2013 A Fera Na Selva<\/p>\n<h3>A Fera na Selva: Uma Hist\u00f3ria de Esperan\u00e7a e Obsess\u00e3o<\/h3>\n<p>\u00a0<\/p>\n<p>Na pr\u00f3xima sexta-feira, 14 de junho de 2024, o Coruj\u00e3o I exibir\u00e1 o filme \u201cA Fera na Selva\u201d, uma produ\u00e7\u00e3o brasileira de 2017, dirigida por Lauro Escorel, Paulo Betti e Eliane Giardini. Este romance, estrelado por Eliane Giardini e Paulo Betti, traz uma narrativa profunda sobre esperan\u00e7a, amor e obsess\u00e3o.<\/p>\n<p>\u00a0<\/p>\n<h4>Sinopse<\/h4>\n<p>\u00a0<\/p>\n<p>\u201cA Fera na Selva\u201d conta a hist\u00f3ria de Jo\u00e3o e Maria, que passam a vida inteira juntos, unidos por uma espera intermin\u00e1vel. Jo\u00e3o, um homem atormentado pela cren\u00e7a de que algo extraordin\u00e1rio est\u00e1 destinado a acontecer em sua vida, vive em constante antecipa\u00e7\u00e3o desse evento. Maria, sua fiel companheira, decide compartilhar essa jornada, aceitando esperar ao seu lado, mesmo sem saber o que o futuro lhes reserva.<\/p>\n<p>\u00a0<\/p>\n<h4>Personagens Principais<\/h4>\n<p>\u00a0<\/p>\n<p>\u2013 **Jo\u00e3o (Paulo Betti)**: Um homem preso pela ideia de que um evento grandioso est\u00e1 prestes a mudar sua vida. Sua obsess\u00e3o o leva a uma exist\u00eancia de constante expectativa, influenciando todas as suas decis\u00f5es.<\/p>\n<p>\u2013 **Maria (Eliane Giardini)**: Companheira leal de Jo\u00e3o, Maria \u00e9 a personifica\u00e7\u00e3o da paci\u00eancia e do amor incondicional. Ela escolhe viver na sombra da obsess\u00e3o de Jo\u00e3o, suportando a incerteza e as frustra\u00e7\u00f5es que v\u00eam com essa escolha.<\/p>\n<p>\u00a0<\/p>\n<h4>Dire\u00e7\u00e3o e Elenco<\/h4>\n<p>\u00a0<\/p>\n<p>O filme \u00e9 co-dirigido por Lauro Escorel, Paulo Betti e Eliane Giardini, que tamb\u00e9m protagonizam a trama. A colabora\u00e7\u00e3o entre os diretores traz uma profundidade emocional e uma interpreta\u00e7\u00e3o aut\u00eantica aos personagens, fazendo com que o espectador se sinta conectado \u00e0 jornada de Jo\u00e3o e Maria.<\/p>\n<p>\u00a0<\/p>\n<h4>Tem\u00e1tica<\/h4>\n<p>\u00a0<\/p>\n<p>\u201cA Fera na Selva\u201d explora temas universais como esperan\u00e7a, amor e o medo do desconhecido. A espera de Jo\u00e3o pelo extraordin\u00e1rio pode ser vista como uma met\u00e1fora para as expectativas e ansiedades que todos n\u00f3s carregamos em algum momento da vida. O filme questiona at\u00e9 que ponto estamos dispostos a sacrificar o presente por um futuro incerto e o impacto que essa escolha tem nas nossas vidas e nas vidas daqueles que amamos.<\/p>\n<p>\u00a0<\/p>\n<h4>Conclus\u00e3o<\/h4>\n<p>\u00a0<\/p>\n<p>\u201cA Fera na Selva\u201d \u00e9 um filme que promete emocionar e provocar reflex\u00f5es profundas nos telespectadores. A hist\u00f3ria de Jo\u00e3o e Maria \u00e9 um lembrete poderoso sobre a natureza do tempo, da paci\u00eancia e do amor verdadeiro. N\u00e3o perca a exibi\u00e7\u00e3o deste bel\u00edssimo romance no Coruj\u00e3o I, na sexta-feira, 14 de junho de 2024.<\/p>\n<p>\u00a0<\/p>\n<p>\u00a0<\/p>\n<\/div>\n","protected":false},"excerpt":{"rendered":"<p>Por MRNews COnfira a programa\u00e7\u00e3o da Globo\u00a0 hoje, 14\/06\/2024 e que horas come\u00e7am os filmes de hoje.\u00a0 Sexta-feira, 14\/06\/2024 04:00<\/p>\n","protected":false},"author":2,"featured_media":0,"comment_status":"","ping_status":"","sticky":false,"template":"","format":"standard","meta":{"colormag_page_container_layout":"default_layout","colormag_page_sidebar_layout":"default_layout","footnotes":""},"categories":[1],"tags":[],"class_list":["post-27020","post","type-post","status-publish","format-standard","hentry","category-ejornais"],"aioseo_notices":[],"amp_enabled":true,"_links":{"self":[{"href":"https:\/\/ejornais.com.br\/index.php\/wp-json\/wp\/v2\/posts\/27020","targetHints":{"allow":["GET"]}}],"collection":[{"href":"https:\/\/ejornais.com.br\/index.php\/wp-json\/wp\/v2\/posts"}],"about":[{"href":"https:\/\/ejornais.com.br\/index.php\/wp-json\/wp\/v2\/types\/post"}],"author":[{"embeddable":true,"href":"https:\/\/ejornais.com.br\/index.php\/wp-json\/wp\/v2\/users\/2"}],"replies":[{"embeddable":true,"href":"https:\/\/ejornais.com.br\/index.php\/wp-json\/wp\/v2\/comments?post=27020"}],"version-history":[{"count":0,"href":"https:\/\/ejornais.com.br\/index.php\/wp-json\/wp\/v2\/posts\/27020\/revisions"}],"wp:attachment":[{"href":"https:\/\/ejornais.com.br\/index.php\/wp-json\/wp\/v2\/media?parent=27020"}],"wp:term":[{"taxonomy":"category","embeddable":true,"href":"https:\/\/ejornais.com.br\/index.php\/wp-json\/wp\/v2\/categories?post=27020"},{"taxonomy":"post_tag","embeddable":true,"href":"https:\/\/ejornais.com.br\/index.php\/wp-json\/wp\/v2\/tags?post=27020"}],"curies":[{"name":"wp","href":"https:\/\/api.w.org\/{rel}","templated":true}]}}