{"id":27040,"date":"2024-06-12T15:01:57","date_gmt":"2024-06-12T18:01:57","guid":{"rendered":"https:\/\/ejornais.com.br\/index.php\/2024\/06\/12\/secretaria-de-cultura-reinaugura-biblioteca-manuel-ignacio-modernizada-e-climatizada-prefeitura-da-cidade-do-rio-de-janeiro\/"},"modified":"2024-06-12T15:01:57","modified_gmt":"2024-06-12T18:01:57","slug":"secretaria-de-cultura-reinaugura-biblioteca-manuel-ignacio-modernizada-e-climatizada-prefeitura-da-cidade-do-rio-de-janeiro","status":"publish","type":"post","link":"https:\/\/ejornais.com.br\/index.php\/2024\/06\/12\/secretaria-de-cultura-reinaugura-biblioteca-manuel-ignacio-modernizada-e-climatizada-prefeitura-da-cidade-do-rio-de-janeiro\/","title":{"rendered":"Secretaria de Cultura reinaugura Biblioteca Manuel Ign\u00e1cio modernizada e climatizada &#8211; Prefeitura da Cidade do Rio de Janeiro"},"content":{"rendered":"<p><\/p>\n<div id=\"main\">\n<div class=\"wrapper-breadcrumbs\" wp_automatic_readability=\"50.074125103334\">\n<div class=\"image-post\" wp_automatic_readability=\"32\">\n                     A Biblioteca Manuel Ign\u00e1cio da Silva Alvarenga fica em Campo Grande &#8211; Prefeitura do Rio                  <\/div>\n<p>Ap\u00f3s dez meses fechada para obras e interven\u00e7\u00f5es, a Biblioteca Manuel Ign\u00e1cio da Silva Alvarenga, em Campo Grande, foi reinaugurada de cara nova. A repaginada foi entregue na manh\u00e3 desta quarta-feira dos namorados (12\/6). Mais uma unidade do programa Bibliotecas do Amanh\u00e3, que visa revitalizar e modernizar bibliotecas e salas de leitura da rede municipal, com diversidade de conte\u00fado, climatiza\u00e7\u00e3o, acessibilidade, participa\u00e7\u00e3o comunit\u00e1ria, sustentabilidade das a\u00e7\u00f5es, espa\u00e7os flex\u00edveis e avalia\u00e7\u00e3o cont\u00ednua. S\u00e3o cerca de nove mil t\u00edtulos no acervo.<\/p>\n<blockquote wp_automatic_readability=\"9\">\n<p>\u2013 Mais uma entrega da prefeitura na Zona Oeste. A cidade toda tem prioridade e desafios, mas n\u00f3s precisamos olhar para quem mais precisa. Havia uma demanda gigante por este equipamento cultural neste bairro que \u00e9 o maior do Brasil \u2013 disse o secret\u00e1rio municipal de Cultura, Marcelo Calero.<\/p>\n<\/blockquote>\n<p>A Secretaria de Cultura vem entregando uma s\u00e9rie de obras de reforma, moderniza\u00e7\u00e3o e requalifica\u00e7\u00e3o de 22 de seus 55 equipamentos culturais. Trata-se do programa Cultura do Amanh\u00e3, o maior investimento da pasta neste sentido, ultrapassando R$ 75 milh\u00f5es.<\/p>\n<figure id=\"attachment_106306\" aria-describedby=\"caption-attachment-106306\" style=\"width: 1600px\" class=\"wp-caption aligncenter\"><figcaption id=\"caption-attachment-106306\" class=\"wp-caption-text\">A biblioteca conta com espa\u00e7os novos e mobili\u00e1rio adequado \u2013 Prefeitura do Rio<\/figcaption><\/figure>\n<p>\u00a0<\/p>\n<p>Com espa\u00e7os novos e mobili\u00e1rio adequado, a nova biblioteca poder\u00e1 atender a um p\u00fablico mais diverso com a implementa\u00e7\u00e3o de programa educativo, oficinas, atividades, palestras e cursos.<\/p>\n<blockquote wp_automatic_readability=\"16\">\n<p>\u2013 Nossa ideia \u00e9 fazer com que a comunidade do entorno entenda que \u00e9 parte integrante e essencial para o funcionamento, debatendo assuntos importantes como a tem\u00e1tica antirracista e de sustentabilidade, trazendo a comunidade para o debate \u2013 afirmou a coordenadora do projeto na Graviola, Marjory Rocha.<\/p>\n<p>\u2013 Essa \u00e9 uma das nossas bibliotecas que mais t\u00eam acervo de literatura afro-brasileira na nossa rede de bibliotecas p\u00fablicas \u2013 declarou a gerente de Livro e Leitura na Secretaria de Cultura, Aladia Ara\u00fajo.<\/p>\n<\/blockquote>\n<p>Primeira autora infantojuvenil quilombola brasileira, Pituka Nirobe \u00e9 a gestora da unidade, onde pretende ampliar os conhecimentos e saberes \u00e9tnicos a partir da perspectiva de personagens quilombolas, que t\u00eam a ancestralidade e a mem\u00f3ria como bases para a preserva\u00e7\u00e3o de seus saberes e das tradi\u00e7\u00f5es locais.<\/p>\n<blockquote wp_automatic_readability=\"10\">\n<p>\u2013 Uma luta de mais de 40 anos para conseguir um espa\u00e7o como esse \u2013 comentou Pituka, autora de \u201cPedras, Pedrinhas e Pedregulhos\u201d, narrativa ficcional baseada na rela\u00e7\u00e3o de cuidados e ensinamentos entre o av\u00f4 e seu neto no Quilombo da Marambaia.<\/p>\n<\/blockquote>\n<p>A Biblioteca Manuel Ign\u00e1cio da Silva Alvarenga fica na Rua Amaral Costa, 140 (em frente \u00e0 Igreja do Desterro), em Campo Grande.<\/p>\n<figure id=\"attachment_106307\" aria-describedby=\"caption-attachment-106307\" style=\"width: 1600px\" class=\"wp-caption aligncenter\"><figcaption id=\"caption-attachment-106307\" class=\"wp-caption-text\">S\u00e3o cerca de nove mil t\u00edtulos no acervo da biblioteca \u2013 Prefeitura do Rio<\/figcaption><\/figure>\n<p>             <!-- Compartilhe ---><\/p>\n<p>\t\t\t <!-- TAGS --><\/p>\n<section class=\"category-tags\">\n<div class=\"marcacao-category\">\n<article class=\"category-post\">\n<p>Categoria: <\/p>\n<\/article>\n<li>12 de junho de 2024<\/li><\/div>\n<article class=\"tags\">\n\t\t\t\t\tMarca\u00e7\u00f5es: Biblioteca Manuel Ign\u00e1cio da Silva Alvarenga Bibliotecas do Amanh\u00e3 Cultura livros programa Cultura do Amanh\u00e3 reinaugura\u00e7\u00e3o<br \/><\/article>\n<\/section>\n<p>            <!-- Mais Not&iacute;cias --><\/p>\n<p>\t\t<!-- Conte&uacute;do SIDEBAR --><\/p><\/div>\n<\/p><\/div>\n","protected":false},"excerpt":{"rendered":"<p>A Biblioteca Manuel Ign\u00e1cio da Silva Alvarenga fica em Campo Grande &#8211; Prefeitura do Rio Ap\u00f3s dez meses fechada para<\/p>\n","protected":false},"author":1,"featured_media":0,"comment_status":"","ping_status":"","sticky":false,"template":"","format":"standard","meta":{"colormag_page_container_layout":"default_layout","colormag_page_sidebar_layout":"default_layout","footnotes":""},"categories":[1],"tags":[],"class_list":["post-27040","post","type-post","status-publish","format-standard","hentry","category-ejornais"],"aioseo_notices":[],"aioseo_head":"\n\t\t<!-- All in One SEO 5.0.1.1 - aioseo.com -->\n\t<meta name=\"description\" content=\"A Biblioteca Manuel Ign\u00e1cio da Silva Alvarenga fica em Campo Grande - Prefeitura do Rio Ap\u00f3s dez meses fechada para obras e interven\u00e7\u00f5es, a Biblioteca Manuel Ign\u00e1cio da Silva Alvarenga, em Campo Grande, foi reinaugurada de cara nova. A repaginada foi entregue na manh\u00e3 desta quarta-feira dos namorados (12\/6). Mais uma unidade do programa Bibliotecas\" \/>\n\t<meta name=\"robots\" content=\"max-image-preview:large\" \/>\n\t<link rel=\"canonical\" href=\"https:\/\/ejornais.com.br\/index.php\/2024\/06\/12\/secretaria-de-cultura-reinaugura-biblioteca-manuel-ignacio-modernizada-e-climatizada-prefeitura-da-cidade-do-rio-de-janeiro\/\" \/>\n\t<meta name=\"generator\" content=\"All in One SEO (AIOSEO) 5.0.1.1\" \/>\n\t\t<meta property=\"og:locale\" content=\"pt_BR\" \/>\n\t\t<meta property=\"og:site_name\" content=\"eJornais - Cat\u00e1logo de Jornais no mundo, Not\u00edcias, Blog e Esportes ao vivo\" \/>\n\t\t<meta property=\"og:type\" content=\"article\" \/>\n\t\t<meta property=\"og:title\" content=\"Secretaria de Cultura reinaugura Biblioteca Manuel Ign\u00e1cio modernizada e climatizada \u2013 Prefeitura da Cidade do Rio de Janeiro - eJornais\" \/>\n\t\t<meta property=\"og:description\" content=\"A Biblioteca Manuel Ign\u00e1cio da Silva Alvarenga fica em Campo Grande - Prefeitura do Rio Ap\u00f3s dez meses fechada para obras e interven\u00e7\u00f5es, a Biblioteca Manuel Ign\u00e1cio da Silva Alvarenga, em Campo Grande, foi reinaugurada de cara nova. A repaginada foi entregue na manh\u00e3 desta quarta-feira dos namorados (12\/6). Mais uma unidade do programa Bibliotecas\" \/>\n\t\t<meta property=\"og:url\" content=\"https:\/\/ejornais.com.br\/index.php\/2024\/06\/12\/secretaria-de-cultura-reinaugura-biblioteca-manuel-ignacio-modernizada-e-climatizada-prefeitura-da-cidade-do-rio-de-janeiro\/\" \/>\n\t\t<meta property=\"article:published_time\" content=\"2024-06-12T18:01:57+00:00\" \/>\n\t\t<meta property=\"article:modified_time\" content=\"2024-06-12T18:01:57+00:00\" \/>\n\t\t<meta name=\"twitter:card\" content=\"summary_large_image\" \/>\n\t\t<meta name=\"twitter:title\" content=\"Secretaria de Cultura reinaugura Biblioteca Manuel Ign\u00e1cio modernizada e climatizada \u2013 Prefeitura da Cidade do Rio de Janeiro - eJornais\" \/>\n\t\t<meta name=\"twitter:description\" content=\"A Biblioteca Manuel Ign\u00e1cio da Silva Alvarenga fica em Campo Grande - Prefeitura do Rio Ap\u00f3s dez meses fechada para obras e interven\u00e7\u00f5es, a Biblioteca Manuel Ign\u00e1cio da Silva Alvarenga, em Campo Grande, foi reinaugurada de cara nova. A repaginada foi entregue na manh\u00e3 desta quarta-feira dos namorados (12\/6). Mais uma unidade do programa Bibliotecas\" \/>\n\t\t<script type=\"application\/ld+json\" class=\"aioseo-schema\">\n\t\t\t{\"@context\":\"https:\\\/\\\/schema.org\",\"@graph\":[{\"@type\":\"BlogPosting\",\"@id\":\"https:\\\/\\\/ejornais.com.br\\\/index.php\\\/2024\\\/06\\\/12\\\/secretaria-de-cultura-reinaugura-biblioteca-manuel-ignacio-modernizada-e-climatizada-prefeitura-da-cidade-do-rio-de-janeiro\\\/#blogposting\",\"name\":\"Secretaria de Cultura reinaugura Biblioteca Manuel Ign\\u00e1cio modernizada e climatizada \\u2013 Prefeitura da Cidade do Rio de Janeiro - eJornais\",\"headline\":\"Secretaria de Cultura reinaugura Biblioteca Manuel Ign\\u00e1cio modernizada e climatizada &#8211; Prefeitura da Cidade do Rio de Janeiro\",\"author\":{\"@id\":\"https:\\\/\\\/ejornais.com.br\\\/index.php\\\/author\\\/#author\"},\"publisher\":{\"@id\":\"https:\\\/\\\/ejornais.com.br\\\/#organization\"},\"datePublished\":\"2024-06-12T15:01:57-03:00\",\"dateModified\":\"2024-06-12T15:01:57-03:00\",\"inLanguage\":\"pt-BR\",\"mainEntityOfPage\":{\"@id\":\"https:\\\/\\\/ejornais.com.br\\\/index.php\\\/2024\\\/06\\\/12\\\/secretaria-de-cultura-reinaugura-biblioteca-manuel-ignacio-modernizada-e-climatizada-prefeitura-da-cidade-do-rio-de-janeiro\\\/#webpage\"},\"isPartOf\":{\"@id\":\"https:\\\/\\\/ejornais.com.br\\\/index.php\\\/2024\\\/06\\\/12\\\/secretaria-de-cultura-reinaugura-biblioteca-manuel-ignacio-modernizada-e-climatizada-prefeitura-da-cidade-do-rio-de-janeiro\\\/#webpage\"},\"articleSection\":\"Cat\\u00e1logo de Jornais\"},{\"@type\":\"BreadcrumbList\",\"@id\":\"https:\\\/\\\/ejornais.com.br\\\/index.php\\\/2024\\\/06\\\/12\\\/secretaria-de-cultura-reinaugura-biblioteca-manuel-ignacio-modernizada-e-climatizada-prefeitura-da-cidade-do-rio-de-janeiro\\\/#breadcrumblist\",\"itemListElement\":[{\"@type\":\"ListItem\",\"@id\":\"https:\\\/\\\/ejornais.com.br#listItem\",\"position\":1,\"name\":\"In\\u00edcio\",\"item\":\"https:\\\/\\\/ejornais.com.br\",\"nextItem\":{\"@type\":\"ListItem\",\"@id\":\"https:\\\/\\\/ejornais.com.br\\\/index.php\\\/category\\\/ejornais\\\/#listItem\",\"name\":\"Cat\\u00e1logo de Jornais\"}},{\"@type\":\"ListItem\",\"@id\":\"https:\\\/\\\/ejornais.com.br\\\/index.php\\\/category\\\/ejornais\\\/#listItem\",\"position\":2,\"name\":\"Cat\\u00e1logo de Jornais\",\"item\":\"https:\\\/\\\/ejornais.com.br\\\/index.php\\\/category\\\/ejornais\\\/\",\"nextItem\":{\"@type\":\"ListItem\",\"@id\":\"https:\\\/\\\/ejornais.com.br\\\/index.php\\\/2024\\\/06\\\/12\\\/secretaria-de-cultura-reinaugura-biblioteca-manuel-ignacio-modernizada-e-climatizada-prefeitura-da-cidade-do-rio-de-janeiro\\\/#listItem\",\"name\":\"Secretaria de Cultura reinaugura Biblioteca Manuel Ign\\u00e1cio modernizada e climatizada &#8211; Prefeitura da Cidade do Rio de Janeiro\"},\"previousItem\":{\"@type\":\"ListItem\",\"@id\":\"https:\\\/\\\/ejornais.com.br#listItem\",\"name\":\"In\\u00edcio\"}},{\"@type\":\"ListItem\",\"@id\":\"https:\\\/\\\/ejornais.com.br\\\/index.php\\\/2024\\\/06\\\/12\\\/secretaria-de-cultura-reinaugura-biblioteca-manuel-ignacio-modernizada-e-climatizada-prefeitura-da-cidade-do-rio-de-janeiro\\\/#listItem\",\"position\":3,\"name\":\"Secretaria de Cultura reinaugura Biblioteca Manuel Ign\\u00e1cio modernizada e climatizada &#8211; Prefeitura da Cidade do Rio de Janeiro\",\"previousItem\":{\"@type\":\"ListItem\",\"@id\":\"https:\\\/\\\/ejornais.com.br\\\/index.php\\\/category\\\/ejornais\\\/#listItem\",\"name\":\"Cat\\u00e1logo de Jornais\"}}]},{\"@type\":\"Organization\",\"@id\":\"https:\\\/\\\/ejornais.com.br\\\/#organization\",\"name\":\"eJornais\",\"description\":\"Cat\\u00e1logo de Jornais no mundo, Not\\u00edcias, Blog e Esportes ao vivo\",\"url\":\"https:\\\/\\\/ejornais.com.br\\\/\"},{\"@type\":\"Person\",\"@id\":\"https:\\\/\\\/ejornais.com.br\\\/index.php\\\/author\\\/#author\",\"url\":\"https:\\\/\\\/ejornais.com.br\\\/index.php\\\/author\\\/\"},{\"@type\":\"WebPage\",\"@id\":\"https:\\\/\\\/ejornais.com.br\\\/index.php\\\/2024\\\/06\\\/12\\\/secretaria-de-cultura-reinaugura-biblioteca-manuel-ignacio-modernizada-e-climatizada-prefeitura-da-cidade-do-rio-de-janeiro\\\/#webpage\",\"url\":\"https:\\\/\\\/ejornais.com.br\\\/index.php\\\/2024\\\/06\\\/12\\\/secretaria-de-cultura-reinaugura-biblioteca-manuel-ignacio-modernizada-e-climatizada-prefeitura-da-cidade-do-rio-de-janeiro\\\/\",\"name\":\"Secretaria de Cultura reinaugura Biblioteca Manuel Ign\\u00e1cio modernizada e climatizada \\u2013 Prefeitura da Cidade do Rio de Janeiro - eJornais\",\"description\":\"A Biblioteca Manuel Ign\\u00e1cio da Silva Alvarenga fica em Campo Grande - Prefeitura do Rio Ap\\u00f3s dez meses fechada para obras e interven\\u00e7\\u00f5es, a Biblioteca Manuel Ign\\u00e1cio da Silva Alvarenga, em Campo Grande, foi reinaugurada de cara nova. A repaginada foi entregue na manh\\u00e3 desta quarta-feira dos namorados (12\\\/6). Mais uma unidade do programa Bibliotecas\",\"inLanguage\":\"pt-BR\",\"isPartOf\":{\"@id\":\"https:\\\/\\\/ejornais.com.br\\\/#website\"},\"breadcrumb\":{\"@id\":\"https:\\\/\\\/ejornais.com.br\\\/index.php\\\/2024\\\/06\\\/12\\\/secretaria-de-cultura-reinaugura-biblioteca-manuel-ignacio-modernizada-e-climatizada-prefeitura-da-cidade-do-rio-de-janeiro\\\/#breadcrumblist\"},\"author\":{\"@id\":\"https:\\\/\\\/ejornais.com.br\\\/index.php\\\/author\\\/#author\"},\"creator\":{\"@id\":\"https:\\\/\\\/ejornais.com.br\\\/index.php\\\/author\\\/#author\"},\"datePublished\":\"2024-06-12T15:01:57-03:00\",\"dateModified\":\"2024-06-12T15:01:57-03:00\"},{\"@type\":\"WebSite\",\"@id\":\"https:\\\/\\\/ejornais.com.br\\\/#website\",\"url\":\"https:\\\/\\\/ejornais.com.br\\\/\",\"name\":\"eJornais\",\"description\":\"Cat\\u00e1logo de Jornais no mundo, Not\\u00edcias, Blog e Esportes ao vivo\",\"inLanguage\":\"pt-BR\",\"publisher\":{\"@id\":\"https:\\\/\\\/ejornais.com.br\\\/#organization\"}}]}\n\t\t<\/script>\n\t\t<!-- All in One SEO -->\n\n","aioseo_head_json":{"title":"Secretaria de Cultura reinaugura Biblioteca Manuel Ign\u00e1cio modernizada e climatizada \u2013 Prefeitura da Cidade do Rio de Janeiro - eJornais","description":"A Biblioteca Manuel Ign\u00e1cio da Silva Alvarenga fica em Campo Grande - Prefeitura do Rio Ap\u00f3s dez meses fechada para obras e interven\u00e7\u00f5es, a Biblioteca Manuel Ign\u00e1cio da Silva Alvarenga, em Campo Grande, foi reinaugurada de cara nova. A repaginada foi entregue na manh\u00e3 desta quarta-feira dos namorados (12\/6). Mais uma unidade do programa Bibliotecas","canonical_url":"https:\/\/ejornais.com.br\/index.php\/2024\/06\/12\/secretaria-de-cultura-reinaugura-biblioteca-manuel-ignacio-modernizada-e-climatizada-prefeitura-da-cidade-do-rio-de-janeiro\/","robots":"max-image-preview:large","keywords":"","webmasterTools":{"miscellaneous":""},"schema":{"@context":"https:\/\/schema.org","@graph":[{"@type":"BlogPosting","@id":"https:\/\/ejornais.com.br\/index.php\/2024\/06\/12\/secretaria-de-cultura-reinaugura-biblioteca-manuel-ignacio-modernizada-e-climatizada-prefeitura-da-cidade-do-rio-de-janeiro\/#blogposting","name":"Secretaria de Cultura reinaugura Biblioteca Manuel Ign\u00e1cio modernizada e climatizada \u2013 Prefeitura da Cidade do Rio de Janeiro - eJornais","headline":"Secretaria de Cultura reinaugura Biblioteca Manuel Ign\u00e1cio modernizada e climatizada &#8211; Prefeitura da Cidade do Rio de Janeiro","author":{"@id":"https:\/\/ejornais.com.br\/index.php\/author\/#author"},"publisher":{"@id":"https:\/\/ejornais.com.br\/#organization"},"datePublished":"2024-06-12T15:01:57-03:00","dateModified":"2024-06-12T15:01:57-03:00","inLanguage":"pt-BR","mainEntityOfPage":{"@id":"https:\/\/ejornais.com.br\/index.php\/2024\/06\/12\/secretaria-de-cultura-reinaugura-biblioteca-manuel-ignacio-modernizada-e-climatizada-prefeitura-da-cidade-do-rio-de-janeiro\/#webpage"},"isPartOf":{"@id":"https:\/\/ejornais.com.br\/index.php\/2024\/06\/12\/secretaria-de-cultura-reinaugura-biblioteca-manuel-ignacio-modernizada-e-climatizada-prefeitura-da-cidade-do-rio-de-janeiro\/#webpage"},"articleSection":"Cat\u00e1logo de Jornais"},{"@type":"BreadcrumbList","@id":"https:\/\/ejornais.com.br\/index.php\/2024\/06\/12\/secretaria-de-cultura-reinaugura-biblioteca-manuel-ignacio-modernizada-e-climatizada-prefeitura-da-cidade-do-rio-de-janeiro\/#breadcrumblist","itemListElement":[{"@type":"ListItem","@id":"https:\/\/ejornais.com.br#listItem","position":1,"name":"In\u00edcio","item":"https:\/\/ejornais.com.br","nextItem":{"@type":"ListItem","@id":"https:\/\/ejornais.com.br\/index.php\/category\/ejornais\/#listItem","name":"Cat\u00e1logo de Jornais"}},{"@type":"ListItem","@id":"https:\/\/ejornais.com.br\/index.php\/category\/ejornais\/#listItem","position":2,"name":"Cat\u00e1logo de Jornais","item":"https:\/\/ejornais.com.br\/index.php\/category\/ejornais\/","nextItem":{"@type":"ListItem","@id":"https:\/\/ejornais.com.br\/index.php\/2024\/06\/12\/secretaria-de-cultura-reinaugura-biblioteca-manuel-ignacio-modernizada-e-climatizada-prefeitura-da-cidade-do-rio-de-janeiro\/#listItem","name":"Secretaria de Cultura reinaugura Biblioteca Manuel Ign\u00e1cio modernizada e climatizada &#8211; Prefeitura da Cidade do Rio de Janeiro"},"previousItem":{"@type":"ListItem","@id":"https:\/\/ejornais.com.br#listItem","name":"In\u00edcio"}},{"@type":"ListItem","@id":"https:\/\/ejornais.com.br\/index.php\/2024\/06\/12\/secretaria-de-cultura-reinaugura-biblioteca-manuel-ignacio-modernizada-e-climatizada-prefeitura-da-cidade-do-rio-de-janeiro\/#listItem","position":3,"name":"Secretaria de Cultura reinaugura Biblioteca Manuel Ign\u00e1cio modernizada e climatizada &#8211; Prefeitura da Cidade do Rio de Janeiro","previousItem":{"@type":"ListItem","@id":"https:\/\/ejornais.com.br\/index.php\/category\/ejornais\/#listItem","name":"Cat\u00e1logo de Jornais"}}]},{"@type":"Organization","@id":"https:\/\/ejornais.com.br\/#organization","name":"eJornais","description":"Cat\u00e1logo de Jornais no mundo, Not\u00edcias, Blog e Esportes ao vivo","url":"https:\/\/ejornais.com.br\/"},{"@type":"Person","@id":"https:\/\/ejornais.com.br\/index.php\/author\/#author","url":"https:\/\/ejornais.com.br\/index.php\/author\/"},{"@type":"WebPage","@id":"https:\/\/ejornais.com.br\/index.php\/2024\/06\/12\/secretaria-de-cultura-reinaugura-biblioteca-manuel-ignacio-modernizada-e-climatizada-prefeitura-da-cidade-do-rio-de-janeiro\/#webpage","url":"https:\/\/ejornais.com.br\/index.php\/2024\/06\/12\/secretaria-de-cultura-reinaugura-biblioteca-manuel-ignacio-modernizada-e-climatizada-prefeitura-da-cidade-do-rio-de-janeiro\/","name":"Secretaria de Cultura reinaugura Biblioteca Manuel Ign\u00e1cio modernizada e climatizada \u2013 Prefeitura da Cidade do Rio de Janeiro - eJornais","description":"A Biblioteca Manuel Ign\u00e1cio da Silva Alvarenga fica em Campo Grande - Prefeitura do Rio Ap\u00f3s dez meses fechada para obras e interven\u00e7\u00f5es, a Biblioteca Manuel Ign\u00e1cio da Silva Alvarenga, em Campo Grande, foi reinaugurada de cara nova. A repaginada foi entregue na manh\u00e3 desta quarta-feira dos namorados (12\/6). Mais uma unidade do programa Bibliotecas","inLanguage":"pt-BR","isPartOf":{"@id":"https:\/\/ejornais.com.br\/#website"},"breadcrumb":{"@id":"https:\/\/ejornais.com.br\/index.php\/2024\/06\/12\/secretaria-de-cultura-reinaugura-biblioteca-manuel-ignacio-modernizada-e-climatizada-prefeitura-da-cidade-do-rio-de-janeiro\/#breadcrumblist"},"author":{"@id":"https:\/\/ejornais.com.br\/index.php\/author\/#author"},"creator":{"@id":"https:\/\/ejornais.com.br\/index.php\/author\/#author"},"datePublished":"2024-06-12T15:01:57-03:00","dateModified":"2024-06-12T15:01:57-03:00"},{"@type":"WebSite","@id":"https:\/\/ejornais.com.br\/#website","url":"https:\/\/ejornais.com.br\/","name":"eJornais","description":"Cat\u00e1logo de Jornais no mundo, Not\u00edcias, Blog e Esportes ao vivo","inLanguage":"pt-BR","publisher":{"@id":"https:\/\/ejornais.com.br\/#organization"}}]},"og:locale":"pt_BR","og:site_name":"eJornais - Cat\u00e1logo de Jornais no mundo, Not\u00edcias, Blog e Esportes ao vivo","og:type":"article","og:title":"Secretaria de Cultura reinaugura Biblioteca Manuel Ign\u00e1cio modernizada e climatizada \u2013 Prefeitura da Cidade do Rio de Janeiro - eJornais","og:description":"A Biblioteca Manuel Ign\u00e1cio da Silva Alvarenga fica em Campo Grande - Prefeitura do Rio Ap\u00f3s dez meses fechada para obras e interven\u00e7\u00f5es, a Biblioteca Manuel Ign\u00e1cio da Silva Alvarenga, em Campo Grande, foi reinaugurada de cara nova. A repaginada foi entregue na manh\u00e3 desta quarta-feira dos namorados (12\/6). Mais uma unidade do programa Bibliotecas","og:url":"https:\/\/ejornais.com.br\/index.php\/2024\/06\/12\/secretaria-de-cultura-reinaugura-biblioteca-manuel-ignacio-modernizada-e-climatizada-prefeitura-da-cidade-do-rio-de-janeiro\/","article:published_time":"2024-06-12T18:01:57+00:00","article:modified_time":"2024-06-12T18:01:57+00:00","twitter:card":"summary_large_image","twitter:title":"Secretaria de Cultura reinaugura Biblioteca Manuel Ign\u00e1cio modernizada e climatizada \u2013 Prefeitura da Cidade do Rio de Janeiro - eJornais","twitter:description":"A Biblioteca Manuel Ign\u00e1cio da Silva Alvarenga fica em Campo Grande - Prefeitura do Rio Ap\u00f3s dez meses fechada para obras e interven\u00e7\u00f5es, a Biblioteca Manuel Ign\u00e1cio da Silva Alvarenga, em Campo Grande, foi reinaugurada de cara nova. A repaginada foi entregue na manh\u00e3 desta quarta-feira dos namorados (12\/6). Mais uma unidade do programa Bibliotecas"},"aioseo_meta_data":{"post_id":"27040","title":null,"description":null,"keywords":null,"keyphrases":null,"primary_term":null,"canonical_url":null,"og_title":null,"og_description":null,"og_object_type":"default","og_image_type":"default","og_image_url":null,"og_image_width":null,"og_image_height":null,"og_image_custom_url":null,"og_image_custom_fields":null,"og_video":null,"og_custom_url":null,"og_article_section":null,"og_article_tags":null,"twitter_use_og":false,"twitter_card":"default","twitter_image_type":"default","twitter_image_url":null,"twitter_image_custom_url":null,"twitter_image_custom_fields":null,"twitter_title":null,"twitter_description":null,"schema":{"blockGraphs":[],"customGraphs":[],"default":{"data":{"Article":[],"Course":[],"Dataset":[],"FAQPage":[],"Movie":[],"Person":[],"Product":[],"ProductReview":[],"Car":[],"Recipe":[],"Service":[],"SoftwareApplication":[],"WebPage":[]},"graphName":"","isEnabled":true},"graphs":[]},"schema_type":"default","schema_type_options":null,"pillar_content":false,"robots_default":true,"robots_noindex":false,"robots_noarchive":false,"robots_nosnippet":false,"robots_nofollow":false,"robots_noimageindex":false,"robots_noodp":false,"robots_notranslate":false,"robots_max_snippet":null,"robots_max_videopreview":null,"robots_max_imagepreview":"large","priority":null,"frequency":null,"local_seo":null,"breadcrumb_settings":null,"limit_modified_date":false,"ai":null,"created":"2024-06-12 18:05:51","updated":"2025-06-05 15:22:02","seo_analyzer_scan_date":null,"focus_keyword":null,"additional_keywords":null,"truseo_locale":null},"aioseo_breadcrumb":"<div class=\"aioseo-breadcrumbs\"><span class=\"aioseo-breadcrumb\">\n\t\t\t<a href=\"https:\/\/ejornais.com.br\" title=\"In\u00edcio\">In\u00edcio<\/a>\n\t\t<\/span><span class=\"aioseo-breadcrumb-separator\">&raquo;<\/span><span class=\"aioseo-breadcrumb\">\n\t\t\t<a href=\"https:\/\/ejornais.com.br\/index.php\/category\/ejornais\/\" title=\"Cat\u00e1logo de Jornais\">Cat\u00e1logo de Jornais<\/a>\n\t\t<\/span><span class=\"aioseo-breadcrumb-separator\">&raquo;<\/span><span class=\"aioseo-breadcrumb\">\n\t\t\tSecretaria de Cultura reinaugura Biblioteca Manuel Ign\u00e1cio modernizada e climatizada \u2013 Prefeitura da Cidade do Rio de Janeiro\n\t\t<\/span><\/div>","aioseo_breadcrumb_json":[{"label":"In\u00edcio","link":"https:\/\/ejornais.com.br"},{"label":"Cat\u00e1logo de Jornais","link":"https:\/\/ejornais.com.br\/index.php\/category\/ejornais\/"},{"label":"Secretaria de Cultura reinaugura Biblioteca Manuel Ign\u00e1cio modernizada e climatizada &#8211; Prefeitura da Cidade do Rio de Janeiro","link":"https:\/\/ejornais.com.br\/index.php\/2024\/06\/12\/secretaria-de-cultura-reinaugura-biblioteca-manuel-ignacio-modernizada-e-climatizada-prefeitura-da-cidade-do-rio-de-janeiro\/"}],"amp_enabled":true,"_links":{"self":[{"href":"https:\/\/ejornais.com.br\/index.php\/wp-json\/wp\/v2\/posts\/27040","targetHints":{"allow":["GET"]}}],"collection":[{"href":"https:\/\/ejornais.com.br\/index.php\/wp-json\/wp\/v2\/posts"}],"about":[{"href":"https:\/\/ejornais.com.br\/index.php\/wp-json\/wp\/v2\/types\/post"}],"author":[{"embeddable":true,"href":"https:\/\/ejornais.com.br\/index.php\/wp-json\/wp\/v2\/users\/1"}],"replies":[{"embeddable":true,"href":"https:\/\/ejornais.com.br\/index.php\/wp-json\/wp\/v2\/comments?post=27040"}],"version-history":[{"count":0,"href":"https:\/\/ejornais.com.br\/index.php\/wp-json\/wp\/v2\/posts\/27040\/revisions"}],"wp:attachment":[{"href":"https:\/\/ejornais.com.br\/index.php\/wp-json\/wp\/v2\/media?parent=27040"}],"wp:term":[{"taxonomy":"category","embeddable":true,"href":"https:\/\/ejornais.com.br\/index.php\/wp-json\/wp\/v2\/categories?post=27040"},{"taxonomy":"post_tag","embeddable":true,"href":"https:\/\/ejornais.com.br\/index.php\/wp-json\/wp\/v2\/tags?post=27040"}],"curies":[{"name":"wp","href":"https:\/\/api.w.org\/{rel}","templated":true}]}}