{"id":27149,"date":"2024-06-13T22:06:21","date_gmt":"2024-06-14T01:06:21","guid":{"rendered":"https:\/\/ejornais.com.br\/index.php\/2024\/06\/13\/sorocaba-conquista-mais-um-reconhecimento-no-premio-parque-da-mobilidade-urbana-agencia-de-noticias\/"},"modified":"2024-06-13T22:06:21","modified_gmt":"2024-06-14T01:06:21","slug":"sorocaba-conquista-mais-um-reconhecimento-no-premio-parque-da-mobilidade-urbana-agencia-de-noticias","status":"publish","type":"post","link":"https:\/\/ejornais.com.br\/index.php\/2024\/06\/13\/sorocaba-conquista-mais-um-reconhecimento-no-premio-parque-da-mobilidade-urbana-agencia-de-noticias\/","title":{"rendered":"Sorocaba conquista mais um reconhecimento no Pr\u00eamio Parque da Mobilidade Urbana \u2013 Ag\u00eancia de Not\u00edcias"},"content":{"rendered":"<p><\/p>\n<div wp_automatic_readability=\"32\">\n<div class=\"col\" wp_automatic_readability=\"9\">\n<p class=\"mt-0\">\n                        <strong><br \/>\n                            <span class=\"far fa-calendar mr-1 mt-2\"\/><br \/>\n                            13 de junho de 2024<br \/>\n                            <span class=\"far fa-clock ml-3 mt-2\"\/><br \/>\n                            20:24<br \/>\n                        <\/strong>\n                    <\/p>\n<p class=\"mb-0\">Por: <strong>Eduardo Santinon (esantinon@sorocaba.sp.gov.br)<\/strong><\/p>\n<\/p><\/div>\n<\/p><\/div>\n<div wp_automatic_readability=\"101\">\n<p>Sorocaba, mais uma vez, foi contemplada no Pr\u00eamio Parque da Mobilidade Urbana. Desta vez, recebeu men\u00e7\u00e3o honrosa na categoria \u201cIniciativas p\u00fablicas em favor da mobilidade sustent\u00e1vel\u201d, com o projeto \u201cSorocaba, cidade amiga dos ciclistas\u201d.<\/p>\n<p>O Pr\u00eamio Parque da Mobilidade Urbana \u00e9 uma iniciativa da Plataforma Connected Smart Cities e do Portal Mobilidade Estad\u00e3o, com apoio da Urucuia \u2013 Intelig\u00eancia em Mobilidade Urbana. A proposta \u00e9 premiar profissionais e iniciativas, p\u00fablicas e privadas, que promovem a mobilidade urbana sustent\u00e1vel, segura e inclusiva. Participaram da premia\u00e7\u00e3o 185 iniciativas de sucesso realizadas em todo o Pa\u00eds.<\/p>\n<p>O resultado foi anunciado na noite desta quinta-feira (13), durante o evento Parque da Mobilidade Urbana (PMU), em S\u00e3o Paulo. Participaram da cerim\u00f4nia de premia\u00e7\u00e3o, representantes da Urbes \u2013 Tr\u00e2nsito e Transportes e da Secretaria de Mobilidade (Semob).<\/p>\n<p>O PMU \u00e9 o maior evento do setor na Am\u00e9rica Latina. Al\u00e9m da premia\u00e7\u00e3o, ele abrange projetos de mobilidade executados em todo o Brasil, contando com a\u00e7\u00f5es interativas e conte\u00fado exclusivo, com o objetivo de proporcionar imers\u00e3o nesse segmento.<\/p>\n<p>As categorias em disputa no pr\u00eamio foram: Iniciativas em favor da mobilidade sustent\u00e1vel (Categoria P\u00fablica e Privada); Iniciativas que inovam e transformam (Categoria P\u00fablica e Privada); Iniciativas em favor da seguran\u00e7a vi\u00e1ria; Iniciativas em favor da mobilidade ativa; Carreira Inspiradora em Mobilidade Urbana; Mulheres que Inspiram na Mobilidade Urbana.<br \/>Mais detalhes podem ser obtidos pelo portal: https:\/\/parquedamobilidadeurbana.com.br\/.<\/p>\n<p>No ano passado, Sorocaba recebeu men\u00e7\u00e3o honrosa pela implementa\u00e7\u00e3o do Sistema Bus Rapid Transit (BRT).<\/p>\n<p><strong>Sorocaba, cidade amiga dos ciclistas<\/strong><br \/>Atualmente, Sorocaba conta com uma ciclovia de 128 quil\u00f4metros de extens\u00e3o. \u00c9 poss\u00edvel se deslocar da zona sul a norte sem sair das pistas. Al\u00e9m da infraestrutura ciclovi\u00e1ria, a Prefeitura retomou depois de anos, o \u201cPedala Sorocaba\u201d, que atrai milhares de ciclistas para a pr\u00e1tica do ciclismo de lazer.<\/p>\n<p>Sorocaba disp\u00f5e ainda do Integrabike, sistema de bicicletas p\u00fablicas que conta com 15 esta\u00e7\u00f5es em diversos pontos da cidade. Ao todo, s\u00e3o 315 vagas de parada e um total de 210 bicicletas para empr\u00e9stimo, sendo 165 para adulto (aros 24 e 27) e 45 delas com tamanho reduzido (aro 20), para uso infantil. O diferencial para outras cidades, \u00e9 que o usu\u00e1rio pode utilizar as bicicletas gratuitamente. Em 2023 foram realizados 41.890 empr\u00e9stimos e o sistema possui mais de 25,7 mil usu\u00e1rios cadastrados.<\/p>\n<p>Sorocaba, por meio dos programas de incentivos a utiliza\u00e7\u00e3o da bicicleta, tornou-se refer\u00eancia no Brasil e mostrou \u00e0 popula\u00e7\u00e3o e para todo o pa\u00eds, que \u00e9 poss\u00edvel atrav\u00e9s de investimentos em programas cicl\u00edsticos e infraestrutura ciclovi\u00e1ria, melhorar a cidade e proporcionar aos cidad\u00e3os mais sa\u00fade e qualidade de vida.<\/p>\n<p><!-- Root element of PhotoSwipe. Must have class pswp. --><\/p><\/div>\n","protected":false},"excerpt":{"rendered":"<p>13 de junho de 2024 20:24 Por: Eduardo Santinon (esantinon@sorocaba.sp.gov.br) Sorocaba, mais uma vez, foi contemplada no Pr\u00eamio Parque da<\/p>\n","protected":false},"author":1,"featured_media":0,"comment_status":"","ping_status":"","sticky":false,"template":"","format":"standard","meta":{"colormag_page_container_layout":"default_layout","colormag_page_sidebar_layout":"default_layout","footnotes":""},"categories":[1],"tags":[],"class_list":["post-27149","post","type-post","status-publish","format-standard","hentry","category-ejornais"],"aioseo_notices":[],"amp_enabled":true,"_links":{"self":[{"href":"https:\/\/ejornais.com.br\/index.php\/wp-json\/wp\/v2\/posts\/27149","targetHints":{"allow":["GET"]}}],"collection":[{"href":"https:\/\/ejornais.com.br\/index.php\/wp-json\/wp\/v2\/posts"}],"about":[{"href":"https:\/\/ejornais.com.br\/index.php\/wp-json\/wp\/v2\/types\/post"}],"author":[{"embeddable":true,"href":"https:\/\/ejornais.com.br\/index.php\/wp-json\/wp\/v2\/users\/1"}],"replies":[{"embeddable":true,"href":"https:\/\/ejornais.com.br\/index.php\/wp-json\/wp\/v2\/comments?post=27149"}],"version-history":[{"count":0,"href":"https:\/\/ejornais.com.br\/index.php\/wp-json\/wp\/v2\/posts\/27149\/revisions"}],"wp:attachment":[{"href":"https:\/\/ejornais.com.br\/index.php\/wp-json\/wp\/v2\/media?parent=27149"}],"wp:term":[{"taxonomy":"category","embeddable":true,"href":"https:\/\/ejornais.com.br\/index.php\/wp-json\/wp\/v2\/categories?post=27149"},{"taxonomy":"post_tag","embeddable":true,"href":"https:\/\/ejornais.com.br\/index.php\/wp-json\/wp\/v2\/tags?post=27149"}],"curies":[{"name":"wp","href":"https:\/\/api.w.org\/{rel}","templated":true}]}}