{"id":27162,"date":"2024-06-14T03:02:14","date_gmt":"2024-06-14T06:02:14","guid":{"rendered":"https:\/\/ejornais.com.br\/index.php\/2024\/06\/14\/municipio-abre-inscricoes-para-conferencia-municipal-das-cidades-prefeitura-da-cidade-do-rio-de-janeiro\/"},"modified":"2024-06-14T03:02:14","modified_gmt":"2024-06-14T06:02:14","slug":"municipio-abre-inscricoes-para-conferencia-municipal-das-cidades-prefeitura-da-cidade-do-rio-de-janeiro","status":"publish","type":"post","link":"https:\/\/ejornais.com.br\/index.php\/2024\/06\/14\/municipio-abre-inscricoes-para-conferencia-municipal-das-cidades-prefeitura-da-cidade-do-rio-de-janeiro\/","title":{"rendered":"Munic\u00edpio abre inscri\u00e7\u00f5es para Confer\u00eancia Municipal das Cidades &#8211; Prefeitura da Cidade do Rio de Janeiro"},"content":{"rendered":"<p><\/p>\n<div id=\"main\">\n<div class=\"wrapper-breadcrumbs\" wp_automatic_readability=\"50.013373149831\">\n<div class=\"image-post\" wp_automatic_readability=\"33\">\n                     A Confer\u00eancia Municipal das Cidades ser\u00e1 realizada nos dias 29 e 30 de junho na cidade do Rio &#8211; Divulga\u00e7\u00e3o                  <\/div>\n<p>Est\u00e3o abertas as inscri\u00e7\u00f5es para a Confer\u00eancia Municipal das Cidades \u2013 Rio 2024, que ser\u00e1 realizada nos dias 29 e 30 de junho (s\u00e1bado e domingo), das 9h \u00e0s 18h, no Porto Maravalley, na regi\u00e3o do Porto Maravilha. O encontro \u00e9 uma das etapas preparat\u00f3rias para a 6\u00aa Confer\u00eancia Nacional das Cidades. Representantes de entidades, do governo municipal e observadores levar\u00e3o suas propostas para ajudar a construir a Pol\u00edtica Nacional de Desenvolvimento Urbano (PNUD), visando um crescimento urbano equilibrado, sustent\u00e1vel e justo. O objetivo da etapa municipal \u00e9 mobilizar a sociedade a participar, para contribuir com as pol\u00edticas p\u00fablicas e tamb\u00e9m para eleger os representantes do Munic\u00edpio do Rio para a fase estadual.<\/p>\n<blockquote wp_automatic_readability=\"10\">\n<p>\u2013 \u00c9 um passo fundamental para discutirmos e buscarmos estabelecer agendas, metas e planos para enfrentarmos os problemas existentes na cidade do Rio de Janeiro. Como tamb\u00e9m levarmos propostas importantes da cidade e dos cariocas para serem debatidos nos \u00e2mbitos estadual e nacional \u2013 explicou o secret\u00e1rio municipal de Desenvolvimento Urbano e Econ\u00f4mico, Chic\u00e3o Bulh\u00f5es.<\/p>\n<\/blockquote>\n<p><strong>Participa\u00e7\u00e3o de entidades civis e de classe <\/strong><\/p>\n<p>O evento \u00e9 voltado para membros da sociedade civil vinculados a alguma associa\u00e7\u00e3o ou institui\u00e7\u00e3o civil e de classe, que podem votar e se candidatar como delegados, ou seja, podem ser eleitos para a etapa estadual. Al\u00e9m disso, tamb\u00e9m participam profissionais que atuam na gest\u00e3o p\u00fablica municipal e observadores \u2013 cidad\u00e3os residentes na cidade do Rio de Janeiro que tenham interesse no tema.<\/p>\n<p>Nos dois dias de debate e elei\u00e7\u00f5es dos delegados est\u00e3o previstas discuss\u00f5es em oito grandes temas: Controle social e gest\u00e3o democr\u00e1tica; Habita\u00e7\u00e3o e regulariza\u00e7\u00e3o fundi\u00e1ria; Mobilidade urbana, saneamento b\u00e1sico; Sustentabilidade ambiental e emerg\u00eancias clim\u00e1ticas; Seguran\u00e7a p\u00fablica e enfrentamento armado nos territ\u00f3rios; Transforma\u00e7\u00e3o digital e territ\u00f3rios; e Gest\u00e3o interfederativa e das regi\u00f5es metropolitanas.<\/p>\n<blockquote wp_automatic_readability=\"10\">\n<p>\u2013 Queremos mobilizar mais entidades de classe e civis a participarem, pois sua contribui\u00e7\u00e3o \u00e9 fundamental na constru\u00e7\u00e3o de uma pol\u00edtica mais aderente aos anseios da sociedade \u2013 destacou o subsecret\u00e1rio municipal de Planejamento Urbano da Secretaria de Desenvolvimento Urbano e Econ\u00f4mico, Wanderson Correa.<\/p>\n<\/blockquote>\n<p>Levantamento pr\u00e9vio mostra que cerca de 150 observadores, 20 profissionais do poder p\u00fablico e 15 membros de entidades civis e de classe j\u00e1 se inscreveram. Quem tiver interesse, pode fazer sua inscri\u00e7\u00e3o gratuita at\u00e9 o dia 17 de junho, \u00e0s 23h59. O Porto Maravalley \u00e9 de f\u00e1cil acesso: fica pr\u00f3ximo ao Terminal Gentileza e da Esta\u00e7\u00e3o Pereira Reis (VLT).<\/p>\n<p><strong>Servi\u00e7o<\/strong><\/p>\n<p><strong>Confer\u00eancia Municipal das Cidades \u2013 Rio 2024<br \/><\/strong><strong>Data:<\/strong> 29 e 30 de junho de 2024 (s\u00e1bado e domingo)<br \/><strong>Local:<\/strong> Porto Maravalley \u2013 Av. Prof. Pereira Reis, 76, Santo Cristo, Rio de Janeiro \u2013 RJ<br \/><strong>Link para inscri\u00e7\u00f5es:<\/strong> https:\/\/planejamentourbano.prefeitura.rio\/<br \/><strong>T\u00e9rmino das inscri\u00e7\u00f5es:<\/strong> 17 de junho de 2024 (23h59)<\/p>\n<p>             <!-- Compartilhe ---><\/p>\n<p>\t\t\t <!-- TAGS --><\/p>\n<section class=\"category-tags\">\n<article class=\"tags\">\n\t\t\t\t\tMarca\u00e7\u00f5es: Confer\u00eancia Municipal das Cidades Inscri\u00e7\u00f5es abertas Porto Maravalley Prefeitura do Rio<br \/><\/article>\n<\/section>\n<p>            <!-- Mais Not&iacute;cias --><\/p>\n<p>\t\t<!-- Conte&uacute;do SIDEBAR --><\/p><\/div>\n<\/p><\/div>\n","protected":false},"excerpt":{"rendered":"<p>A Confer\u00eancia Municipal das Cidades ser\u00e1 realizada nos dias 29 e 30 de junho na cidade do Rio &#8211; Divulga\u00e7\u00e3o<\/p>\n","protected":false},"author":1,"featured_media":0,"comment_status":"","ping_status":"","sticky":false,"template":"","format":"standard","meta":{"colormag_page_container_layout":"default_layout","colormag_page_sidebar_layout":"default_layout","footnotes":""},"categories":[1],"tags":[],"class_list":["post-27162","post","type-post","status-publish","format-standard","hentry","category-ejornais"],"aioseo_notices":[],"amp_enabled":true,"_links":{"self":[{"href":"https:\/\/ejornais.com.br\/index.php\/wp-json\/wp\/v2\/posts\/27162","targetHints":{"allow":["GET"]}}],"collection":[{"href":"https:\/\/ejornais.com.br\/index.php\/wp-json\/wp\/v2\/posts"}],"about":[{"href":"https:\/\/ejornais.com.br\/index.php\/wp-json\/wp\/v2\/types\/post"}],"author":[{"embeddable":true,"href":"https:\/\/ejornais.com.br\/index.php\/wp-json\/wp\/v2\/users\/1"}],"replies":[{"embeddable":true,"href":"https:\/\/ejornais.com.br\/index.php\/wp-json\/wp\/v2\/comments?post=27162"}],"version-history":[{"count":0,"href":"https:\/\/ejornais.com.br\/index.php\/wp-json\/wp\/v2\/posts\/27162\/revisions"}],"wp:attachment":[{"href":"https:\/\/ejornais.com.br\/index.php\/wp-json\/wp\/v2\/media?parent=27162"}],"wp:term":[{"taxonomy":"category","embeddable":true,"href":"https:\/\/ejornais.com.br\/index.php\/wp-json\/wp\/v2\/categories?post=27162"},{"taxonomy":"post_tag","embeddable":true,"href":"https:\/\/ejornais.com.br\/index.php\/wp-json\/wp\/v2\/tags?post=27162"}],"curies":[{"name":"wp","href":"https:\/\/api.w.org\/{rel}","templated":true}]}}