{"id":27399,"date":"2024-06-17T00:32:27","date_gmt":"2024-06-17T03:32:27","guid":{"rendered":"https:\/\/ejornais.com.br\/index.php\/2024\/06\/17\/roubos-caem-60-na-1a-semana-de-junho-nas-cenas-abertas-de-uso-em-sp-ultimas-noticias\/"},"modified":"2024-06-17T00:32:27","modified_gmt":"2024-06-17T03:32:27","slug":"roubos-caem-60-na-1a-semana-de-junho-nas-cenas-abertas-de-uso-em-sp-ultimas-noticias","status":"publish","type":"post","link":"https:\/\/ejornais.com.br\/index.php\/2024\/06\/17\/roubos-caem-60-na-1a-semana-de-junho-nas-cenas-abertas-de-uso-em-sp-ultimas-noticias\/","title":{"rendered":"Roubos caem 60% na 1\u00aa semana de junho nas cenas abertas de uso, em SP \u00daltimas Not\u00edcias |"},"content":{"rendered":"<p><img decoding=\"async\" src=\"https:\/\/www.saopaulo.sp.gov.br\/wp-content\/uploads\/2024\/06\/00055091.jpeg\" \/><\/p>\n<div id=\"\">&#13;<br \/>\n                                <!-- Title -->&#13;<br \/>\n                                &#13;<br \/>\n&#13;<br \/>\n                                <!-- Excerpt -->&#13;<\/p>\n<p class=\"excerpt\">Em n\u00fameros absolutos, as ocorr\u00eancias ca\u00edram de 126 para 50 casos entre os dias 3 e 9 deste m\u00eas na regi\u00e3o central da capital<\/p>\n<p>&#13;<br \/>\n&#13;<br \/>\n                                &#13;\n                            <\/p><\/div>\n<div id=\"\">&#13;<\/p>\n<figure id=\"attachment_5901718\" style=\"width: 100%;max-width: 1600px\" class=\"wp-caption alignnone\"><figcaption class=\"wp-caption-text\">Pol\u00edcia Militar nas cenas abertas de uso<\/figcaption><\/figure>\n<p>As cenas abertas de uso, na regi\u00e3o central de S\u00e3o Paulo, registraram queda de 60% no n\u00famero de roubos entre 3 e 9 de junho na compara\u00e7\u00e3o com o mesmo per\u00edodo de 2023. Em n\u00fameros absolutos, as ocorr\u00eancias ca\u00edram de 126 para 50 casos.<\/p>\n<p>Na primeira semana do m\u00eas, os furtos tamb\u00e9m ca\u00edram, saindo de 258 casos no ano passado para 146 em 2024 \u2014, representando queda de 43%.<\/p>\n<p><strong>LEIA TAMB\u00c9M<\/strong>:\u00a0Entenda como hot\u00e9is no centro de SP eram usados para lavar dinheiro do crime organizado<\/p>\n<p>A Secretaria da Seguran\u00e7a P\u00fablica (SSP) passou a fazer um monitoramento detalhado dos \u00edndices criminais nos bairros dos Campos El\u00edseos e Santa Cec\u00edlia, na regi\u00e3o do fluxo. O acompanhamento, aliado \u00e0s estrat\u00e9gias e planejamento operacional das Pol\u00edcias Civil e Militar, auxiliou na redu\u00e7\u00e3o dos \u00edndices criminais, aumentando a sensa\u00e7\u00e3o de seguran\u00e7a da popula\u00e7\u00e3o.<\/p>\n<p>Dentre as medidas implementadas para devolver o centro \u00e0 popula\u00e7\u00e3o est\u00e3o o investimento em tecnologia e sistema de intelig\u00eancia, al\u00e9m do refor\u00e7o de efetivo neste ano com mais 400 policiais militares na regi\u00e3o central. H\u00e1, ainda, 1,3 mil vagas disponibilizadas para PMs pela Atividade Delegada.<\/p>\n<h2>Mais de 2 mil infratores foram presos nos primeiros 4 meses<\/h2>\n<p>As Pol\u00edcias Civil e Militar prenderam 2,2 mil infratores nos primeiros quatro meses do ano no centro e, dentre eles, 1,8 mil foram em flagrante. No mesmo per\u00edodo de 2023, o n\u00famero de presos chegou a 1,6 mil, ou seja, houve um aumento de 22% em abril deste ano.<\/p>\n<p>Ainda no per\u00edodo, mais de mil quilos de drogas foram apreendidos, sendo a maioria coca\u00edna e maconha. As autoridades tamb\u00e9m conseguiram recuperar 181 ve\u00edculos e apreender 84 armas de fogo ilegais.<\/p>\n<\/p><\/div>\n","protected":false},"excerpt":{"rendered":"<p>&#13; &#13; &#13; &#13; &#13; Em n\u00fameros absolutos, as ocorr\u00eancias ca\u00edram de 126 para 50 casos entre os dias 3<\/p>\n","protected":false},"author":1,"featured_media":0,"comment_status":"","ping_status":"","sticky":false,"template":"","format":"standard","meta":{"colormag_page_container_layout":"default_layout","colormag_page_sidebar_layout":"default_layout","footnotes":""},"categories":[1],"tags":[],"class_list":["post-27399","post","type-post","status-publish","format-standard","hentry","category-ejornais"],"aioseo_notices":[],"amp_enabled":true,"_links":{"self":[{"href":"https:\/\/ejornais.com.br\/index.php\/wp-json\/wp\/v2\/posts\/27399","targetHints":{"allow":["GET"]}}],"collection":[{"href":"https:\/\/ejornais.com.br\/index.php\/wp-json\/wp\/v2\/posts"}],"about":[{"href":"https:\/\/ejornais.com.br\/index.php\/wp-json\/wp\/v2\/types\/post"}],"author":[{"embeddable":true,"href":"https:\/\/ejornais.com.br\/index.php\/wp-json\/wp\/v2\/users\/1"}],"replies":[{"embeddable":true,"href":"https:\/\/ejornais.com.br\/index.php\/wp-json\/wp\/v2\/comments?post=27399"}],"version-history":[{"count":0,"href":"https:\/\/ejornais.com.br\/index.php\/wp-json\/wp\/v2\/posts\/27399\/revisions"}],"wp:attachment":[{"href":"https:\/\/ejornais.com.br\/index.php\/wp-json\/wp\/v2\/media?parent=27399"}],"wp:term":[{"taxonomy":"category","embeddable":true,"href":"https:\/\/ejornais.com.br\/index.php\/wp-json\/wp\/v2\/categories?post=27399"},{"taxonomy":"post_tag","embeddable":true,"href":"https:\/\/ejornais.com.br\/index.php\/wp-json\/wp\/v2\/tags?post=27399"}],"curies":[{"name":"wp","href":"https:\/\/api.w.org\/{rel}","templated":true}]}}