{"id":27579,"date":"2024-06-19T04:22:24","date_gmt":"2024-06-19T07:22:24","guid":{"rendered":"https:\/\/ejornais.com.br\/index.php\/2024\/06\/19\/moradores-do-bairro-mangabeira-viii-recebem-caravana-do-cuidar-nesta-quarta-feira\/"},"modified":"2024-06-19T04:22:24","modified_gmt":"2024-06-19T07:22:24","slug":"moradores-do-bairro-mangabeira-viii-recebem-caravana-do-cuidar-nesta-quarta-feira","status":"publish","type":"post","link":"https:\/\/ejornais.com.br\/index.php\/2024\/06\/19\/moradores-do-bairro-mangabeira-viii-recebem-caravana-do-cuidar-nesta-quarta-feira\/","title":{"rendered":"Moradores do bairro Mangabeira VIII recebem Caravana do Cuidar nesta quarta-feira"},"content":{"rendered":"<p><\/p>\n<div>\n<h5 class=\"text-primary\">Servi\u00e7o itinerante<\/h5>\n<p>                        <!-- Mostra o t&iacute;tulo como um link para o link permanente do post --><\/p>\n<h2 class=\"mb-3\">Moradores do bairro Mangabeira VIII recebem Caravana do Cuidar nesta quarta-feira<\/h2>\n<p class=\"text-secondary font-italic mb-3 p-0\">&#13;<br \/>\n                            <i class=\"fa fa-calendar\"\/> 18\/06\/2024 | &#13;<br \/>\n                            <i class=\"fa fa-clock-o\"\/> 15:00 |&#13;<br \/>\n                            <i class=\"fa fa-eye\"\/> 24                        <\/p>\n<p>                        <!-- Mostra o conte&uacute;do do post em uma DIV --><\/p>\n<div class=\"\">\n<p>Os moradores do bairro de Mangabeira VIII v\u00e3o receber, nesta quarta-feira (19), a Caravana do Cuidar. O servi\u00e7o itinerante \u00e9 promovido pela Prefeitura Municipal de Jo\u00e3o Pessoa, por meio da Secretaria de Direitos Humanos e Cidadania (Sedhuc), com o objetivo de tornar os servi\u00e7os de sa\u00fade, assist\u00eancia social, empregabilidade e direito do consumidor ainda mais acess\u00edveis para a popula\u00e7\u00e3o. A estrutura ser\u00e1 montada na Rua Sucupira, ao lado da Escola Afonso Pereira, e os atendimentos estar\u00e3o dispon\u00edveis das 8h \u00e0s 12h.<\/p>\n<figure class=\"wp-block-gallery has-nested-images columns-default is-cropped wp-block-gallery-1 is-layout-flex wp-block-gallery-is-layout-flex\">\n<figure class=\"wp-block-image size-large\"><\/figure>\n<figure class=\"wp-block-image size-large\"><\/figure>\n<figure class=\"wp-block-image size-large\"><\/figure>\n<\/figure>\n<p>Dos servi\u00e7os de assist\u00eancia social, estar\u00e1 presente o Cad\u00danico, porta de entrada para diversos programas sociais do Governo Federal; o Programa Crian\u00e7a Feliz, que acompanha gestantes e crian\u00e7as de at\u00e9 seis anos para um desenvolvimento integral; al\u00e9m da equipe do Centro de Refer\u00eancia da Assist\u00eancia Social (CRAS) do bairro.<\/p>\n<p>Em parceria com a Secretaria Municipal de Sa\u00fade (SMS), ser\u00e3o ofertados os servi\u00e7os de vacina\u00e7\u00e3o contra Covid-19 e Influenza; aferi\u00e7\u00e3o de press\u00e3o arterial; teste r\u00e1pido de glicemia; consultas m\u00e9dicas, com encaminhamento para exames; atendimentos de auriculoterapia; al\u00e9m do atendimento odontol\u00f3gico promovido pela equipe do Odontom\u00f3vel.<\/p>\n<p>As oportunidades no mercado de trabalho ser\u00e3o ofertadas pelo Programa Acessuas Trabalho, que disponibiliza cursos profissionalizantes e oportunidades de emprego pelo programa Jovem Aprendiz, direcionado para jovens de 14 a 24 anos de idade. Al\u00e9m dos encaminhamentos para vagas de emprego oferecidas pelo Sine-JP, por meio do \u2018Eu Posso\u2019. E a parceria do Procon-JP, auxiliando os moradores em rela\u00e7\u00e3o \u00e0s demandas consumeristas.<\/p>\n<\/p><\/div>\n<\/p><\/div>\n","protected":false},"excerpt":{"rendered":"<p>Servi\u00e7o itinerante Moradores do bairro Mangabeira VIII recebem Caravana do Cuidar nesta quarta-feira &#13; 18\/06\/2024 | &#13; 15:00 |&#13; 24<\/p>\n","protected":false},"author":1,"featured_media":0,"comment_status":"","ping_status":"","sticky":false,"template":"","format":"standard","meta":{"colormag_page_container_layout":"default_layout","colormag_page_sidebar_layout":"default_layout","footnotes":""},"categories":[1],"tags":[],"class_list":["post-27579","post","type-post","status-publish","format-standard","hentry","category-ejornais"],"aioseo_notices":[],"amp_enabled":true,"_links":{"self":[{"href":"https:\/\/ejornais.com.br\/index.php\/wp-json\/wp\/v2\/posts\/27579","targetHints":{"allow":["GET"]}}],"collection":[{"href":"https:\/\/ejornais.com.br\/index.php\/wp-json\/wp\/v2\/posts"}],"about":[{"href":"https:\/\/ejornais.com.br\/index.php\/wp-json\/wp\/v2\/types\/post"}],"author":[{"embeddable":true,"href":"https:\/\/ejornais.com.br\/index.php\/wp-json\/wp\/v2\/users\/1"}],"replies":[{"embeddable":true,"href":"https:\/\/ejornais.com.br\/index.php\/wp-json\/wp\/v2\/comments?post=27579"}],"version-history":[{"count":0,"href":"https:\/\/ejornais.com.br\/index.php\/wp-json\/wp\/v2\/posts\/27579\/revisions"}],"wp:attachment":[{"href":"https:\/\/ejornais.com.br\/index.php\/wp-json\/wp\/v2\/media?parent=27579"}],"wp:term":[{"taxonomy":"category","embeddable":true,"href":"https:\/\/ejornais.com.br\/index.php\/wp-json\/wp\/v2\/categories?post=27579"},{"taxonomy":"post_tag","embeddable":true,"href":"https:\/\/ejornais.com.br\/index.php\/wp-json\/wp\/v2\/tags?post=27579"}],"curies":[{"name":"wp","href":"https:\/\/api.w.org\/{rel}","templated":true}]}}