{"id":27637,"date":"2024-06-19T19:05:41","date_gmt":"2024-06-19T22:05:41","guid":{"rendered":"https:\/\/ejornais.com.br\/index.php\/2024\/06\/19\/potencial-construtivo-de-sao-januario-e-aprovado-pela-camara-de-vereadores-do-rj\/"},"modified":"2024-06-19T19:05:41","modified_gmt":"2024-06-19T22:05:41","slug":"potencial-construtivo-de-sao-januario-e-aprovado-pela-camara-de-vereadores-do-rj","status":"publish","type":"post","link":"https:\/\/ejornais.com.br\/index.php\/2024\/06\/19\/potencial-construtivo-de-sao-januario-e-aprovado-pela-camara-de-vereadores-do-rj\/","title":{"rendered":"Potencial construtivo de S\u00e3o Janu\u00e1rio \u00e9 aprovado pela C\u00e2mara de Vereadores do RJ"},"content":{"rendered":"<p><\/p>\n<div>\n<p>A aprova\u00e7\u00e3o do potencial construtivo de S\u00e3o Janu\u00e1rio pela C\u00e2mara de Vereadores do Rio de Janeiro representa um marco significativo para o Vasco da Gama. Essa decis\u00e3o permite ao clube explorar comercialmente o potencial construtivo do est\u00e1dio, oferecendo-o a construtoras interessadas em desenvolver projetos imobili\u00e1rios no local. Foram 44 votos favor\u00e1veis e nenhum n\u00e3o.<\/p>\n<h3>O que significa potencial construtivo?<\/h3>\n<p>\u00a0<\/p>\n<p>O potencial construtivo se refere \u00e0 capacidade de construir al\u00e9m do limite estabelecido pelo zoneamento urbano atual. No caso de S\u00e3o Janu\u00e1rio, isso significa que o Vasco pode negociar com construtoras para que elas utilizem o espa\u00e7o do est\u00e1dio para desenvolver empreendimentos imobili\u00e1rios, como pr\u00e9dios residenciais, comerciais, entre outros, de acordo com as diretrizes estabelecidas.<\/p>\n<h3>Impactos e implica\u00e7\u00f5es da decis\u00e3o:<\/h3>\n<p>1. **Viabilidade Econ\u00f4mica:** A venda do potencial construtivo pode gerar receitas significativas para o Vasco da Gama, que pode utilizar esses recursos para investir no pr\u00f3prio est\u00e1dio, nas equipes esportivas ou em outras \u00e1reas do clube.<\/p>\n<p>2. **Desenvolvimento Urbano:** A iniciativa pode promover o desenvolvimento urbano na regi\u00e3o, trazendo novos investimentos e infraestrutura para a \u00e1rea pr\u00f3xima a S\u00e3o Janu\u00e1rio.<\/p>\n<p>3. **Preserva\u00e7\u00e3o e Uso do Espa\u00e7o:** \u00c9 importante garantir que qualquer desenvolvimento respeite a hist\u00f3ria e a import\u00e2ncia cultural do est\u00e1dio, al\u00e9m de considerar aspectos como preserva\u00e7\u00e3o ambiental e infraestrutura local.<\/p>\n<p>4. **Negocia\u00e7\u00f5es e Projetos Futuros:** O Vasco agora poder\u00e1 iniciar negocia\u00e7\u00f5es com construtoras interessadas, elaborar projetos espec\u00edficos e submet\u00ea-los \u00e0s autoridades competentes para aprova\u00e7\u00e3o.<\/p>\n<p>### Conclus\u00e3o:<\/p>\n<p>A aprova\u00e7\u00e3o do potencial construtivo de S\u00e3o Janu\u00e1rio abre novas oportunidades para o Vasco da Gama garantir recursos financeiros importantes e contribuir para o desenvolvimento urbano da regi\u00e3o. No entanto, \u00e9 crucial que o processo de desenvolvimento seja conduzido com transpar\u00eancia, considerando os interesses do clube, da comunidade local e do desenvolvimento sustent\u00e1vel.<\/p>\n<h3>Vasco entrega proposta a Philippe Coutinho e negocia a contrata\u00e7\u00e3o de Souza<\/h3>\n<p>Na reuni\u00e3o do \u00faltimo s\u00e1bado, o Vasco da Gama deu um passo significativo para refor\u00e7ar sua equipe, apresentando uma proposta oficial aos representantes de Philippe Coutinho. A negocia\u00e7\u00e3o contou com a presen\u00e7a do presidente do clube, Pedrinho, que confirmou que as conversas foram produtivas. O clube ofereceu um contrato de um ano, at\u00e9 meados de 2025, com um sal\u00e1rio ajustado \u00e0 realidade financeira do Vasco.<\/p>\n<p>O empres\u00e1rio de Coutinho, Kia Joorabchian, est\u00e1 analisando a oferta junto ao jogador e outros representantes, com a expectativa de dar uma resposta definitiva em breve. Caso Coutinho aceite a proposta, ele precisar\u00e1 formalizar a rescis\u00e3o de seu contrato com o Aston Villa, da Inglaterra, processo que j\u00e1 est\u00e1 em andamento.<\/p>\n<h4>Souza no Pacote<\/h4>\n<p>Uma exig\u00eancia de Coutinho para seu retorno ao Vasco foi a garantia de um time competitivo. Atendendo a essa condi\u00e7\u00e3o, o clube incluiu na negocia\u00e7\u00e3o o volante Souza, outro jogador revelado pelo Vasco. Souza, atualmente com 35 anos, est\u00e1 prestes a rescindir seu contrato com o Istanbul Basaksehir e expressou o desejo de retornar ao clube carioca.<\/p>\n<p>Os dois jogadores manifestaram interesse em atuar juntos, o que pode ser um fator decisivo para a concretiza\u00e7\u00e3o do acordo. A uni\u00e3o de Coutinho e Souza \u00e9 vista com bons olhos pela torcida, que espera que ambos possam contribuir significativamente para o desempenho da equipe.<\/p>\n<h4>Contexto e Expectativas<\/h4>\n<p>\u00a0<\/p>\n<p>A proposta ao Coutinho e a negocia\u00e7\u00e3o com Souza demonstram o esfor\u00e7o do Vasco em refor\u00e7ar o elenco e se preparar melhor para os desafios do Campeonato Brasileiro. A chegada de jogadores experientes e com hist\u00f3ria no clube pode ser crucial para melhorar o desempenho da equipe e conquistar melhores resultados na competi\u00e7\u00e3o.<\/p>\n<p>A torcida vasca\u00edna aguarda ansiosamente o desfecho dessas negocia\u00e7\u00f5es, na esperan\u00e7a de que Coutinho e Souza tragam qualidade e experi\u00eancia ao time. As pr\u00f3ximas semanas ser\u00e3o decisivas para o futuro do Vasco, tanto dentro quanto fora de campo.<\/p>\n<p>\u00a0<\/p>\n<p><a href=\"https:\/\/mrnews.com.br\/index.php\/category\/esportes\/times\/vasco\/\">Vasco<\/a>, <a href=\"https:\/\/mrnews.com.br\/index.php\/category\/esportes\/times\/cruzeiro\/\">Cruzeiro<\/a> e <a href=\"https:\/\/mrnews.com.br\/index.php\/category\/esportes\/times\/gremio\/\">Gr\u00eamio<\/a>, e <a href=\"https:\/\/mrnews.com.br\/index.php\/category\/esportes\/times\/bahia\/\">Bahia<\/a> \u00a0<a href=\"https:\/\/mrnews.com.br\/index.php\/category\/esportes\/times\/flamengo\/\">Flamengo<\/a>, <a href=\"https:\/\/mrnews.com.br\/index.php\/category\/esportes\/times\/atletico-mg\/\">Atl\u00e9tico-MG<\/a> e <a href=\"https:\/\/mrnews.com.br\/index.php\/category\/esportes\/times\/palmeiras\/\">Palmeiras<\/a> . <a href=\"https:\/\/mrnews.com.br\/index.php\/category\/esportes\/times\/athletico-pr\/\">Athl\u00e9tico-PR<\/a>, <a href=\"https:\/\/mrnews.com.br\/index.php\/category\/esportes\/times\/sao-paulo\/\">S\u00e3o Paulo<\/a>, <a href=\"https:\/\/mrnews.com.br\/index.php\/category\/esportes\/times\/corinthians\/\">Corinthians<\/a>,\u00a0 <a href=\"https:\/\/mrnews.com.br\/index.php\/category\/esportes\/times\/botafogo\/\">Botafogo<\/a> e \u00a0<a href=\"https:\/\/mrnews.com.br\/index.php\/category\/esportes\/times\/rb-bragantino\/\">RB Bragantino<\/a>,<\/p>\n<\/div>\n","protected":false},"excerpt":{"rendered":"<p>A aprova\u00e7\u00e3o do potencial construtivo de S\u00e3o Janu\u00e1rio pela C\u00e2mara de Vereadores do Rio de Janeiro representa um marco significativo<\/p>\n","protected":false},"author":2,"featured_media":0,"comment_status":"","ping_status":"","sticky":false,"template":"","format":"standard","meta":{"colormag_page_container_layout":"default_layout","colormag_page_sidebar_layout":"default_layout","footnotes":""},"categories":[1],"tags":[],"class_list":["post-27637","post","type-post","status-publish","format-standard","hentry","category-ejornais"],"aioseo_notices":[],"amp_enabled":true,"_links":{"self":[{"href":"https:\/\/ejornais.com.br\/index.php\/wp-json\/wp\/v2\/posts\/27637","targetHints":{"allow":["GET"]}}],"collection":[{"href":"https:\/\/ejornais.com.br\/index.php\/wp-json\/wp\/v2\/posts"}],"about":[{"href":"https:\/\/ejornais.com.br\/index.php\/wp-json\/wp\/v2\/types\/post"}],"author":[{"embeddable":true,"href":"https:\/\/ejornais.com.br\/index.php\/wp-json\/wp\/v2\/users\/2"}],"replies":[{"embeddable":true,"href":"https:\/\/ejornais.com.br\/index.php\/wp-json\/wp\/v2\/comments?post=27637"}],"version-history":[{"count":0,"href":"https:\/\/ejornais.com.br\/index.php\/wp-json\/wp\/v2\/posts\/27637\/revisions"}],"wp:attachment":[{"href":"https:\/\/ejornais.com.br\/index.php\/wp-json\/wp\/v2\/media?parent=27637"}],"wp:term":[{"taxonomy":"category","embeddable":true,"href":"https:\/\/ejornais.com.br\/index.php\/wp-json\/wp\/v2\/categories?post=27637"},{"taxonomy":"post_tag","embeddable":true,"href":"https:\/\/ejornais.com.br\/index.php\/wp-json\/wp\/v2\/tags?post=27637"}],"curies":[{"name":"wp","href":"https:\/\/api.w.org\/{rel}","templated":true}]}}