{"id":27639,"date":"2024-06-19T19:49:15","date_gmt":"2024-06-19T22:49:15","guid":{"rendered":"https:\/\/ejornais.com.br\/index.php\/2024\/06\/19\/agencia-minas-gerais-minas-gerais-sedia-encontro-nacional-do-comite-de-recuperacao-de-ativos\/"},"modified":"2024-06-19T19:49:15","modified_gmt":"2024-06-19T22:49:15","slug":"agencia-minas-gerais-minas-gerais-sedia-encontro-nacional-do-comite-de-recuperacao-de-ativos","status":"publish","type":"post","link":"https:\/\/ejornais.com.br\/index.php\/2024\/06\/19\/agencia-minas-gerais-minas-gerais-sedia-encontro-nacional-do-comite-de-recuperacao-de-ativos\/","title":{"rendered":"Ag\u00eancia Minas Gerais | Minas Gerais sedia encontro nacional do comit\u00ea de recupera\u00e7\u00e3o de ativos\u00a0"},"content":{"rendered":"<p><\/p>\n<div>\n<p>Aberto nesta quarta-feira (19\/6) em Belo Horizonte, o Encontro Nacional do Cira (Comit\u00ea Interinstitucional de Recupera\u00e7\u00e3o de Ativos) re\u00fane agentes do Fisco, de Minas Gerais e outros 18 estados, que atuam no combate \u00e0 sonega\u00e7\u00e3o fiscal e aos crimes contra a ordem tribut\u00e1ria.<\/p>\n<p>At\u00e9 a pr\u00f3xima sexta (21\/6), os servidores participam de pain\u00e9is tem\u00e1ticos que abordam t\u00e9cnicas de investiga\u00e7\u00e3o, fluxo de an\u00e1lises e gest\u00e3o da informa\u00e7\u00e3o, al\u00e9m de assuntos atuais, como reforma tribut\u00e1ria e intelig\u00eancia artificial sob a \u00f3tica dos integrantes do comit\u00ea e de especialistas.<\/p>\n<p>Durante a solenidade de abertura, no audit\u00f3rio da Faculdade de Direito da Universidade Federal de Minas Gerais (UFMG), o secret\u00e1rio de Estado de Fazenda de Minas Gerais (SEF\/MG), Luiz Claudio Gomes, observou a import\u00e2ncia de compartilhar com outros Estados o trabalho realizado nos 17 anos de exist\u00eancia do Cira mineiro.<\/p>\n<p>\u201cQueremos alcan\u00e7ar nacionalmente um outro grau de institucionalidade, pois estamos \u00e0s v\u00e9speras de um novo sistema tribut\u00e1rio que est\u00e1 se formando, e n\u00f3s temos que nos acostumar a repartir e integrar\u201d, disse o secret\u00e1rio, ao evidenciar a necessidade de aproveitar as experi\u00eancias de cada lugar, com suas respectivas iniciativas bem-sucedidas na preven\u00e7\u00e3o e repress\u00e3o \u00e0 sonega\u00e7\u00e3o fiscal e na recupera\u00e7\u00e3o de valores aos cofres p\u00fablicos.<\/p>\n<p><strong>Sobre o comit\u00ea<\/strong><\/p>\n<p>O Cira \u00e9 uma iniciativa de Minas Gerais, criada por decreto em 2007 e presidida pelo vice-governador mineiro.<\/p>\n<p>Ao longo de 17 anos, a atua\u00e7\u00e3o integrada dos \u00f3rg\u00e3os que comp\u00f5em o comit\u00ea em Minas \u2013 Receita Estadual, Minist\u00e9rio P\u00fablico de Minas Gerais (MPMG), Advocacia-Geral do Estado (AGE-MG), Tribunal de Justi\u00e7a de Minas Gerais (TJMG) e as pol\u00edcias Militar (PMMG) e Civil (PCMG) \u2013 inspirou outros 18 Estados, que implementaram estruturas semelhantes.<\/p>\n<p>\u00a0<\/p>\n<p>\u00a0<\/p>\n<\/p><\/div>\n","protected":false},"excerpt":{"rendered":"<p>Aberto nesta quarta-feira (19\/6) em Belo Horizonte, o Encontro Nacional do Cira (Comit\u00ea Interinstitucional de Recupera\u00e7\u00e3o de Ativos) re\u00fane agentes<\/p>\n","protected":false},"author":1,"featured_media":0,"comment_status":"","ping_status":"","sticky":false,"template":"","format":"standard","meta":{"colormag_page_container_layout":"default_layout","colormag_page_sidebar_layout":"default_layout","footnotes":""},"categories":[1],"tags":[],"class_list":["post-27639","post","type-post","status-publish","format-standard","hentry","category-ejornais"],"aioseo_notices":[],"amp_enabled":true,"_links":{"self":[{"href":"https:\/\/ejornais.com.br\/index.php\/wp-json\/wp\/v2\/posts\/27639","targetHints":{"allow":["GET"]}}],"collection":[{"href":"https:\/\/ejornais.com.br\/index.php\/wp-json\/wp\/v2\/posts"}],"about":[{"href":"https:\/\/ejornais.com.br\/index.php\/wp-json\/wp\/v2\/types\/post"}],"author":[{"embeddable":true,"href":"https:\/\/ejornais.com.br\/index.php\/wp-json\/wp\/v2\/users\/1"}],"replies":[{"embeddable":true,"href":"https:\/\/ejornais.com.br\/index.php\/wp-json\/wp\/v2\/comments?post=27639"}],"version-history":[{"count":0,"href":"https:\/\/ejornais.com.br\/index.php\/wp-json\/wp\/v2\/posts\/27639\/revisions"}],"wp:attachment":[{"href":"https:\/\/ejornais.com.br\/index.php\/wp-json\/wp\/v2\/media?parent=27639"}],"wp:term":[{"taxonomy":"category","embeddable":true,"href":"https:\/\/ejornais.com.br\/index.php\/wp-json\/wp\/v2\/categories?post=27639"},{"taxonomy":"post_tag","embeddable":true,"href":"https:\/\/ejornais.com.br\/index.php\/wp-json\/wp\/v2\/tags?post=27639"}],"curies":[{"name":"wp","href":"https:\/\/api.w.org\/{rel}","templated":true}]}}