{"id":27795,"date":"2024-06-21T15:52:19","date_gmt":"2024-06-21T18:52:19","guid":{"rendered":"https:\/\/ejornais.com.br\/index.php\/2024\/06\/21\/rodada-de-ia-no-parktec-cg-traz-solucoes-inovadoras-que-estao-transformando-o-mercado-cgnoticias\/"},"modified":"2024-06-21T15:52:19","modified_gmt":"2024-06-21T18:52:19","slug":"rodada-de-ia-no-parktec-cg-traz-solucoes-inovadoras-que-estao-transformando-o-mercado-cgnoticias","status":"publish","type":"post","link":"https:\/\/ejornais.com.br\/index.php\/2024\/06\/21\/rodada-de-ia-no-parktec-cg-traz-solucoes-inovadoras-que-estao-transformando-o-mercado-cgnoticias\/","title":{"rendered":"Rodada de IA no Parktec CG traz solu\u00e7\u00f5es inovadoras que est\u00e3o transformando o mercado \u2013 CGNot\u00edcias"},"content":{"rendered":"<p><\/p>\n<div>\n<p>O Parque Tecnol\u00f3gico de Campo Grande \u2013 Parktec CG em parceria com Sicredi Campo Grande e IPIIA-MS realizaram, na noite desta quinta-feira (20), a Rodada de IA para Neg\u00f3cios. O evento atraiu empreendedores, especialistas e entusiastas da tecnologia em um circuito de palestras e rodas de conversa que explorou as aplica\u00e7\u00f5es pr\u00e1ticas da IA em neg\u00f3cios de todos os tamanhos, destacando conceitos fundamentais das novas tecnologias como aliados estrat\u00e9gicos no mundo corporativo. A programa\u00e7\u00e3o foi gratuita e aberta ao p\u00fablico.<\/p>\n<p>A empres\u00e1ria Ana Leonilda, propriet\u00e1ria da My Robot School, aproveitou a oportunidade e compartilhou sua experi\u00eancia de sucesso com a IA para crescer o neg\u00f3cio. \u201cN\u00f3s somos uma escola especializada em rob\u00f3tica e programa\u00e7\u00e3o para crian\u00e7as a partir de 4 anos de idade, adolescentes e adultos. T\u00ednhamos um problema muito grande em rela\u00e7\u00e3o \u00e0 prospec\u00e7\u00e3o de clientes. Quando o cliente entrava em contato at\u00e9 termos o tempo necess\u00e1rio para conversar com ele j\u00e1 estava ocupado. A IA est\u00e1 24 horas, 7 dias por semana, atendendo. Adequamos as respostas e tivemos um aumento de 25 aulas agendadas por m\u00eas para, para 17 aulas experimentadas em um dia s\u00f3. Ent\u00e3o foi fant\u00e1stico o resultado\u201d, conta.<\/p>\n<p>Liderado por especialistas da Sicredi Campo Grande e do Instituto de Pesquisa e Inova\u00e7\u00e3o em Intelig\u00eancia Artificial de Mato Grosso do Sul \u2013 IPIIA MS, o evento contou com apresenta\u00e7\u00f5es nas quais os participantes tiveram a oportunidade de conhecer casos reais, como o de Ana Leonilda, que demonstraram a efic\u00e1cia das tecnologias na resolu\u00e7\u00e3o de desafios comuns enfrentados durante a jornada empreendedora.<\/p>\n<p>Os exemplos pr\u00e1ticos ilustraram como a IA j\u00e1 est\u00e1 sendo implementada com sucesso em diversos setores, transformando processos e otimizando opera\u00e7\u00f5es. O vice-presidente de rela\u00e7\u00f5es institucionais do IPIIA MS, Felipe Ribeiro Casanova, relatou como a tecnologia vem sendo usada nas empresas para melhorar a intera\u00e7\u00e3o, compreens\u00e3o e descoberta de decis\u00f5es.<\/p>\n<p>\u201cA IA oferece mais compreens\u00e3o para entender documentos, relat\u00f3rios e sentimentos. Temos um produto que \u00e9 a IA na educa\u00e7\u00e3o, para as escolas que consegue identificar o humor do aluno, consegue prevenir algo de ruim que possa acontecer com aquele aluno, podendo dar uma aten\u00e7\u00e3o maior, chamar equipe de acolhimento e verificar se est\u00e1 tendo um bullying, por exemplo, ou est\u00e1 acontecendo algo em casa\u201d, relatou.<\/p>\n<\/p>\n<p>J\u00e1 nos neg\u00f3cios, ele revelou que \u00e9 poss\u00edvel melhorar a produtividade com a mensura\u00e7\u00e3o de dados e informa\u00e7\u00f5es de uma base de dados, encontrando padr\u00f5es de tend\u00eancias que s\u00e3o dif\u00edceis de serem verificados.<\/p>\n<p>Para o coordenador do Parktec CG, Deivid Machado, o evento foi um sucesso. \u201cEnchemos a casa e atingimos o objetivo que \u00e9 proporcionar uma experi\u00eancia completa aos participantes, para que saiam daqui bem informados, preparados e motivados a explorar, em seus pr\u00f3prios neg\u00f3cios, os novos caminhos e possibilidades oferecidas pelas tecnologias emergentes\u201d.<\/p>\n<p>A Rodada de IA para Neg\u00f3cios no Parktec CG refor\u00e7ou o compromisso com um modelo de neg\u00f3cio cooperativista centrado no desenvolvimento sustent\u00e1vel conjunto, proporcionando n\u00e3o apenas um ambiente de aprendizado e troca de experi\u00eancias, mas tamb\u00e9m evidenciando como a intelig\u00eancia artificial j\u00e1 est\u00e1 moldando o futuro dos neg\u00f3cios.<\/p>\n<p><strong>Sobre o Parque Tecnol\u00f3gico de Campo Grande \u2013 Parktec CG<\/strong><\/p>\n<p>O Parktec CG tem o compromisso de impulsionar o desenvolvimento socioecon\u00f4mico do munic\u00edpio e seus arredores por meio da inova\u00e7\u00e3o tecnol\u00f3gica, do empreendedorismo e da economia criativa. Sua estrutura abrangente oferece suporte operacional para programas de acelera\u00e7\u00e3o e incuba\u00e7\u00e3o, eventos e treinamentos, facilitando a conex\u00e3o entre comunidade, empresas, universidades, entidades governamentais e institui\u00e7\u00f5es de pesquisa. Inaugurado pela Prefeitura Municipal de Campo Grande em 2023, com o objetivo de ser o polo tecnol\u00f3gico do Mato Grosso do Sul.<\/p>\n<p><strong>Servi\u00e7o<\/strong><\/p>\n<p>O Parktec CG est\u00e1 localizado na Avenida Rachid Neder, 760 \u2013 Monte Castelo, Campo Grande\/MS. Para mais informa\u00e7\u00f5es, visite o site\u00a0campogrande.ms.gov.br\/parkteccg\u00a0ou entre em contato pelo telefone (67) 99638-1911 ou e-mail\u00a0contato@parkteccg.com.br.<\/p>\n<\/div>\n<p><script async defer async defer src=\"https:\/\/connect.facebook.net\/en_US\/sdk.js?ver=1#xfbml=1&amp;version=v3.2\" id=\"prefeitura-campogrande-script-facebook-sdk-js\"><\/script><\/p>\n","protected":false},"excerpt":{"rendered":"<p>O Parque Tecnol\u00f3gico de Campo Grande \u2013 Parktec CG em parceria com Sicredi Campo Grande e IPIIA-MS realizaram, na noite<\/p>\n","protected":false},"author":1,"featured_media":0,"comment_status":"","ping_status":"","sticky":false,"template":"","format":"standard","meta":{"colormag_page_container_layout":"default_layout","colormag_page_sidebar_layout":"default_layout","footnotes":""},"categories":[],"tags":[],"class_list":["post-27795","post","type-post","status-publish","format-standard","hentry"],"aioseo_notices":[],"amp_enabled":true,"_links":{"self":[{"href":"https:\/\/ejornais.com.br\/index.php\/wp-json\/wp\/v2\/posts\/27795","targetHints":{"allow":["GET"]}}],"collection":[{"href":"https:\/\/ejornais.com.br\/index.php\/wp-json\/wp\/v2\/posts"}],"about":[{"href":"https:\/\/ejornais.com.br\/index.php\/wp-json\/wp\/v2\/types\/post"}],"author":[{"embeddable":true,"href":"https:\/\/ejornais.com.br\/index.php\/wp-json\/wp\/v2\/users\/1"}],"replies":[{"embeddable":true,"href":"https:\/\/ejornais.com.br\/index.php\/wp-json\/wp\/v2\/comments?post=27795"}],"version-history":[{"count":0,"href":"https:\/\/ejornais.com.br\/index.php\/wp-json\/wp\/v2\/posts\/27795\/revisions"}],"wp:attachment":[{"href":"https:\/\/ejornais.com.br\/index.php\/wp-json\/wp\/v2\/media?parent=27795"}],"wp:term":[{"taxonomy":"category","embeddable":true,"href":"https:\/\/ejornais.com.br\/index.php\/wp-json\/wp\/v2\/categories?post=27795"},{"taxonomy":"post_tag","embeddable":true,"href":"https:\/\/ejornais.com.br\/index.php\/wp-json\/wp\/v2\/tags?post=27795"}],"curies":[{"name":"wp","href":"https:\/\/api.w.org\/{rel}","templated":true}]}}